{"id":66537,"date":"2022-04-03T02:00:12","date_gmt":"2022-04-02T22:00:12","guid":{"rendered":"https:\/\/fedai.az\/?p=66537"},"modified":"2022-04-03T02:00:15","modified_gmt":"2022-04-02T22:00:15","slug":"qarabag-muharib%c9%99sind%c9%99-erm%c9%99nistan-putinin-z-ordusuna-aid-tanklardan-istifad%c9%99-edib","status":"publish","type":"post","link":"https:\/\/fedai.az\/?p=66537","title":{"rendered":"Qaraba\u011f m\u00fcharib\u0259sind\u0259 Erm\u0259nistan Putinin &#171;Z&#187; ordusuna aid tanklardan istifad\u0259 edib"},"content":{"rendered":"\n<p><strong>2020-ci ild\u0259\u00a0 Qaraba\u011f m\u00fcharib\u0259sind\u0259 Erm\u0259nistan\u0131n Putinin &#171;Z&#187; ordusuna aid tanklar\u0131ndan Az\u0259rbaycan q\u00fcvv\u0259l\u0259rin\u0259 qar\u015f\u0131 istifad\u0259 etdiyi iddia edilib.<\/strong><\/p>\n\n\n\n<p>F\u0259dai.az musavat.com-a istinad\u0259n x\u0259b\u0259r verir ki, bu bar\u0259d\u0259 T\u00fcrkiy\u0259 m\u0259tbuat\u0131 yaz\u0131b.<\/p>\n\n\n\n<figure class=\"wp-block-image size-large\"><img decoding=\"async\" src=\"https:\/\/fedai.az\/wp-content\/uploads\/2022\/04\/26ffc023ca9cc4573d469da0595bd0fbggggggg-1.jpg\" alt=\"\" class=\"wp-image-66538\"\/><\/figure>\n\n\n\n<p>2020-ci il sentyabr\u0131n 27-d\u0259 ba\u015flayan Qaraba\u011f m\u00fcharib\u0259si d\u00fcz 44 g\u00fcn davam edib. Az\u0259rbaycan ordusu Qaraba\u011f\u0131 i\u015f\u011faldan azad etm\u0259y\u0259 nail olub v\u0259 Rusiyan\u0131n vasit\u0259\u00e7iliyi il\u0259 2020-ci il noyabr\u0131n 10-da m\u00fcharib\u0259 ba\u015fa \u00e7at\u0131b. M\u00fcharib\u0259nin bitm\u0259sind\u0259n uzun zaman ke\u00e7s\u0259 d\u0259 Rusiyan\u0131n Ukraynaya h\u00fccumu il\u0259 ortaya m\u00fch\u00fcm bir detal \u00e7\u0131x\u0131b.<\/p>\n\n\n\n<p>Sosial \u015f\u0259b\u0259k\u0259l\u0259rd\u0259 \u0259ks olunan g\u00f6r\u00fcnt\u00fcl\u0259rd\u0259 b\u00f6lg\u0259d\u0259 qar\u015f\u0131durmalar\u0131n davam etdiyi bir vaxtda erm\u0259ni q\u00fcvv\u0259l\u0259rinin \u00fcz\u0259rind\u0259 &#171;Z&#187; h\u0259rfi olan tanklardan Az\u0259rbaycan ordusuna qar\u015f\u0131 istifad\u0259 etdiyi iddia edilib. \u0130ddialara g\u00f6r\u0259, Ukraynan\u0131n i\u015f\u011fal\u0131ndan \u0259vv\u0259l m\u0259nas\u0131 bilinm\u0259y\u0259n &#171;Z&#187; h\u0259rfi o g\u00fcnl\u0259rd\u0259 diqq\u0259td\u0259n yay\u0131n\u0131b.<\/p>\n\n\n\n<p>Qeyd ed\u0259k ki, V\u0259t\u0259n M\u00fcharib\u0259sind\u0259ki q\u0259l\u0259b\u0259d\u0259n sonra 10 dekabr 2020-ci ild\u0259 Azadl\u0131q Meydan\u0131nda Z\u0259f\u0259r parad\u0131 ke\u00e7irilmi\u015fdi. Paradda&nbsp; m\u00fcharib\u0259d\u0259 q\u0259nim\u0259t g\u00f6t\u00fcr\u00fclm\u00fc\u015f Erm\u0259nistan ordusuna m\u0259xsus texnikalar\u0131n bir qismi d\u0259 n\u00fcmayi\u015f etdirilmi\u015fdi. H\u0259min texnikalardan b\u0259zil\u0259rinin \u00fcz\u0259rind\u0259 d\u0259 &#171;Z&#187; h\u0259rfi var.<\/p>\n\n\n\n<p><strong>Z H\u018fRF\u0130N\u0130N M\u018fNASI N\u018fD\u0130R?<\/strong><\/p>\n\n\n\n<p>Rusiya-Ukrayna sava\u015f\u0131nda g\u00fcnd\u0259m\u0259 g\u0259l\u0259n &#171;Z&#187; h\u0259rfinin m\u0259nas\u0131 il\u0259 ba\u011fl\u0131 \u00e7oxlu iddialar ir\u0259li s\u00fcr\u00fcl\u00fcb. Bu iddialardan \u0259n \u00f6n\u0259mlisi m\u00fcharib\u0259 zaman\u0131 dost at\u0259\u015finin qar\u015f\u0131s\u0131n\u0131 almaq \u00fc\u00e7\u00fcn tanklar\u0131n \u00fcz\u0259rin\u0259 &#171;Z&#187; h\u0259rfinin \u00e7\u0259kildiyidir. Q\u0259bul edil\u0259n dig\u0259r iddia is\u0259 rus ordusunun \u015f\u0259rq v\u0259 q\u0259rb olmaqla iki yer\u0259 b\u00f6l\u00fcnm\u0259sidir. \u00d6lk\u0259nin q\u0259rb b\u00f6lg\u0259sind\u0259ki q\u00fcvv\u0259l\u0259r \u00fc\u00e7\u00fcn &#171;Z&#187; h\u0259rfi, \u015f\u0259rq b\u00f6lg\u0259sind\u0259 xidm\u0259t ed\u0259n \u0259sg\u0259rl\u0259r \u00fc\u00e7\u00fcn is\u0259 &#171;V&#187; h\u0259rfi istifad\u0259 olunur. Q\u0259rb H\u0259rbi Dair\u0259si (\u0417\u0430\u043f\u0430\u0434\u043d\u044b\u0439 \u0432\u043e\u0435\u043d\u043d\u044b\u0439 \u043e\u043a\u0440\u0443\u0433) adlan\u0131r. Bu s\u00f6z\u00fcn abbreviaturas\u0131 &#171;\u0417\u0412\u041e&#187; v\u0259 ya lat\u0131n h\u0259rfl\u0259rind\u0259ki &#171;ZVO&#187; kimi yaz\u0131l\u0131r. Bu s\u0259b\u0259bd\u0259n Q\u0259rb H\u0259rbi Dair\u0259sinin texnikas\u0131 \u00fcz\u0259rind\u0259 &#171;Z&#187; h\u0259rfi qeyd olunur.<\/p>\n","protected":false},"excerpt":{"rendered":"<p>2020-ci ild\u0259\u00a0 Qaraba\u011f m\u00fcharib\u0259sind\u0259 Erm\u0259nistan\u0131n Putinin &#171;Z&#187; ordusuna aid tanklar\u0131ndan Az\u0259rbaycan q\u00fcvv\u0259l\u0259rin\u0259 qar\u015f\u0131 istifad\u0259 etdiyi iddia edilib. F\u0259dai.az musavat.com-a istinad\u0259n x\u0259b\u0259r verir ki, bu<\/p>\n","protected":false},"author":2,"featured_media":0,"comment_status":"closed","ping_status":"closed","sticky":false,"template":"","format":"standard","meta":{"footnotes":""},"categories":[4],"tags":[],"class_list":["post-66537","post","type-post","status-publish","format-standard","hentry","category-qarabag"],"aioseo_notices":[],"_links":{"self":[{"href":"https:\/\/fedai.az\/index.php?rest_route=\/wp\/v2\/posts\/66537","targetHints":{"allow":["GET"]}}],"collection":[{"href":"https:\/\/fedai.az\/index.php?rest_route=\/wp\/v2\/posts"}],"about":[{"href":"https:\/\/fedai.az\/index.php?rest_route=\/wp\/v2\/types\/post"}],"author":[{"embeddable":true,"href":"https:\/\/fedai.az\/index.php?rest_route=\/wp\/v2\/users\/2"}],"replies":[{"embeddable":true,"href":"https:\/\/fedai.az\/index.php?rest_route=%2Fwp%2Fv2%2Fcomments&post=66537"}],"version-history":[{"count":1,"href":"https:\/\/fedai.az\/index.php?rest_route=\/wp\/v2\/posts\/66537\/revisions"}],"predecessor-version":[{"id":66540,"href":"https:\/\/fedai.az\/index.php?rest_route=\/wp\/v2\/posts\/66537\/revisions\/66540"}],"wp:attachment":[{"href":"https:\/\/fedai.az\/index.php?rest_route=%2Fwp%2Fv2%2Fmedia&parent=66537"}],"wp:term":[{"taxonomy":"category","embeddable":true,"href":"https:\/\/fedai.az\/index.php?rest_route=%2Fwp%2Fv2%2Fcategories&post=66537"},{"taxonomy":"post_tag","embeddable":true,"href":"https:\/\/fedai.az\/index.php?rest_route=%2Fwp%2Fv2%2Ftags&post=66537"}],"curies":[{"name":"wp","href":"https:\/\/api.w.org\/{rel}","templated":true}]}}