{"id":66541,"date":"2022-04-03T02:04:52","date_gmt":"2022-04-02T22:04:52","guid":{"rendered":"https:\/\/fedai.az\/?p=66541"},"modified":"2022-04-03T02:04:55","modified_gmt":"2022-04-02T22:04:55","slug":"%c9%99rdogan-ukraynadaki-hadis%c9%99l%c9%99ri-suriya-faci%c9%99sin%c9%99-b%c9%99nz%c9%99dib","status":"publish","type":"post","link":"https:\/\/fedai.az\/?p=66541","title":{"rendered":"\u018frdo\u011fan Ukraynadak\u0131 hadis\u0259l\u0259ri Suriya faci\u0259sin\u0259 b\u0259nz\u0259dib"},"content":{"rendered":"\n<p><strong>H\u0259r ikisi il\u0259 humanitar, siyasi, iqtisadi v\u0259 tarixi \u0259laq\u0259l\u0259rimiz olan Rusiya v\u0259 Ukrayna aras\u0131ndak\u0131 m\u00fcharib\u0259ni bir an \u0259vv\u0259l dayand\u0131rmaq \u00fc\u00e7\u00fcn s\u0259yl\u0259rimizi davam etdiririk.<\/strong><\/p>\n\n\n\n<p>Bu bar\u0259d\u0259 T\u00fcrkiy\u0259 Prezidenti R\u0259c\u0259b Tayyib \u018frdo\u011fan bildirib.<\/p>\n\n\n\n<p>O, enerji sah\u0259sind\u0259n qidaya q\u0259d\u0259r bir \u00e7ox sah\u0259d\u0259 d\u00fcnyada v\u0259 T\u00fcrkiy\u0259d\u0259 t\u0259siri hiss olunan m\u00fcharib\u0259nin ba\u015fa \u00e7atmas\u0131n\u0131 ist\u0259diyini qeyd edib. \u018frdo\u011fan\u0131n s\u00f6zl\u0259rin\u0259 g\u00f6r\u0259, daha \u0259vv\u0259l Suriyada ba\u015f ver\u0259n humanitar faci\u0259nin b\u0259nz\u0259ri indi Ukraynada t\u0259krarlan\u0131r.<\/p>\n\n\n\n<p>M\u0259nb\u0259: Gundem.az<\/p>\n","protected":false},"excerpt":{"rendered":"<p>H\u0259r ikisi il\u0259 humanitar, siyasi, iqtisadi v\u0259 tarixi \u0259laq\u0259l\u0259rimiz olan Rusiya v\u0259 Ukrayna aras\u0131ndak\u0131 m\u00fcharib\u0259ni bir an \u0259vv\u0259l dayand\u0131rmaq \u00fc\u00e7\u00fcn s\u0259yl\u0259rimizi davam etdiririk. Bu<\/p>\n","protected":false},"author":2,"featured_media":0,"comment_status":"closed","ping_status":"closed","sticky":false,"template":"","format":"standard","meta":{"footnotes":""},"categories":[1],"tags":[],"class_list":["post-66541","post","type-post","status-publish","format-standard","hentry","category-siyast"],"aioseo_notices":[],"_links":{"self":[{"href":"https:\/\/fedai.az\/index.php?rest_route=\/wp\/v2\/posts\/66541","targetHints":{"allow":["GET"]}}],"collection":[{"href":"https:\/\/fedai.az\/index.php?rest_route=\/wp\/v2\/posts"}],"about":[{"href":"https:\/\/fedai.az\/index.php?rest_route=\/wp\/v2\/types\/post"}],"author":[{"embeddable":true,"href":"https:\/\/fedai.az\/index.php?rest_route=\/wp\/v2\/users\/2"}],"replies":[{"embeddable":true,"href":"https:\/\/fedai.az\/index.php?rest_route=%2Fwp%2Fv2%2Fcomments&post=66541"}],"version-history":[{"count":1,"href":"https:\/\/fedai.az\/index.php?rest_route=\/wp\/v2\/posts\/66541\/revisions"}],"predecessor-version":[{"id":66543,"href":"https:\/\/fedai.az\/index.php?rest_route=\/wp\/v2\/posts\/66541\/revisions\/66543"}],"wp:attachment":[{"href":"https:\/\/fedai.az\/index.php?rest_route=%2Fwp%2Fv2%2Fmedia&parent=66541"}],"wp:term":[{"taxonomy":"category","embeddable":true,"href":"https:\/\/fedai.az\/index.php?rest_route=%2Fwp%2Fv2%2Fcategories&post=66541"},{"taxonomy":"post_tag","embeddable":true,"href":"https:\/\/fedai.az\/index.php?rest_route=%2Fwp%2Fv2%2Ftags&post=66541"}],"curies":[{"name":"wp","href":"https:\/\/api.w.org\/{rel}","templated":true}]}}