{"id":67258,"date":"2022-04-11T11:32:53","date_gmt":"2022-04-11T07:32:53","guid":{"rendered":"https:\/\/fedai.az\/?p=67258"},"modified":"2022-04-11T14:34:07","modified_gmt":"2022-04-11T10:34:07","slug":"ramzan-kadirovun-tiktok-ordusu-v%c9%99-feyk-doyusl%c9%99ri","status":"publish","type":"post","link":"https:\/\/fedai.az\/?p=67258","title":{"rendered":"Ramzan Kad\u0131rovun &#171;tiktok ordusu&#187; v\u0259 feyk d\u00f6y\u00fc\u015fl\u0259ri"},"content":{"rendered":"\n<p><strong>Ukraynan\u0131n Donetsk vilay\u0259tind\u0259 Suriyan\u0131n dinc \u0259halisin\u0259 qar\u015f\u0131 q\u0131r\u011f\u0131nlar\u0131n \u00e7oxlu i\u015ftirak\u00e7\u0131lar\u0131n\u0131n oldu\u011fu \u00e7e\u00e7en i\u015f\u011fal\u00e7\u0131lar\u0131n\u0131n b\u00f6lm\u0259si l\u0259\u011fv edilib.<\/strong><\/p>\n\n\n\n<p><strong>\u00a0<\/strong>UN\u0130AN x\u0259b\u0259r verir ki, bu bar\u0259d\u0259 Ukrayna Silahl\u0131 Q\u00fcvv\u0259l\u0259rinin X\u00fcsusi \u018fm\u0259liyyat Q\u00fcvv\u0259l\u0259ri Komandanl\u0131\u011f\u0131 m\u0259lumat yay\u0131b.<\/p>\n\n\n\n<p>Qeyd olunur ki, c\u0259nub h\u0259rbi dair\u0259sinin 58-ci ordusunun 42-ci motoat\u0131c\u0131 diviziyas\u0131n\u0131n 70-ci motoat\u0131c\u0131 alay\u0131n\u0131n 1-ci tabor taktiki qrupunun \u0259sg\u0259rl\u0259ri m\u0259hv edilib. Eyni zamanda bildirilir ki, bu b\u00f6lm\u0259nin yerl\u0259\u015fdiyi yer \u00c7e\u00e7enistan\u0131n \u015eali \u015f\u0259h\u0259ridir.<\/p>\n\n\n\n<p>&#171;Onlar\u0131n par\u00e7alanm\u0131\u015f c\u0259s\u0259dl\u0259rinin bu qalaqlar\u0131 Ukrayna M\u00fcdafi\u0259 Q\u00fcvv\u0259l\u0259rinin \u0259sg\u0259rl\u0259rinin Donetsk vilay\u0259tinin bir s\u0131ra ya\u015fay\u0131\u015f m\u0259nt\u0259q\u0259l\u0259rin\u0259 h\u00fccumu zaman\u0131 m\u0259hv etdikl\u0259ri batalyon-taktiki qrupun yaln\u0131z bir hiss\u0259sidir&#187;, &#8212; dey\u0259 d\u00f6y\u00fc\u015f meydan\u0131ndan fotonun yer ald\u0131\u011f\u0131 m\u0259lumatda bildirilir.<\/p>\n\n\n\n<figure class=\"wp-block-image size-large is-resized\"><img loading=\"lazy\" decoding=\"async\" src=\"https:\/\/fedai.az\/wp-content\/uploads\/2022\/04\/164394_6253d0065b12b.jpg\" alt=\"\" class=\"wp-image-67268\" width=\"895\" height=\"507\"\/><\/figure>\n\n\n\n<p><strong>Art\u0131q bo\u015f olan yanm\u0131\u015f binalar\u0131n v\u0259 qaraj qap\u0131s\u0131n\u0131n at\u0259\u015f\u0259 tutulmas\u0131, Belarusda \u00e7\u0259kilmi\u015f &#171;Ukraynadan&#187; foto\u015f\u0259kill\u0259r, Ukrayna adlar\u0131 olan \u00e7e\u00e7en humanitar yard\u0131m\u0131 v\u0259 \u015f\u0259h\u0259rin k\u0259nar\u0131ndak\u0131 parkda lent\u0259 al\u0131nan &#171;Mariupolun tutulmas\u0131&#187; &#8212; tama\u015falar\u0131 t\u0259hlil edirik v\u0259 \u00e7e\u00e7en \u0259sg\u0259rl\u0259rinin videolar\u0131nda feykl\u0259ri t\u0259qdim edirik.<\/strong><\/p>\n\n\n\n<figure class=\"wp-block-embed is-type-video is-provider-youtube wp-block-embed-youtube wp-embed-aspect-4-3 wp-has-aspect-ratio\"><div class=\"wp-block-embed__wrapper\">\n<iframe loading=\"lazy\" title=\"\u0422\u0438\u043a\u0422\u043e\u043a-\u0432\u043e\u0439\u0441\u043a\u0430 \u0420\u0430\u043c\u0437\u0430\u043d\u0430 \u041a\u0430\u0434\u044b\u0440\u043e\u0432\u0430\" width=\"715\" height=\"536\" src=\"https:\/\/www.youtube.com\/embed\/kw2mAQcUAx0?feature=oembed\" frameborder=\"0\" allow=\"accelerometer; autoplay; clipboard-write; encrypted-media; gyroscope; picture-in-picture\" allowfullscreen><\/iframe>\n<\/div><\/figure>\n","protected":false},"excerpt":{"rendered":"<p>Ukraynan\u0131n Donetsk vilay\u0259tind\u0259 Suriyan\u0131n dinc \u0259halisin\u0259 qar\u015f\u0131 q\u0131r\u011f\u0131nlar\u0131n \u00e7oxlu i\u015ftirak\u00e7\u0131lar\u0131n\u0131n oldu\u011fu \u00e7e\u00e7en i\u015f\u011fal\u00e7\u0131lar\u0131n\u0131n b\u00f6lm\u0259si l\u0259\u011fv edilib. \u00a0UN\u0130AN x\u0259b\u0259r verir ki, bu bar\u0259d\u0259 Ukrayna Silahl\u0131<\/p>\n","protected":false},"author":2,"featured_media":0,"comment_status":"closed","ping_status":"closed","sticky":false,"template":"","format":"standard","meta":{"footnotes":""},"categories":[15],"tags":[],"class_list":["post-67258","post","type-post","status-publish","format-standard","hentry","category-atmaca"],"aioseo_notices":[],"_links":{"self":[{"href":"https:\/\/fedai.az\/index.php?rest_route=\/wp\/v2\/posts\/67258","targetHints":{"allow":["GET"]}}],"collection":[{"href":"https:\/\/fedai.az\/index.php?rest_route=\/wp\/v2\/posts"}],"about":[{"href":"https:\/\/fedai.az\/index.php?rest_route=\/wp\/v2\/types\/post"}],"author":[{"embeddable":true,"href":"https:\/\/fedai.az\/index.php?rest_route=\/wp\/v2\/users\/2"}],"replies":[{"embeddable":true,"href":"https:\/\/fedai.az\/index.php?rest_route=%2Fwp%2Fv2%2Fcomments&post=67258"}],"version-history":[{"count":2,"href":"https:\/\/fedai.az\/index.php?rest_route=\/wp\/v2\/posts\/67258\/revisions"}],"predecessor-version":[{"id":67269,"href":"https:\/\/fedai.az\/index.php?rest_route=\/wp\/v2\/posts\/67258\/revisions\/67269"}],"wp:attachment":[{"href":"https:\/\/fedai.az\/index.php?rest_route=%2Fwp%2Fv2%2Fmedia&parent=67258"}],"wp:term":[{"taxonomy":"category","embeddable":true,"href":"https:\/\/fedai.az\/index.php?rest_route=%2Fwp%2Fv2%2Fcategories&post=67258"},{"taxonomy":"post_tag","embeddable":true,"href":"https:\/\/fedai.az\/index.php?rest_route=%2Fwp%2Fv2%2Ftags&post=67258"}],"curies":[{"name":"wp","href":"https:\/\/api.w.org\/{rel}","templated":true}]}}