{"id":7244,"date":"2020-06-06T02:39:58","date_gmt":"2020-06-05T22:39:58","guid":{"rendered":"http:\/\/fedai.az\/?p=7244"},"modified":"2020-06-06T02:40:04","modified_gmt":"2020-06-05T22:40:04","slug":"iran-televiziyasinda-az%c9%99rbaycanin-%c9%99la-nov-pendir-brendin%c9%99-t%c9%99xribat-etirazla-qarsilanib-video","status":"publish","type":"post","link":"https:\/\/fedai.az\/?p=7244","title":{"rendered":"\u0130ran televiziyas\u0131nda Az\u0259rbaycan\u0131n \u0259la n\u00f6v pendir brendin\u0259 t\u0259xribat etirazla qar\u015f\u0131lan\u0131b- Video"},"content":{"rendered":"\n<p>GADTB-nin M\u0259tbuat M\u0259rk\u0259zin\u0259 daxil olan m\u0259lumata g\u00f6r\u0259, irq\u00e7i fars-molla rejiminin d\u00f6vl\u0259t televiziyas\u0131nda T\u0259brizin tan\u0131nm\u0131\u015f Liqvan pendir brendin\u0259 qar\u015f\u0131 t\u0259xribat G\u00fcney Az\u0259rbaycan \u015f\u0259h\u0259rl\u0259rind\u0259 etiraza s\u0259b\u0259b olub.<\/p>\n\n\n\n<p>Az\u0259rbaycanl\u0131lar v\u0259 Az\u0259rbaycan \u015f\u0259h\u0259rl\u0259rind\u0259ki ma\u011fzalar t\u0259xribata al\u0259t olan Mih\u0259n A\u011fart\u0131 \u015eirk\u0259tinin m\u0259hsullar\u0131n\u0131 boykot edibl\u0259r.<\/p>\n\n\n\n<p>Qeyd ed\u0259k ki, \u0130ran\u0131n \u201cKanal 1\u201d telekanal\u0131nda yay\u0131mlanan \u201cD\u0259stpoxt\u201d proqram\u0131n\u0131n apar\u0131c\u0131s\u0131 \u201cLiqvan\u201d pendirinin istehsal\u0131 prosesind\u0259 sanitariya normalara \u0259m\u0259l edilm\u0259diyini iddia ed\u0259r\u0259k, izl\u0259yicil\u0259ri Az\u0259rbaycan pendiri \u0259v\u0259zin\u0259 Tehranda istehsal olunan Mih\u0259n pendirini alma\u011fa \u00e7a\u011f\u0131r\u0131b.<\/p>\n\n\n\n<p>\u0130rq\u00e7ilik olan v\u0259 eyni zamanda he\u00e7 bir reklam qaydalar\u0131na uy\u011fun olmayan bu h\u0259r\u0259k\u0259t haql\u0131 olaraq Az\u0259rbaycan t\u00fcrkl\u0259rinin etiraz\u0131na s\u0259b\u0259b olub. Art\u0131q Mih\u0259n A\u011fart\u0131 \u015eirk\u0259tinin m\u0259hsullar\u0131 Az\u0259rbaycanda boykot edilib.<\/p>\n\n\n\n<figure class=\"wp-block-embed-facebook wp-block-embed is-type-video is-provider-facebook\"><div class=\"wp-block-embed__wrapper\">\n<div id=\"fb-root\"><\/div><script async=\"1\" defer=\"1\" crossorigin=\"anonymous\" src=\"https:\/\/connect.facebook.net\/az_AZ\/sdk.js#xfbml=1&amp;version=v7.0\"><\/script><div class=\"fb-video\" data-href=\"https:\/\/www.facebook.com\/100016032637917\/videos\/711190672758681\/?t=0\" data-width=\"715\"><blockquote cite=\"https:\/\/www.facebook.com\/100016032637917\/videos\/711190672758681\/\" class=\"fb-xfbml-parse-ignore\"><a href=\"https:\/\/www.facebook.com\/100016032637917\/videos\/711190672758681\/\"><\/a><p>Rejimin televiziyas\u0131 \u0259la n\u00f6v Az\u0259rbaycan pendirini t\u0259xribatla g\u00f6zd\u0259n salma\u011fa \u00e7al\u0131\u015f\u0131r<\/p>Posted by <a href=\"https:\/\/www.facebook.com\/people\/Ali-Huseyn\/100016032637917\">Ali Huseyn<\/a> on 4 \u0130yun 2020, C\u00fcm\u0259 ax\u015fam\u0131<\/blockquote><\/div>\n<\/div><\/figure>\n\n\n\n<p><video height=\"411\" width=\"618\" preload=\"metadata\" src=\"blob:https:\/\/www.facebook.com\/7e9f703d-585f-4712-aa3a-d28084c35efe\"><\/video><\/p>\n","protected":false},"excerpt":{"rendered":"<p>GADTB-nin M\u0259tbuat M\u0259rk\u0259zin\u0259 daxil olan m\u0259lumata g\u00f6r\u0259, irq\u00e7i fars-molla rejiminin d\u00f6vl\u0259t televiziyas\u0131nda T\u0259brizin tan\u0131nm\u0131\u015f Liqvan pendir brendin\u0259 qar\u015f\u0131 t\u0259xribat G\u00fcney Az\u0259rbaycan \u015f\u0259h\u0259rl\u0259rind\u0259 etiraza s\u0259b\u0259b<\/p>\n","protected":false},"author":2,"featured_media":0,"comment_status":"closed","ping_status":"closed","sticky":false,"template":"","format":"standard","meta":{"footnotes":""},"categories":[15],"tags":[],"class_list":["post-7244","post","type-post","status-publish","format-standard","hentry","category-atmaca"],"aioseo_notices":[],"_links":{"self":[{"href":"https:\/\/fedai.az\/index.php?rest_route=\/wp\/v2\/posts\/7244","targetHints":{"allow":["GET"]}}],"collection":[{"href":"https:\/\/fedai.az\/index.php?rest_route=\/wp\/v2\/posts"}],"about":[{"href":"https:\/\/fedai.az\/index.php?rest_route=\/wp\/v2\/types\/post"}],"author":[{"embeddable":true,"href":"https:\/\/fedai.az\/index.php?rest_route=\/wp\/v2\/users\/2"}],"replies":[{"embeddable":true,"href":"https:\/\/fedai.az\/index.php?rest_route=%2Fwp%2Fv2%2Fcomments&post=7244"}],"version-history":[{"count":1,"href":"https:\/\/fedai.az\/index.php?rest_route=\/wp\/v2\/posts\/7244\/revisions"}],"predecessor-version":[{"id":7246,"href":"https:\/\/fedai.az\/index.php?rest_route=\/wp\/v2\/posts\/7244\/revisions\/7246"}],"wp:attachment":[{"href":"https:\/\/fedai.az\/index.php?rest_route=%2Fwp%2Fv2%2Fmedia&parent=7244"}],"wp:term":[{"taxonomy":"category","embeddable":true,"href":"https:\/\/fedai.az\/index.php?rest_route=%2Fwp%2Fv2%2Fcategories&post=7244"},{"taxonomy":"post_tag","embeddable":true,"href":"https:\/\/fedai.az\/index.php?rest_route=%2Fwp%2Fv2%2Ftags&post=7244"}],"curies":[{"name":"wp","href":"https:\/\/api.w.org\/{rel}","templated":true}]}}