{"id":7247,"date":"2020-06-06T02:59:08","date_gmt":"2020-06-05T22:59:08","guid":{"rendered":"http:\/\/fedai.az\/?p=7247"},"modified":"2020-06-06T20:06:54","modified_gmt":"2020-06-06T16:06:54","slug":"az%c9%99rbaycanli-xakerl%c9%99r-erm%c9%99nil%c9%99ri-t%c9%99svis%c9%99-salmaqdadirlar","status":"publish","type":"post","link":"https:\/\/fedai.az\/?p=7247","title":{"rendered":"Az\u0259rbaycanl\u0131 xakerl\u0259r erm\u0259nil\u0259ri t\u0259\u015fvi\u015f\u0259 salmaqdad\u0131rlar"},"content":{"rendered":"\n<p><strong>Az\u0259rbaycanl\u0131 xakerl\u0259r, x\u00fcsus\u0259n d\u0259 Anti-armeniya Team qrupu erm\u0259nil\u0259ri t\u0259\u015fvi\u015f\u0259 salmaqdad\u0131rlar.<\/strong><\/p>\n\n\n\n<p>Erm\u0259ni sayt\u0131 &#171;Erkramas&#187;, &#171;\u0427\u0435\u043c \u0436\u0435 \u0437\u0430\u043d\u044f\u0442\u043e \u0421\u041d\u0411?&#187; adl\u0131 yaz\u0131da bildirmi\u015fdi (19.10.2019): &#171;Az\u0259rbaycanl\u0131 xakerl\u0259r Erm\u0259nistan Ba\u015f nazirinin sayt\u0131n\u0131 da\u011f\u0131d\u0131b v\u0259 Az\u0259rbaycan Prezidenti \u0130lham \u018fliyevin Valday-2019 forumundak\u0131 nitqinin videosunu y\u00fckl\u0259yibl\u0259r.<\/p>\n\n\n\n<p>Hack n\u0259tic\u0259sind\u0259 xakerl\u0259r \u0130lham \u018fliyevin Valday-2019 forumundak\u0131 \u00e7\u0131x\u0131\u015f\u0131n\u0131 yay\u0131nlay\u0131blar.<\/p>\n\n\n\n<p>Yaln\u0131z 2 saatdan \u00e7ox sonra sayt b\u0259rpa edilib.&#187;<\/p>\n\n\n\n<p>&#171;<strong>\u041d\u043e\u0432\u043e\u0441\u0442\u0438 \u0410\u0440\u043c\u0435\u043d\u0438\u0438 &#8212; NEWS.am&#187;, Panorama.am v\u0259 Aysor.am<\/strong> saytlar\u0131 is\u0259, (20.03.2020) bizim xakerl\u0259rin yayd\u0131\u011f\u0131 dezinformasiyalardan qorunmaq yollar\u0131n\u0131 t\u00f6vsiyy\u0259 ed\u0259n yaz\u0131 d\u0259rc edib: &#171;Koronavirusun yay\u0131lmas\u0131 il\u0259 \u0259laq\u0259dar m\u00fcxt\u0259lif probleml\u0259rin h\u0259llin\u0259 y\u00f6n\u0259ldilmi\u015f profilaktik t\u0259dbirl\u0259r \u00e7\u0259r\u00e7iv\u0259sind\u0259 Erm\u0259nistan\u0131n Milli T\u0259hl\u00fck\u0259sizlik Xidm\u0259ti qanuna uy\u011fun olaraq g\u00fcnd\u0259lik informasiya m\u0259kanlar\u0131nda v\u0259 sosial \u015f\u0259b\u0259k\u0259l\u0259rd\u0259 yay\u0131lan x\u0259b\u0259rl\u0259ri izl\u0259yir.<\/p>\n\n\n\n<p>MTX-nin m\u0259tbuat xidm\u0259tind\u0259n veril\u0259n m\u0259lumata g\u00f6r\u0259, sosial \u015f\u0259b\u0259k\u0259l\u0259rd\u0259 qeydiyyata al\u0131nm\u0131\u015f istifad\u0259\u00e7il\u0259rin Erm\u0259nistanda uydurma koronavirus hadis\u0259l\u0259ri bar\u0259d\u0259 yanl\u0131\u015f m\u0259lumatlar yayanlar\u0131 a\u015fkar edib.<\/p>\n\n\n\n<p>T\u0259dqiqat n\u0259tic\u0259sind\u0259 m\u00fc\u0259yy\u0259n edilmi\u015fdir ki, Az\u0259rbaycan Respublikas\u0131ndan olan xakerl\u0259r ayr\u0131-ayr\u0131 erm\u0259ni istifad\u0259\u00e7il\u0259rinin s\u0259hif\u0259l\u0259rini da\u011f\u0131d\u0131b, yanl\u0131\u015f m\u0259lumatlar yay\u0131rlar.<\/p>\n\n\n\n<p>Erm\u0259nistan Milli T\u0259hl\u00fck\u0259sizlik Xidm\u0259ti, sosial \u015f\u0259b\u0259k\u0259 istifad\u0259\u00e7il\u0259rini, hesablar\u0131 il\u0259 ba\u011fl\u0131 t\u0259hl\u00fck\u0259sizlik qaydalar\u0131na \u0259m\u0259l olunmas\u0131na n\u0259zar\u0259t etm\u0259y\u0259 v\u0259 xalq\u0131 yaln\u0131z r\u0259smi m\u0259nb\u0259l\u0259rd\u0259n g\u0259l\u0259n x\u0259b\u0259rl\u0259r\u0259 etibar etm\u0259y\u0259 \u00e7a\u011f\u0131r\u0131b&#187;.<\/p>\n\n\n\n<p><strong>Ba\u015fqa bir qrup is\u0259 Tal\u0131\u015f qarda\u015flar\u0131m\u0131z\u0131n ad\u0131ndan istifad\u0259 edib separat\u00e7\u0131l\u0131qla m\u0259\u015f\u011ful olan erm\u0259ni Zabilin profilind\u0259 d\u0259 d\u00fcz\u0259li\u015f edibl\u0259r. \u018fll\u0259rin\u0259 sa\u011fl\u0131q.<\/strong><\/p>\n\n\n\n<p><strong>E. S\u0259lim<\/strong><\/p>\n\n\n\n<figure class=\"wp-block-image\"><img decoding=\"async\" src=\"https:\/\/scontent.fgyd4-2.fna.fbcdn.net\/v\/t1.0-9\/102322346_1008802002868356_8486324826724151105_n.png?_nc_cat=111&amp;_nc_sid=8024bb&amp;_nc_ohc=W0QObeoWvZ0AX-KHMjs&amp;_nc_ht=scontent.fgyd4-2.fna&amp;oh=16696f8f78147197a7926157c28b6df9&amp;oe=5EFEF462\" alt=\"\u041d\u0430 \u0438\u0437\u043e\u0431\u0440\u0430\u0436\u0435\u043d\u0438\u0438 \u043c\u043e\u0436\u0435\u0442 \u043d\u0430\u0445\u043e\u0434\u0438\u0442\u044c\u0441\u044f: 1 \u0447\u0435\u043b\u043e\u0432\u0435\u043a\"\/><\/figure>\n\n\n\n<figure class=\"wp-block-image\"><img decoding=\"async\" src=\"https:\/\/scontent.fgyd4-2.fna.fbcdn.net\/v\/t1.0-9\/101745720_1008802259534997_2059027824556195326_n.png?_nc_cat=106&amp;_nc_sid=8024bb&amp;_nc_ohc=KV8WY7DsMDcAX_OAKXk&amp;_nc_ht=scontent.fgyd4-2.fna&amp;oh=12f44661a6309bed92ad2941308410bc&amp;oe=5F02053E\" alt=\"\u041d\u0430 \u0438\u0437\u043e\u0431\u0440\u0430\u0436\u0435\u043d\u0438\u0438 \u043c\u043e\u0436\u0435\u0442 \u043d\u0430\u0445\u043e\u0434\u0438\u0442\u044c\u0441\u044f: \u0442\u0435\u043a\u0441\u0442\"\/><\/figure>\n\n\n\n<figure class=\"wp-block-image\"><img decoding=\"async\" src=\"https:\/\/scontent.fgyd4-2.fna.fbcdn.net\/v\/t1.0-9\/s960x960\/96535627_529414561075062_6316920328522039296_o.jpg?_nc_cat=100&amp;_nc_sid=110474&amp;_nc_ohc=Sks1SZ1stu8AX-XBVrE&amp;_nc_ht=scontent.fgyd4-2.fna&amp;_nc_tp=7&amp;oh=fa18a3a76830bfa1b820fe6f011e2f70&amp;oe=5EFF6C92\" alt=\"\u041d\u0430 \u0438\u0437\u043e\u0431\u0440\u0430\u0436\u0435\u043d\u0438\u0438 \u043c\u043e\u0436\u0435\u0442 \u043d\u0430\u0445\u043e\u0434\u0438\u0442\u044c\u0441\u044f: 1 \u0447\u0435\u043b\u043e\u0432\u0435\u043a, \u0442\u0435\u043a\u0441\u0442\"\/><\/figure>\n","protected":false},"excerpt":{"rendered":"<p>Az\u0259rbaycanl\u0131 xakerl\u0259r, x\u00fcsus\u0259n d\u0259 Anti-armeniya Team qrupu erm\u0259nil\u0259ri t\u0259\u015fvi\u015f\u0259 salmaqdad\u0131rlar. Erm\u0259ni sayt\u0131 &#171;Erkramas&#187;, &#171;\u0427\u0435\u043c \u0436\u0435 \u0437\u0430\u043d\u044f\u0442\u043e \u0421\u041d\u0411?&#187; adl\u0131 yaz\u0131da bildirmi\u015fdi (19.10.2019): &#171;Az\u0259rbaycanl\u0131 xakerl\u0259r Erm\u0259nistan<\/p>\n","protected":false},"author":2,"featured_media":0,"comment_status":"closed","ping_status":"closed","sticky":false,"template":"","format":"standard","meta":{"footnotes":""},"categories":[4],"tags":[],"class_list":["post-7247","post","type-post","status-publish","format-standard","hentry","category-qarabag"],"aioseo_notices":[],"_links":{"self":[{"href":"https:\/\/fedai.az\/index.php?rest_route=\/wp\/v2\/posts\/7247","targetHints":{"allow":["GET"]}}],"collection":[{"href":"https:\/\/fedai.az\/index.php?rest_route=\/wp\/v2\/posts"}],"about":[{"href":"https:\/\/fedai.az\/index.php?rest_route=\/wp\/v2\/types\/post"}],"author":[{"embeddable":true,"href":"https:\/\/fedai.az\/index.php?rest_route=\/wp\/v2\/users\/2"}],"replies":[{"embeddable":true,"href":"https:\/\/fedai.az\/index.php?rest_route=%2Fwp%2Fv2%2Fcomments&post=7247"}],"version-history":[{"count":2,"href":"https:\/\/fedai.az\/index.php?rest_route=\/wp\/v2\/posts\/7247\/revisions"}],"predecessor-version":[{"id":7284,"href":"https:\/\/fedai.az\/index.php?rest_route=\/wp\/v2\/posts\/7247\/revisions\/7284"}],"wp:attachment":[{"href":"https:\/\/fedai.az\/index.php?rest_route=%2Fwp%2Fv2%2Fmedia&parent=7247"}],"wp:term":[{"taxonomy":"category","embeddable":true,"href":"https:\/\/fedai.az\/index.php?rest_route=%2Fwp%2Fv2%2Fcategories&post=7247"},{"taxonomy":"post_tag","embeddable":true,"href":"https:\/\/fedai.az\/index.php?rest_route=%2Fwp%2Fv2%2Ftags&post=7247"}],"curies":[{"name":"wp","href":"https:\/\/api.w.org\/{rel}","templated":true}]}}