{"id":7253,"date":"2020-06-06T03:53:09","date_gmt":"2020-06-05T23:53:09","guid":{"rendered":"http:\/\/fedai.az\/?p=7253"},"modified":"2020-06-06T03:55:17","modified_gmt":"2020-06-05T23:55:17","slug":"c%c9%99h%c9%99nn%c9%99md%c9%99-sam-yandirmazlar","status":"publish","type":"post","link":"https:\/\/fedai.az\/?p=7253","title":{"rendered":"C\u0259h\u0259nn\u0259md\u0259 \u015fam yand\u0131rmazlar&#8230;"},"content":{"rendered":"\n<p><strong>AVMV\u0130B Z\u0259ngilan rayon \u015f\u00f6b\u0259sinin s\u0259dri Azad Musayev sosial \u015f\u0259b\u0259k\u0259d\u0259 payla\u015f\u0131m ed\u0259r\u0259k 2 g\u00fcnl\u00fck qarantinl\u0259 ba\u011fl\u0131 \u00f6z fikirl\u0259rini b\u00f6l\u00fc\u015f\u00fcb:<\/strong><\/p>\n\n\n\n<p>&#171;Bu g\u00fcn Marketl\u0259rd\u0259 2 g\u00fcn\u0259 g\u00f6r\u0259 insanlar o q\u0259d\u0259r bazarl\u0131q edirdil\u0259r ki, adam bax\u0131b d\u0259h\u015f\u0259t\u0259 g\u0259lirdi. Dem\u0259li, marketl\u0259rd\u0259 \u00e7\u00f6r\u0259k pi\u015ftaxtalar\u0131 bo\u015fal\u0131b, \u00e7\u00f6r\u0259k yoxdur, h\u0259r\u0259 5- 10 \u00e7\u00f6r\u0259k al\u0131b apar\u0131r ki, bird\u0259n ac\u0131ndan \u00f6l\u0259rl\u0259r.<\/p>\n\n\n\n<p> Ay mill\u0259t, 2 g\u00fcnl\u00fck qarantin\u0259 d\u00f6z\u0259 bilmirsiniz, amma yerli-yersiz qa\u00e7q\u0131nlara la\u011f edirsiniz. Qa\u00e7q\u0131nlar m\u00fcharib\u0259nin h\u0259r \u00fcz\u00fcn\u00fc g\u00f6r\u00fcb, ill\u0259rl\u0259 f\u00f6vqalad\u0259 v\u0259ziyy\u0259td\u0259, g\u00fcll\u0259 alt\u0131nda bir qar\u0131n ac, bir qar\u0131n tox ya\u015fay\u0131blar.<\/p>\n\n\n\n<p> N\u0259 oldu? 2 g\u00fcnl\u00fck qarantin sizi bel\u0259 qorxutdu?<\/p>\n\n\n\n<p><br>Bu g\u00fcn g\u00f6rd\u00fckl\u0259rimd\u0259n bel\u0259 q\u0259na\u0259t\u0259 g\u0259ldim ki, biz xalq olaraq, F\u00f6vq\u0259lad\u0259 v\u0259ziyy\u0259t\u0259 haz\u0131r deyilik. Sabah m\u00fcharib\u0259 ba\u015flasa bu g\u00fcn ma\u011fazalar\u0131 bo\u015faldan xalq bir-birini did\u0259c\u0259k.&#187;<\/p>\n\n\n\n<figure class=\"wp-block-embed-facebook wp-block-embed is-type-video is-provider-facebook\"><div class=\"wp-block-embed__wrapper\">\n<div id=\"fb-root\"><\/div><script async=\"1\" defer=\"1\" crossorigin=\"anonymous\" src=\"https:\/\/connect.facebook.net\/az_AZ\/sdk.js#xfbml=1&amp;version=v7.0\"><\/script><div class=\"fb-video\" data-href=\"https:\/\/www.facebook.com\/azad.musayev.9\/videos\/3210659222329354\/?t=1\" data-width=\"715\"><blockquote cite=\"https:\/\/www.facebook.com\/azad.musayev.9\/videos\/3210659222329354\/\" class=\"fb-xfbml-parse-ignore\"><a href=\"https:\/\/www.facebook.com\/azad.musayev.9\/videos\/3210659222329354\/\"><\/a><p>Bu g\u00fcn Marketl\u0259rd\u0259 2 g\u00fcn\u0259 g\u00f6r\u0259  insanlar o q\u0259d\u0259r bazarl\u0131q edirdil\u0259r ki adam bax\u0131b d\u0259h\u015f\u0259t\u0259 g\u0259lir. Dem\u0259li Marketl\u0259rd\u0259 \u00e7\u00f6r\u0259k pi\u015ftaxtalar\u0131 bo\u015fal\u0131b \u00e7\u00f6r\u0259k yoxdur h\u0259r\u0259 5- 10 \u00e7\u00f6r\u0259k al\u0131b apar\u0131b ki bird\u0259n ac\u0131ndan \u00f6l\u0259rl\u0259r. Ay mill\u0259t 2 g\u00fcn karantin\u0259 d\u00f6z\u0259 bilmirsiniz qa\u00e7q\u0131nlara la\u011f edirsiniz. Qa\u00e7q\u0131nlar m\u00fchatib\u0259nin h\u0259r \u00fcz\u00fcn\u00fc g\u00f6r\u00fcb, ill\u0259rl\u0259 f\u00f6vqalad\u0259 v\u0259ziyy\u0259td\u0259, g\u00fcll\u0259 alt\u0131nda bir qar\u0131n ac, bir qar\u0131n tox ya\u015fay\u0131blar. Noldu? 2 g\u00fcn karantin sizi bel\u0259 qorxutdu? Bu g\u00fcn g\u00f6rd\u00fckl\u0259rimd\u0259n bel\u0259 q\u0259na\u0259t\u0259 g\u0259ldim ki, biz xalq olaraq F\u00f6vq\u0259lad\u0259 v\u0259ziyy\u0259t\u0259 haz\u0131r deyilik. Sabah m\u00fcharib\u0259 ba\u015flasa bu g\u00fcn ma\u011fazalar\u0131 bo\u015faldan xalq bir birini yey\u0259c\u0259k.<\/p>Posted by <a href=\"https:\/\/www.facebook.com\/azad.musayev.9\">Azad Musayev<\/a> on 5 \u0130yun 2020, C\u00fcm\u0259<\/blockquote><\/div>\n<\/div><\/figure>\n\n\n\n<p><strong><em>P.S. 2013-c\u00fc ild\u0259 \u015faiy\u0259 yaym\u0131\u015fd\u0131lar ki, d\u00fcnyan\u0131n sonudu. Azad b\u0259y, onu xat\u0131rlad\u0131m. Bir d\u00fcnyadak\u0131 b\u00fct\u00fcn pislikl\u0259rd\u0259n dadm\u0131\u015f birinin \u00e7oxlu \u015fam al\u0131b apard\u0131\u011f\u0131n\u0131 g\u00f6rd\u00fcm. Soru\u015fdum ki, bu \u015famlar\u0131 neynirs\u0259n?<\/em><\/strong><\/p>\n\n\n\n<p><strong><em>Dedi ki, e\u015fitm\u0259mis\u0259n, b\u0259s d\u00fcnyan\u0131n sonudu. Dedim ki, zal\u0131m o\u011flu, s\u0259n onsuz da c\u0259h\u0259nn\u0259m\u0259 d\u00fc\u015f\u0259c\u0259ks\u0259n. Orada da mollalar\u0131n dediyin\u0259 g\u00f6r\u0259, ocaq gec\u0259-g\u00fcnd\u00fcz yan\u0131r. \u015eamdansa bir &#171;oqnetu\u015fitel&#187; alsan yax\u015f\u0131 olard\u0131&#8230;<\/em><\/strong><\/p>\n\n\n\n<p><strong>C\u0259h\u0259nn\u0259md\u0259 \u015fam yand\u0131rmazlar&#8230;<\/strong><\/p>\n\n\n\n<figure class=\"wp-block-image size-large\"><img decoding=\"async\" src=\"http:\/\/fedai.az\/wp-content\/uploads\/2020\/06\/101700841_3210659905662619_3823947464289054033_n.jpg\" alt=\"\" class=\"wp-image-7256\"\/><\/figure>\n\n\n\n<figure class=\"wp-block-image\"><img decoding=\"async\" src=\"https:\/\/www.facebook.com\/rsrc.php\/v3\/y4\/r\/-PAXP-deijE.gif\" alt=\"\"\/><\/figure>\n","protected":false},"excerpt":{"rendered":"<p>AVMV\u0130B Z\u0259ngilan rayon \u015f\u00f6b\u0259sinin s\u0259dri Azad Musayev sosial \u015f\u0259b\u0259k\u0259d\u0259 payla\u015f\u0131m ed\u0259r\u0259k 2 g\u00fcnl\u00fck qarantinl\u0259 ba\u011fl\u0131 \u00f6z fikirl\u0259rini b\u00f6l\u00fc\u015f\u00fcb: &#171;Bu g\u00fcn Marketl\u0259rd\u0259 2 g\u00fcn\u0259 g\u00f6r\u0259<\/p>\n","protected":false},"author":2,"featured_media":7254,"comment_status":"closed","ping_status":"closed","sticky":false,"template":"","format":"standard","meta":{"footnotes":""},"categories":[14],"tags":[],"class_list":["post-7253","post","type-post","status-publish","format-standard","has-post-thumbnail","hentry","category-kos"],"aioseo_notices":[],"_links":{"self":[{"href":"https:\/\/fedai.az\/index.php?rest_route=\/wp\/v2\/posts\/7253","targetHints":{"allow":["GET"]}}],"collection":[{"href":"https:\/\/fedai.az\/index.php?rest_route=\/wp\/v2\/posts"}],"about":[{"href":"https:\/\/fedai.az\/index.php?rest_route=\/wp\/v2\/types\/post"}],"author":[{"embeddable":true,"href":"https:\/\/fedai.az\/index.php?rest_route=\/wp\/v2\/users\/2"}],"replies":[{"embeddable":true,"href":"https:\/\/fedai.az\/index.php?rest_route=%2Fwp%2Fv2%2Fcomments&post=7253"}],"version-history":[{"count":3,"href":"https:\/\/fedai.az\/index.php?rest_route=\/wp\/v2\/posts\/7253\/revisions"}],"predecessor-version":[{"id":7258,"href":"https:\/\/fedai.az\/index.php?rest_route=\/wp\/v2\/posts\/7253\/revisions\/7258"}],"wp:featuredmedia":[{"embeddable":true,"href":"https:\/\/fedai.az\/index.php?rest_route=\/wp\/v2\/media\/7254"}],"wp:attachment":[{"href":"https:\/\/fedai.az\/index.php?rest_route=%2Fwp%2Fv2%2Fmedia&parent=7253"}],"wp:term":[{"taxonomy":"category","embeddable":true,"href":"https:\/\/fedai.az\/index.php?rest_route=%2Fwp%2Fv2%2Fcategories&post=7253"},{"taxonomy":"post_tag","embeddable":true,"href":"https:\/\/fedai.az\/index.php?rest_route=%2Fwp%2Fv2%2Ftags&post=7253"}],"curies":[{"name":"wp","href":"https:\/\/api.w.org\/{rel}","templated":true}]}}