{"id":7259,"date":"2020-06-06T04:04:31","date_gmt":"2020-06-06T00:04:31","guid":{"rendered":"http:\/\/fedai.az\/?p=7259"},"modified":"2020-06-06T12:25:41","modified_gmt":"2020-06-06T08:25:41","slug":"t%c9%99hsil-nazirliyind%c9%99n-yay-imtahanlarinin-l%c9%99gvi-il%c9%99-bagli-aciqlama","status":"publish","type":"post","link":"https:\/\/fedai.az\/?p=7259","title":{"rendered":"T\u0259hsil Nazirliyind\u0259n yay imtahanlar\u0131n\u0131n l\u0259\u011fvi il\u0259 ba\u011fl\u0131 &#8212; A\u00c7IQLAMA"},"content":{"rendered":"\n<p>Yay imtahan sessiyas\u0131n\u0131n ke\u00e7irilm\u0259si bar\u0259d\u0259 ali v\u0259 orta ixtisas m\u00fc\u0259ssis\u0259l\u0259rinin t\u0259klifl\u0259ri \u0259sas\u0131nda Nazirl\u0259r Kabinetinin v\u0259 T\u0259hsil Nazirliyin q\u0259rarlar\u0131 var v\u0259 onlar haz\u0131rda q\u00fcvv\u0259d\u0259dir.&nbsp;<\/p>\n\n\n\n<p>Bu bar\u0259d\u0259 Nazirliyin m\u0259lumat yay\u0131b.&nbsp;<\/p>\n\n\n\n<p>Bildirilib ki, imtahan sessiyas\u0131n\u0131n tamamil\u0259 l\u0259\u011fv edilm\u0259si bu d\u00f6vr \u0259rzind\u0259 m\u0259saf\u0259d\u0259n t\u0259drisd\u0259 i\u015ftirak ed\u0259n on minl\u0259rl\u0259 t\u0259l\u0259b\u0259l\u0259r\u0259 v\u0259 onlara d\u0259rs dey\u0259n m\u00fc\u0259lliml\u0259r\u0259 m\u00fcnasib\u0259td\u0259 \u0259sass\u0131z v\u0259 haqs\u0131z, habel\u0259 qazan\u0131lm\u0131\u015f kreditl\u0259rin tan\u0131nmas\u0131na, n\u00f6vb\u0259ti semestr t\u0259l\u0259b\u0259l\u0259rin t\u0259qa\u00fcd almas\u0131na mane\u0259 t\u00f6r\u0259d\u0259 v\u0259 t\u0259l\u0259b\u0259nin xeyrin\u0259 olmayacaq dig\u0259r n\u0259tic\u0259l\u0259r\u0259 s\u0259b\u0259b ola bil\u0259r: &#171;Bununla bel\u0259, burax\u0131l\u0131\u015f ilind\u0259 t\u0259dris alan 40 mind\u0259n art\u0131q t\u0259l\u0259b\u0259 d\u00f6vl\u0259t imtahan\u0131ndan azad edilib (\u0259vv\u0259lki akademik g\u00f6st\u0259ricil\u0259ri \u0259sas g\u00f6t\u00fcr\u00fclm\u0259kl\u0259).&nbsp;<\/p>\n\n\n\n<p>Sessiyada i\u015ftirak etm\u0259y\u0259 haz\u0131r olan, mart-aprel ay\u0131ndan ba\u015flayaraq t\u0259\u015fkil edilmi\u015f m\u0259saf\u0259d\u0259n t\u0259dris\u0259 qo\u015fulmu\u015f 100 mind\u0259n art\u0131q t\u0259l\u0259b\u0259 il\u0259 yana\u015f\u0131 bu prosesd\u0259 i\u015ftirak ed\u0259 bilm\u0259y\u0259n t\u0259l\u0259b\u0259l\u0259r d\u0259 var v\u0259 bu da n\u0259z\u0259r\u0259 al\u0131n\u0131r. M\u0259hz bu m\u0259qs\u0259dl\u0259 verdiyimiz q\u0259rarda da bu t\u0259l\u0259b\u0259l\u0259r \u00fc\u00e7\u00fcn avqust-sentyabr aylar\u0131nda \u0259yani v\u0259 \u00f6d\u0259ni\u015fsiz \u015f\u0259kild\u0259 icmal m\u00fchazir\u0259l\u0259r t\u0259\u015fkil olunacaq (bunun \u00fc\u00e7\u00fcn t\u0259l\u0259b\u0259l\u0259r t\u0259hsil ald\u0131qlar\u0131 t\u0259hsil m\u00fc\u0259ssis\u0259sin\u0259 m\u00fcraci\u0259t etm\u0259lidir). Eyni zamanda, bu yay sessiyas\u0131n\u0131n \u0259dal\u0259tli v\u0259 m\u00f6vcud \u015f\u0259raitin ham\u0131 \u00fc\u00e7\u00fcn yaratd\u0131\u011f\u0131 \u00e7\u0259tinlikl\u0259ri n\u0259z\u0259r\u0259 almaqla ke\u00e7irilm\u0259sin\u0259, \u015fikay\u0259tl\u0259rin operativ \u015f\u0259kild\u0259 bax\u0131l\u0131b h\u0259ll edilm\u0259sin\u0259 T\u0259hsil Nazirliyi bilavasit\u0259 n\u0259zar\u0259t ed\u0259c\u0259k&#187;.<\/p>\n\n\n\n<p>A\u00e7\u0131qlamada o qeyd edilib ki, haz\u0131rda \u00f6lk\u0259d\u0259 h\u0259r iki t\u0259l\u0259b\u0259d\u0259n biri d\u00f6vl\u0259t hesab\u0131na oxuyur:<\/p>\n\n\n\n<p>&#171;Bununla bel\u0259, bu d\u00f6vrd\u0259 t\u0259hsil haqq\u0131n\u0131n \u00f6d\u0259nilm\u0259si il\u0259 ba\u011fl\u0131 t\u0259l\u0259b\u0259l\u0259r\u0259 \u0259lav\u0259 d\u0259st\u0259k m\u0259qs\u0259dil\u0259 <strong>e-teleb.edu.az <\/strong>portal\u0131 f\u0259aliyy\u0259t g\u00f6st\u0259rir, h\u0259min portalda sosial bax\u0131mdan h\u0259ssas \u0259hali qrupuna aid edil\u0259n ail\u0259l\u0259rin \u00fczv\u00fc olan t\u0259l\u0259b\u0259l\u0259r qeydiyyatdan ke\u00e7\u0259r\u0259k bu ilin h\u0259m yaz, h\u0259m d\u0259 pay\u0131z semestrl\u0259ri \u00fc\u00e7\u00fcn t\u0259hsil haqq\u0131n\u0131n d\u00f6vl\u0259t t\u0259r\u0259find\u0259n \u00f6d\u0259nilm\u0259si \u00fc\u00e7\u00fcn m\u00fcraci\u0259t ed\u0259 bil\u0259r. M\u00fcraci\u0259tl\u0259rin q\u0259bulu iyunun 10-a q\u0259d\u0259r&nbsp;davam edir. N\u00f6vb\u0259ti h\u0259ft\u0259d\u0259n etibar\u0259n t\u0259l\u0259b\u0259l\u0259r\u0259 m\u00fcraci\u0259tin n\u0259tic\u0259l\u0259ri bar\u0259d\u0259 m\u0259lumat verilm\u0259y\u0259 ba\u015flayacaq&#187;.<\/p>\n","protected":false},"excerpt":{"rendered":"<p>Yay imtahan sessiyas\u0131n\u0131n ke\u00e7irilm\u0259si bar\u0259d\u0259 ali v\u0259 orta ixtisas m\u00fc\u0259ssis\u0259l\u0259rinin t\u0259klifl\u0259ri \u0259sas\u0131nda Nazirl\u0259r Kabinetinin v\u0259 T\u0259hsil Nazirliyin q\u0259rarlar\u0131 var v\u0259 onlar haz\u0131rda q\u00fcvv\u0259d\u0259dir.&nbsp; Bu<\/p>\n","protected":false},"author":2,"featured_media":0,"comment_status":"closed","ping_status":"closed","sticky":false,"template":"","format":"standard","meta":{"footnotes":""},"categories":[8],"tags":[],"class_list":["post-7259","post","type-post","status-publish","format-standard","hentry","category-thsil"],"aioseo_notices":[],"_links":{"self":[{"href":"https:\/\/fedai.az\/index.php?rest_route=\/wp\/v2\/posts\/7259","targetHints":{"allow":["GET"]}}],"collection":[{"href":"https:\/\/fedai.az\/index.php?rest_route=\/wp\/v2\/posts"}],"about":[{"href":"https:\/\/fedai.az\/index.php?rest_route=\/wp\/v2\/types\/post"}],"author":[{"embeddable":true,"href":"https:\/\/fedai.az\/index.php?rest_route=\/wp\/v2\/users\/2"}],"replies":[{"embeddable":true,"href":"https:\/\/fedai.az\/index.php?rest_route=%2Fwp%2Fv2%2Fcomments&post=7259"}],"version-history":[{"count":2,"href":"https:\/\/fedai.az\/index.php?rest_route=\/wp\/v2\/posts\/7259\/revisions"}],"predecessor-version":[{"id":7261,"href":"https:\/\/fedai.az\/index.php?rest_route=\/wp\/v2\/posts\/7259\/revisions\/7261"}],"wp:attachment":[{"href":"https:\/\/fedai.az\/index.php?rest_route=%2Fwp%2Fv2%2Fmedia&parent=7259"}],"wp:term":[{"taxonomy":"category","embeddable":true,"href":"https:\/\/fedai.az\/index.php?rest_route=%2Fwp%2Fv2%2Fcategories&post=7259"},{"taxonomy":"post_tag","embeddable":true,"href":"https:\/\/fedai.az\/index.php?rest_route=%2Fwp%2Fv2%2Ftags&post=7259"}],"curies":[{"name":"wp","href":"https:\/\/api.w.org\/{rel}","templated":true}]}}