{"id":74807,"date":"2022-06-30T10:04:19","date_gmt":"2022-06-30T06:04:19","guid":{"rendered":"https:\/\/fedai.az\/?p=74807"},"modified":"2022-06-30T10:04:21","modified_gmt":"2022-06-30T06:04:21","slug":"%c9%99rdogan-bayden-gorusu-basladi","status":"publish","type":"post","link":"https:\/\/fedai.az\/?p=74807","title":{"rendered":"\u018frdo\u011fan &#8212; Bayden g\u00f6r\u00fc\u015f\u00fc ba\u015flad\u0131"},"content":{"rendered":"\n<p class=\"wp-block-paragraph\"><strong>T\u00fcrkiy\u0259 Prezidenti R\u0259c\u0259b Tayyib \u018frdo\u011fanla AB\u015e Prezidenti Co Bayden aras\u0131nda g\u00f6r\u00fc\u015f ba\u015flay\u0131b.<\/strong><\/p>\n\n\n\n<p class=\"wp-block-paragraph\">Dan\u0131\u015f\u0131qlar bu g\u00fcn \u0130spaniyan\u0131n paytaxt\u0131 Madridd\u0259 ke\u00e7iril\u0259n NATO sammiti \u00e7\u0259r\u00e7iv\u0259sind\u0259 ba\u015f tutub.<\/p>\n\n\n\n<p class=\"wp-block-paragraph\">G\u00f6r\u00fc\u015f\u00fcn bir saata yax\u0131n davam ed\u0259c\u0259yi bildirilir.<\/p>\n","protected":false},"excerpt":{"rendered":"<p>T\u00fcrkiy\u0259 Prezidenti R\u0259c\u0259b Tayyib \u018frdo\u011fanla AB\u015e Prezidenti Co Bayden aras\u0131nda g\u00f6r\u00fc\u015f ba\u015flay\u0131b. Dan\u0131\u015f\u0131qlar bu g\u00fcn \u0130spaniyan\u0131n paytaxt\u0131 Madridd\u0259 ke\u00e7iril\u0259n NATO sammiti \u00e7\u0259r\u00e7iv\u0259sind\u0259 ba\u015f tutub.<\/p>\n","protected":false},"author":2,"featured_media":0,"comment_status":"closed","ping_status":"closed","sticky":false,"template":"","format":"standard","meta":{"footnotes":""},"categories":[1],"tags":[],"class_list":["post-74807","post","type-post","status-publish","format-standard","hentry","category-siyast"],"aioseo_notices":[],"aioseo_head":"\n\t\t<!-- All in One SEO 5.0.0.1 - aioseo.com -->\n\t<meta name=\"description\" content=\"T\u00fcrkiy\u0259 Prezidenti R\u0259c\u0259b Tayyib \u018frdo\u011fanla AB\u015e Prezidenti Co Bayden aras\u0131nda g\u00f6r\u00fc\u015f ba\u015flay\u0131b. Dan\u0131\u015f\u0131qlar bu g\u00fcn \u0130spaniyan\u0131n paytaxt\u0131 Madridd\u0259 ke\u00e7iril\u0259n NATO sammiti \u00e7\u0259r\u00e7iv\u0259sind\u0259 ba\u015f tutub. G\u00f6r\u00fc\u015f\u00fcn bir saata yax\u0131n davam ed\u0259c\u0259yi bildirilir.\" \/>\n\t<meta name=\"robots\" content=\"max-image-preview:large\" \/>\n\t<meta name=\"author\" content=\"www.Fedai.az\"\/>\n\t<link rel=\"canonical\" href=\"https:\/\/fedai.az\/?p=74807\" \/>\n\t<meta name=\"generator\" content=\"All in One SEO (AIOSEO) 5.0.0.1\" \/>\n\t\t<meta property=\"og:locale\" content=\"ru_RU\" \/>\n\t\t<meta property=\"og:site_name\" content=\"&quot;F\u0259dai&quot; q\u0259zeti\" \/>\n\t\t<meta property=\"og:type\" content=\"article\" \/>\n\t\t<meta property=\"og:title\" content=\"\u018frdo\u011fan \u2014 Bayden g\u00f6r\u00fc\u015f\u00fc ba\u015flad\u0131 | &quot;F\u0259dai&quot; q\u0259zeti\" \/>\n\t\t<meta property=\"og:description\" content=\"T\u00fcrkiy\u0259 Prezidenti R\u0259c\u0259b Tayyib \u018frdo\u011fanla AB\u015e Prezidenti Co Bayden aras\u0131nda g\u00f6r\u00fc\u015f ba\u015flay\u0131b. Dan\u0131\u015f\u0131qlar bu g\u00fcn \u0130spaniyan\u0131n paytaxt\u0131 Madridd\u0259 ke\u00e7iril\u0259n NATO sammiti \u00e7\u0259r\u00e7iv\u0259sind\u0259 ba\u015f tutub. G\u00f6r\u00fc\u015f\u00fcn bir saata yax\u0131n davam ed\u0259c\u0259yi bildirilir.\" \/>\n\t\t<meta property=\"og:url\" content=\"https:\/\/fedai.az\/?p=74807\" \/>\n\t\t<meta property=\"fb:app_id\" content=\"696809432257740\" \/>\n\t\t<meta property=\"og:image\" content=\"https:\/\/fedai.az\/wp-content\/uploads\/2022\/09\/logo3.png\" \/>\n\t\t<meta property=\"og:image:secure_url\" content=\"https:\/\/fedai.az\/wp-content\/uploads\/2022\/09\/logo3.png\" \/>\n\t\t<meta property=\"article:published_time\" content=\"2022-06-30T06:04:19+00:00\" \/>\n\t\t<meta property=\"article:modified_time\" content=\"2022-06-30T06:04:21+00:00\" \/>\n\t\t<meta property=\"article:publisher\" content=\"https:\/\/facebook.com\/fedai.az\" \/>\n\t\t<meta name=\"twitter:card\" content=\"summary\" \/>\n\t\t<meta name=\"twitter:site\" content=\"@fedai.az\" \/>\n\t\t<meta name=\"twitter:title\" content=\"\u018frdo\u011fan \u2014 Bayden g\u00f6r\u00fc\u015f\u00fc ba\u015flad\u0131 | &quot;F\u0259dai&quot; q\u0259zeti\" \/>\n\t\t<meta name=\"twitter:description\" content=\"T\u00fcrkiy\u0259 Prezidenti R\u0259c\u0259b Tayyib \u018frdo\u011fanla AB\u015e Prezidenti Co Bayden aras\u0131nda g\u00f6r\u00fc\u015f ba\u015flay\u0131b. Dan\u0131\u015f\u0131qlar bu g\u00fcn \u0130spaniyan\u0131n paytaxt\u0131 Madridd\u0259 ke\u00e7iril\u0259n NATO sammiti \u00e7\u0259r\u00e7iv\u0259sind\u0259 ba\u015f tutub. G\u00f6r\u00fc\u015f\u00fcn bir saata yax\u0131n davam ed\u0259c\u0259yi bildirilir.\" \/>\n\t\t<meta name=\"twitter:image\" content=\"https:\/\/fedai.az\/wp-content\/uploads\/2022\/09\/logo3.png\" \/>\n\t\t<script type=\"application\/ld+json\" class=\"aioseo-schema\">\n\t\t\t{\"@context\":\"https:\\\/\\\/schema.org\",\"@graph\":[{\"@type\":\"Article\",\"@id\":\"https:\\\/\\\/fedai.az\\\/?p=74807#article\",\"name\":\"\\u018frdo\\u011fan \\u2014 Bayden g\\u00f6r\\u00fc\\u015f\\u00fc ba\\u015flad\\u0131 | \\\"F\\u0259dai\\\" q\\u0259zeti\",\"headline\":\"\\u018frdo\\u011fan &#8212; Bayden g\\u00f6r\\u00fc\\u015f\\u00fc ba\\u015flad\\u0131\",\"author\":{\"@id\":\"https:\\\/\\\/fedai.az\\\/?author=2#author\"},\"publisher\":{\"@id\":\"https:\\\/\\\/fedai.az\\\/#organization\"},\"image\":{\"@type\":\"ImageObject\",\"url\":\"https:\\\/\\\/fedai.az\\\/wp-content\\\/uploads\\\/2022\\\/09\\\/logo3.png\",\"@id\":\"https:\\\/\\\/fedai.az\\\/#articleImage\",\"width\":500,\"height\":100},\"datePublished\":\"2022-06-30T10:04:19+04:00\",\"dateModified\":\"2022-06-30T10:04:21+04:00\",\"inLanguage\":\"ru-RU\",\"mainEntityOfPage\":{\"@id\":\"https:\\\/\\\/fedai.az\\\/?p=74807#webpage\"},\"isPartOf\":{\"@id\":\"https:\\\/\\\/fedai.az\\\/?p=74807#webpage\"},\"articleSection\":\"Siyas\\u0259t\"},{\"@type\":\"BreadcrumbList\",\"@id\":\"https:\\\/\\\/fedai.az\\\/?p=74807#breadcrumblist\",\"itemListElement\":[{\"@type\":\"ListItem\",\"@id\":\"https:\\\/\\\/fedai.az#listItem\",\"position\":1,\"name\":\"Home\",\"item\":\"https:\\\/\\\/fedai.az\",\"nextItem\":{\"@type\":\"ListItem\",\"@id\":\"https:\\\/\\\/fedai.az\\\/?cat=1#listItem\",\"name\":\"Siyas\\u0259t\"}},{\"@type\":\"ListItem\",\"@id\":\"https:\\\/\\\/fedai.az\\\/?cat=1#listItem\",\"position\":2,\"name\":\"Siyas\\u0259t\",\"item\":\"https:\\\/\\\/fedai.az\\\/?cat=1\",\"nextItem\":{\"@type\":\"ListItem\",\"@id\":\"https:\\\/\\\/fedai.az\\\/?p=74807#listItem\",\"name\":\"\\u018frdo\\u011fan &#8212; Bayden g\\u00f6r\\u00fc\\u015f\\u00fc ba\\u015flad\\u0131\"},\"previousItem\":{\"@type\":\"ListItem\",\"@id\":\"https:\\\/\\\/fedai.az#listItem\",\"name\":\"Home\"}},{\"@type\":\"ListItem\",\"@id\":\"https:\\\/\\\/fedai.az\\\/?p=74807#listItem\",\"position\":3,\"name\":\"\\u018frdo\\u011fan &#8212; Bayden g\\u00f6r\\u00fc\\u015f\\u00fc ba\\u015flad\\u0131\",\"previousItem\":{\"@type\":\"ListItem\",\"@id\":\"https:\\\/\\\/fedai.az\\\/?cat=1#listItem\",\"name\":\"Siyas\\u0259t\"}}]},{\"@type\":\"Organization\",\"@id\":\"https:\\\/\\\/fedai.az\\\/#organization\",\"name\":\"\\\"F\\u0259dai\\\" q\\u0259zeti\",\"description\":\"Az\\u0259rbaycan V\\u0259t\\u0259n M\\u00fcharib\\u0259si Veteranlar\\u0131 \\u0130ctimai Birliyi\",\"url\":\"https:\\\/\\\/fedai.az\\\/\",\"logo\":{\"@type\":\"ImageObject\",\"url\":\"https:\\\/\\\/fedai.az\\\/wp-content\\\/uploads\\\/2022\\\/09\\\/logo3.png\",\"@id\":\"https:\\\/\\\/fedai.az\\\/?p=74807\\\/#organizationLogo\",\"width\":500,\"height\":100},\"image\":{\"@id\":\"https:\\\/\\\/fedai.az\\\/?p=74807\\\/#organizationLogo\"},\"sameAs\":[\"https:\\\/\\\/instagram.com\\\/fedai.az\",\"https:\\\/\\\/pinterest.com\\\/fedai.az\",\"https:\\\/\\\/youtube.com\\\/fedai.az\",\"https:\\\/\\\/linkedin.com\\\/in\\\/fedai.az\"]},{\"@type\":\"Person\",\"@id\":\"https:\\\/\\\/fedai.az\\\/?author=2#author\",\"url\":\"https:\\\/\\\/fedai.az\\\/?author=2\",\"name\":\"www.Fedai.az\",\"image\":{\"@type\":\"ImageObject\",\"@id\":\"https:\\\/\\\/fedai.az\\\/?p=74807#authorImage\",\"url\":\"https:\\\/\\\/secure.gravatar.com\\\/avatar\\\/d861e138a4bd3ce6812a7aa95e796aa05e165f28ecde9a972c6789a09fcd1daa?s=96&d=mm&r=g\",\"width\":96,\"height\":96,\"caption\":\"www.Fedai.az\"}},{\"@type\":\"WebPage\",\"@id\":\"https:\\\/\\\/fedai.az\\\/?p=74807#webpage\",\"url\":\"https:\\\/\\\/fedai.az\\\/?p=74807\",\"name\":\"\\u018frdo\\u011fan \\u2014 Bayden g\\u00f6r\\u00fc\\u015f\\u00fc ba\\u015flad\\u0131 | \\\"F\\u0259dai\\\" q\\u0259zeti\",\"description\":\"T\\u00fcrkiy\\u0259 Prezidenti R\\u0259c\\u0259b Tayyib \\u018frdo\\u011fanla AB\\u015e Prezidenti Co Bayden aras\\u0131nda g\\u00f6r\\u00fc\\u015f ba\\u015flay\\u0131b. Dan\\u0131\\u015f\\u0131qlar bu g\\u00fcn \\u0130spaniyan\\u0131n paytaxt\\u0131 Madridd\\u0259 ke\\u00e7iril\\u0259n NATO sammiti \\u00e7\\u0259r\\u00e7iv\\u0259sind\\u0259 ba\\u015f tutub. G\\u00f6r\\u00fc\\u015f\\u00fcn bir saata yax\\u0131n davam ed\\u0259c\\u0259yi bildirilir.\",\"inLanguage\":\"ru-RU\",\"isPartOf\":{\"@id\":\"https:\\\/\\\/fedai.az\\\/#website\"},\"breadcrumb\":{\"@id\":\"https:\\\/\\\/fedai.az\\\/?p=74807#breadcrumblist\"},\"author\":{\"@id\":\"https:\\\/\\\/fedai.az\\\/?author=2#author\"},\"creator\":{\"@id\":\"https:\\\/\\\/fedai.az\\\/?author=2#author\"},\"datePublished\":\"2022-06-30T10:04:19+04:00\",\"dateModified\":\"2022-06-30T10:04:21+04:00\"},{\"@type\":\"WebSite\",\"@id\":\"https:\\\/\\\/fedai.az\\\/#website\",\"url\":\"https:\\\/\\\/fedai.az\\\/\",\"name\":\"\\\"F\\u0259dai\\\" q\\u0259zeti\",\"description\":\"Az\\u0259rbaycan V\\u0259t\\u0259n M\\u00fcharib\\u0259si Veteranlar\\u0131 \\u0130ctimai Birliyi\",\"inLanguage\":\"ru-RU\",\"publisher\":{\"@id\":\"https:\\\/\\\/fedai.az\\\/#organization\"}}]}\n\t\t<\/script>\n\t\t<!-- All in One SEO -->\n\n","aioseo_head_json":{"title":"\u018frdo\u011fan \u2014 Bayden g\u00f6r\u00fc\u015f\u00fc ba\u015flad\u0131 | \"F\u0259dai\" q\u0259zeti","description":"T\u00fcrkiy\u0259 Prezidenti R\u0259c\u0259b Tayyib \u018frdo\u011fanla AB\u015e Prezidenti Co Bayden aras\u0131nda g\u00f6r\u00fc\u015f ba\u015flay\u0131b. Dan\u0131\u015f\u0131qlar bu g\u00fcn \u0130spaniyan\u0131n paytaxt\u0131 Madridd\u0259 ke\u00e7iril\u0259n NATO sammiti \u00e7\u0259r\u00e7iv\u0259sind\u0259 ba\u015f tutub. G\u00f6r\u00fc\u015f\u00fcn bir saata yax\u0131n davam ed\u0259c\u0259yi bildirilir.","canonical_url":"https:\/\/fedai.az\/?p=74807","robots":"max-image-preview:large","keywords":"","webmasterTools":{"miscellaneous":""},"schema":{"@context":"https:\/\/schema.org","@graph":[{"@type":"Article","@id":"https:\/\/fedai.az\/?p=74807#article","name":"\u018frdo\u011fan \u2014 Bayden g\u00f6r\u00fc\u015f\u00fc ba\u015flad\u0131 | \"F\u0259dai\" q\u0259zeti","headline":"\u018frdo\u011fan &#8212; Bayden g\u00f6r\u00fc\u015f\u00fc ba\u015flad\u0131","author":{"@id":"https:\/\/fedai.az\/?author=2#author"},"publisher":{"@id":"https:\/\/fedai.az\/#organization"},"image":{"@type":"ImageObject","url":"https:\/\/fedai.az\/wp-content\/uploads\/2022\/09\/logo3.png","@id":"https:\/\/fedai.az\/#articleImage","width":500,"height":100},"datePublished":"2022-06-30T10:04:19+04:00","dateModified":"2022-06-30T10:04:21+04:00","inLanguage":"ru-RU","mainEntityOfPage":{"@id":"https:\/\/fedai.az\/?p=74807#webpage"},"isPartOf":{"@id":"https:\/\/fedai.az\/?p=74807#webpage"},"articleSection":"Siyas\u0259t"},{"@type":"BreadcrumbList","@id":"https:\/\/fedai.az\/?p=74807#breadcrumblist","itemListElement":[{"@type":"ListItem","@id":"https:\/\/fedai.az#listItem","position":1,"name":"Home","item":"https:\/\/fedai.az","nextItem":{"@type":"ListItem","@id":"https:\/\/fedai.az\/?cat=1#listItem","name":"Siyas\u0259t"}},{"@type":"ListItem","@id":"https:\/\/fedai.az\/?cat=1#listItem","position":2,"name":"Siyas\u0259t","item":"https:\/\/fedai.az\/?cat=1","nextItem":{"@type":"ListItem","@id":"https:\/\/fedai.az\/?p=74807#listItem","name":"\u018frdo\u011fan &#8212; Bayden g\u00f6r\u00fc\u015f\u00fc ba\u015flad\u0131"},"previousItem":{"@type":"ListItem","@id":"https:\/\/fedai.az#listItem","name":"Home"}},{"@type":"ListItem","@id":"https:\/\/fedai.az\/?p=74807#listItem","position":3,"name":"\u018frdo\u011fan &#8212; Bayden g\u00f6r\u00fc\u015f\u00fc ba\u015flad\u0131","previousItem":{"@type":"ListItem","@id":"https:\/\/fedai.az\/?cat=1#listItem","name":"Siyas\u0259t"}}]},{"@type":"Organization","@id":"https:\/\/fedai.az\/#organization","name":"\"F\u0259dai\" q\u0259zeti","description":"Az\u0259rbaycan V\u0259t\u0259n M\u00fcharib\u0259si Veteranlar\u0131 \u0130ctimai Birliyi","url":"https:\/\/fedai.az\/","logo":{"@type":"ImageObject","url":"https:\/\/fedai.az\/wp-content\/uploads\/2022\/09\/logo3.png","@id":"https:\/\/fedai.az\/?p=74807\/#organizationLogo","width":500,"height":100},"image":{"@id":"https:\/\/fedai.az\/?p=74807\/#organizationLogo"},"sameAs":["https:\/\/instagram.com\/fedai.az","https:\/\/pinterest.com\/fedai.az","https:\/\/youtube.com\/fedai.az","https:\/\/linkedin.com\/in\/fedai.az"]},{"@type":"Person","@id":"https:\/\/fedai.az\/?author=2#author","url":"https:\/\/fedai.az\/?author=2","name":"www.Fedai.az","image":{"@type":"ImageObject","@id":"https:\/\/fedai.az\/?p=74807#authorImage","url":"https:\/\/secure.gravatar.com\/avatar\/d861e138a4bd3ce6812a7aa95e796aa05e165f28ecde9a972c6789a09fcd1daa?s=96&d=mm&r=g","width":96,"height":96,"caption":"www.Fedai.az"}},{"@type":"WebPage","@id":"https:\/\/fedai.az\/?p=74807#webpage","url":"https:\/\/fedai.az\/?p=74807","name":"\u018frdo\u011fan \u2014 Bayden g\u00f6r\u00fc\u015f\u00fc ba\u015flad\u0131 | \"F\u0259dai\" q\u0259zeti","description":"T\u00fcrkiy\u0259 Prezidenti R\u0259c\u0259b Tayyib \u018frdo\u011fanla AB\u015e Prezidenti Co Bayden aras\u0131nda g\u00f6r\u00fc\u015f ba\u015flay\u0131b. Dan\u0131\u015f\u0131qlar bu g\u00fcn \u0130spaniyan\u0131n paytaxt\u0131 Madridd\u0259 ke\u00e7iril\u0259n NATO sammiti \u00e7\u0259r\u00e7iv\u0259sind\u0259 ba\u015f tutub. G\u00f6r\u00fc\u015f\u00fcn bir saata yax\u0131n davam ed\u0259c\u0259yi bildirilir.","inLanguage":"ru-RU","isPartOf":{"@id":"https:\/\/fedai.az\/#website"},"breadcrumb":{"@id":"https:\/\/fedai.az\/?p=74807#breadcrumblist"},"author":{"@id":"https:\/\/fedai.az\/?author=2#author"},"creator":{"@id":"https:\/\/fedai.az\/?author=2#author"},"datePublished":"2022-06-30T10:04:19+04:00","dateModified":"2022-06-30T10:04:21+04:00"},{"@type":"WebSite","@id":"https:\/\/fedai.az\/#website","url":"https:\/\/fedai.az\/","name":"\"F\u0259dai\" q\u0259zeti","description":"Az\u0259rbaycan V\u0259t\u0259n M\u00fcharib\u0259si Veteranlar\u0131 \u0130ctimai Birliyi","inLanguage":"ru-RU","publisher":{"@id":"https:\/\/fedai.az\/#organization"}}]},"og:locale":"ru_RU","og:site_name":"&quot;F\u0259dai&quot; q\u0259zeti","og:type":"article","og:title":"\u018frdo\u011fan \u2014 Bayden g\u00f6r\u00fc\u015f\u00fc ba\u015flad\u0131 | &quot;F\u0259dai&quot; q\u0259zeti","og:description":"T\u00fcrkiy\u0259 Prezidenti R\u0259c\u0259b Tayyib \u018frdo\u011fanla AB\u015e Prezidenti Co Bayden aras\u0131nda g\u00f6r\u00fc\u015f ba\u015flay\u0131b. Dan\u0131\u015f\u0131qlar bu g\u00fcn \u0130spaniyan\u0131n paytaxt\u0131 Madridd\u0259 ke\u00e7iril\u0259n NATO sammiti \u00e7\u0259r\u00e7iv\u0259sind\u0259 ba\u015f tutub. G\u00f6r\u00fc\u015f\u00fcn bir saata yax\u0131n davam ed\u0259c\u0259yi bildirilir.","og:url":"https:\/\/fedai.az\/?p=74807","fb:app_id":"696809432257740","og:image":"https:\/\/fedai.az\/wp-content\/uploads\/2022\/09\/logo3.png","og:image:secure_url":"https:\/\/fedai.az\/wp-content\/uploads\/2022\/09\/logo3.png","article:published_time":"2022-06-30T06:04:19+00:00","article:modified_time":"2022-06-30T06:04:21+00:00","article:publisher":"https:\/\/facebook.com\/fedai.az","twitter:card":"summary","twitter:site":"@fedai.az","twitter:title":"\u018frdo\u011fan \u2014 Bayden g\u00f6r\u00fc\u015f\u00fc ba\u015flad\u0131 | &quot;F\u0259dai&quot; q\u0259zeti","twitter:description":"T\u00fcrkiy\u0259 Prezidenti R\u0259c\u0259b Tayyib \u018frdo\u011fanla AB\u015e Prezidenti Co Bayden aras\u0131nda g\u00f6r\u00fc\u015f ba\u015flay\u0131b. Dan\u0131\u015f\u0131qlar bu g\u00fcn \u0130spaniyan\u0131n paytaxt\u0131 Madridd\u0259 ke\u00e7iril\u0259n NATO sammiti \u00e7\u0259r\u00e7iv\u0259sind\u0259 ba\u015f tutub. G\u00f6r\u00fc\u015f\u00fcn bir saata yax\u0131n davam ed\u0259c\u0259yi bildirilir.","twitter:image":"https:\/\/fedai.az\/wp-content\/uploads\/2022\/09\/logo3.png"},"aioseo_meta_data":{"post_id":"74807","title":null,"description":null,"keywords":[],"keyphrases":{"focus":{"keyphrase":"","score":0,"analysis":{"keyphraseInTitle":{"score":0,"maxScore":9,"error":1}}},"additional":[]},"primary_term":null,"canonical_url":null,"og_title":null,"og_description":null,"og_object_type":"default","og_image_type":"default","og_image_url":null,"og_image_width":null,"og_image_height":null,"og_image_custom_url":null,"og_image_custom_fields":null,"og_video":"","og_custom_url":null,"og_article_section":null,"og_article_tags":[],"twitter_use_og":false,"twitter_card":"default","twitter_image_type":"default","twitter_image_url":null,"twitter_image_custom_url":null,"twitter_image_custom_fields":null,"twitter_title":null,"twitter_description":null,"schema":{"blockGraphs":[],"customGraphs":[],"default":{"data":{"Article":{"id":"aioseo-article-63c34498e73dc","slug":"article","graphName":"Article","label":"\u0421\u0442\u0430\u0442\u044c\u044f","properties":{"type":"BlogPosting","name":"#post_title","headline":"#post_title","description":"#post_excerpt","image":"","keywords":"","author":{"name":"#author_name","url":"#author_url"},"dates":{"include":true,"datePublished":"","dateModified":""}}},"Course":[],"Dataset":[],"FAQPage":[],"Movie":[],"Person":[],"Product":[],"ProductReview":[],"Car":[],"Recipe":[],"Service":[],"SoftwareApplication":[],"WebPage":[]},"graphName":"Article","isEnabled":true},"graphs":[]},"schema_type":"default","schema_type_options":"{\"article\":{\"articleType\":\"BlogPosting\"},\"course\":{\"name\":\"\",\"description\":\"\",\"provider\":\"\"},\"faq\":{\"pages\":[]},\"product\":{\"reviews\":[]},\"recipe\":{\"ingredients\":[],\"instructions\":[],\"keywords\":[]},\"software\":{\"reviews\":[],\"operatingSystems\":[]},\"webPage\":{\"webPageType\":\"WebPage\"}}","pillar_content":false,"robots_default":true,"robots_noindex":false,"robots_noarchive":false,"robots_nosnippet":false,"robots_nofollow":false,"robots_noimageindex":false,"robots_noodp":false,"robots_notranslate":false,"robots_max_snippet":"-1","robots_max_videopreview":"-1","robots_max_imagepreview":"large","priority":null,"frequency":"default","local_seo":null,"breadcrumb_settings":null,"limit_modified_date":false,"ai":null,"created":"2022-06-30 06:03:05","updated":"2025-06-08 14:33:04","seo_analyzer_scan_date":null,"focus_keyword":null,"additional_keywords":null,"truseo_locale":null},"aioseo_breadcrumb":"<div class=\"aioseo-breadcrumbs\"><span class=\"aioseo-breadcrumb\">\n\t\t\t<a href=\"https:\/\/fedai.az\" title=\"Home\">Home<\/a>\n\t\t<\/span><span class=\"aioseo-breadcrumb-separator\">\u00bb<\/span><span class=\"aioseo-breadcrumb\">\n\t\t\t<a href=\"https:\/\/fedai.az\/?cat=1\" title=\"Siyas\u0259t\">Siyas\u0259t<\/a>\n\t\t<\/span><span class=\"aioseo-breadcrumb-separator\">\u00bb<\/span><span class=\"aioseo-breadcrumb\">\n\t\t\t\u018frdo\u011fan \u2014 Bayden g\u00f6r\u00fc\u015f\u00fc ba\u015flad\u0131\n\t\t<\/span><\/div>","aioseo_breadcrumb_json":[{"label":"Home","link":"https:\/\/fedai.az"},{"label":"Siyas\u0259t","link":"https:\/\/fedai.az\/?cat=1"},{"label":"\u018frdo\u011fan &#8212; Bayden g\u00f6r\u00fc\u015f\u00fc ba\u015flad\u0131","link":"https:\/\/fedai.az\/?p=74807"}],"_links":{"self":[{"href":"https:\/\/fedai.az\/index.php?rest_route=\/wp\/v2\/posts\/74807","targetHints":{"allow":["GET"]}}],"collection":[{"href":"https:\/\/fedai.az\/index.php?rest_route=\/wp\/v2\/posts"}],"about":[{"href":"https:\/\/fedai.az\/index.php?rest_route=\/wp\/v2\/types\/post"}],"author":[{"embeddable":true,"href":"https:\/\/fedai.az\/index.php?rest_route=\/wp\/v2\/users\/2"}],"replies":[{"embeddable":true,"href":"https:\/\/fedai.az\/index.php?rest_route=%2Fwp%2Fv2%2Fcomments&post=74807"}],"version-history":[{"count":1,"href":"https:\/\/fedai.az\/index.php?rest_route=\/wp\/v2\/posts\/74807\/revisions"}],"predecessor-version":[{"id":74809,"href":"https:\/\/fedai.az\/index.php?rest_route=\/wp\/v2\/posts\/74807\/revisions\/74809"}],"wp:attachment":[{"href":"https:\/\/fedai.az\/index.php?rest_route=%2Fwp%2Fv2%2Fmedia&parent=74807"}],"wp:term":[{"taxonomy":"category","embeddable":true,"href":"https:\/\/fedai.az\/index.php?rest_route=%2Fwp%2Fv2%2Fcategories&post=74807"},{"taxonomy":"post_tag","embeddable":true,"href":"https:\/\/fedai.az\/index.php?rest_route=%2Fwp%2Fv2%2Ftags&post=74807"}],"curies":[{"name":"wp","href":"https:\/\/api.w.org\/{rel}","templated":true}]}}