{"id":74810,"date":"2022-06-30T10:20:27","date_gmt":"2022-06-30T06:20:27","guid":{"rendered":"https:\/\/fedai.az\/?p=74810"},"modified":"2022-06-30T10:20:30","modified_gmt":"2022-06-30T06:20:30","slug":"turkiy%c9%99d%c9%99-yangin-sondurm%c9%99d%c9%99-istirak-ed%c9%99n-soydaslarimiz-yola-salinib","status":"publish","type":"post","link":"https:\/\/fedai.az\/?p=74810","title":{"rendered":"T\u00fcrkiy\u0259d\u0259 yan\u011f\u0131n s\u00f6nd\u00fcrm\u0259d\u0259 i\u015ftirak ed\u0259n soyda\u015flar\u0131m\u0131z yola sal\u0131n\u0131b"},"content":{"rendered":"\n<p class=\"wp-block-paragraph\"><strong>T\u00fcrkiy\u0259nin Marmaris \u015f\u0259h\u0259rind\u0259 me\u015f\u0259 yan\u011f\u0131nlar\u0131n\u0131 s\u00f6nd\u00fcrm\u0259y\u0259 k\u00f6m\u0259k m\u0259qs\u0259dil\u0259 g\u00f6nd\u0259ril\u0259n hey\u0259tin Az\u0259rbaycana yola sal\u0131nma m\u0259rasimi ke\u00e7irilib.<\/strong><\/p>\n\n\n\n<p class=\"wp-block-paragraph\">Bu bar\u0259d\u0259 T\u00fcrkiy\u0259 Milli M\u00fcdafi\u0259 Nazirliyi \u201cTwitter\u201d hesab\u0131ndan payla\u015f\u0131m edib:<\/p>\n\n\n\n<p class=\"wp-block-paragraph\">\u201cMarmarisd\u0259 yan\u011f\u0131ns\u00f6nd\u00fcrm\u0259 i\u015fl\u0259rin\u0259 d\u0259st\u0259k olmaq \u00fc\u00e7\u00fcn \u00f6lk\u0259miz\u0259 g\u0259l\u0259n az\u0259rbaycanl\u0131 v\u0259 q\u0259t\u0259rli \u015f\u0259xsi hey\u0259t \u00fc\u00e7\u00fcn Dalaman Hava Liman\u0131 Komandanl\u0131\u011f\u0131m\u0131zda yolasalma m\u0259rasimi ke\u00e7irilib v\u0259 \u015f\u0259xsi hey\u0259t\u0259 verdikl\u0259ri t\u00f6hf\u0259l\u0259r\u0259 g\u00f6r\u0259 xatir\u0259 \u0259\u015fyas\u0131 t\u0259qdim edilib\u201d.<\/p>\n\n\n\n<figure class=\"wp-block-embed is-type-rich is-provider-twitter wp-block-embed-twitter\"><div class=\"wp-block-embed__wrapper\">\n<blockquote class=\"twitter-tweet\" data-width=\"550\" data-dnt=\"true\"><p lang=\"tr\" dir=\"ltr\">Marmaris\u2019teki yang\u0131n s\u00f6nd\u00fcrme \u00e7al\u0131\u015fmalar\u0131na destek sa\u011flamak amac\u0131yla \u00fclkemize gelen Azerbaycanl\u0131 ve Katarl\u0131 personel i\u00e7in Dalaman Hava Meydan Komutanl\u0131\u011f\u0131m\u0131zda u\u011furlama t\u00f6reni d\u00fczenlendi ve personele katk\u0131lar\u0131ndan dolay\u0131 an\u0131 objesi takdim edildi.<a href=\"https:\/\/twitter.com\/hashtag\/MSB?src=hash&amp;ref_src=twsrc%5Etfw\">#MSB<\/a> <a href=\"https:\/\/t.co\/qgX8AJOrT1\">pic.twitter.com\/qgX8AJOrT1<\/a><\/p>&mdash; T.C. Mill\u00ee Savunma Bakanl\u0131\u011f\u0131 (@tcsavunma) <a href=\"https:\/\/twitter.com\/tcsavunma\/status\/1542112311132971008?ref_src=twsrc%5Etfw\">June 29, 2022<\/a><\/blockquote><script async src=\"https:\/\/platform.twitter.com\/widgets.js\" charset=\"utf-8\"><\/script>\n<\/div><\/figure>\n","protected":false},"excerpt":{"rendered":"<p>T\u00fcrkiy\u0259nin Marmaris \u015f\u0259h\u0259rind\u0259 me\u015f\u0259 yan\u011f\u0131nlar\u0131n\u0131 s\u00f6nd\u00fcrm\u0259y\u0259 k\u00f6m\u0259k m\u0259qs\u0259dil\u0259 g\u00f6nd\u0259ril\u0259n hey\u0259tin Az\u0259rbaycana yola sal\u0131nma m\u0259rasimi ke\u00e7irilib. Bu bar\u0259d\u0259 T\u00fcrkiy\u0259 Milli M\u00fcdafi\u0259 Nazirliyi \u201cTwitter\u201d hesab\u0131ndan payla\u015f\u0131m<\/p>\n","protected":false},"author":2,"featured_media":0,"comment_status":"closed","ping_status":"closed","sticky":false,"template":"","format":"standard","meta":{"footnotes":""},"categories":[3],"tags":[],"class_list":["post-74810","post","type-post","status-publish","format-standard","hentry","category-gundm"],"aioseo_notices":[],"aioseo_head":"\n\t\t<!-- All in One SEO 5.0.0.1 - aioseo.com -->\n\t<meta name=\"description\" content=\"T\u00fcrkiy\u0259nin Marmaris \u015f\u0259h\u0259rind\u0259 me\u015f\u0259 yan\u011f\u0131nlar\u0131n\u0131 s\u00f6nd\u00fcrm\u0259y\u0259 k\u00f6m\u0259k m\u0259qs\u0259dil\u0259 g\u00f6nd\u0259ril\u0259n hey\u0259tin Az\u0259rbaycana yola sal\u0131nma m\u0259rasimi ke\u00e7irilib. Bu bar\u0259d\u0259 T\u00fcrkiy\u0259 Milli M\u00fcdafi\u0259 Nazirliyi \u201cTwitter\u201d hesab\u0131ndan payla\u015f\u0131m edib: \u201cMarmarisd\u0259 yan\u011f\u0131ns\u00f6nd\u00fcrm\u0259 i\u015fl\u0259rin\u0259 d\u0259st\u0259k olmaq \u00fc\u00e7\u00fcn \u00f6lk\u0259miz\u0259 g\u0259l\u0259n az\u0259rbaycanl\u0131 v\u0259 q\u0259t\u0259rli \u015f\u0259xsi hey\u0259t \u00fc\u00e7\u00fcn Dalaman Hava Liman\u0131 Komandanl\u0131\u011f\u0131m\u0131zda yolasalma m\u0259rasimi ke\u00e7irilib v\u0259 \u015f\u0259xsi hey\u0259t\u0259 verdikl\u0259ri t\u00f6hf\u0259l\u0259r\u0259 g\u00f6r\u0259 xatir\u0259 \u0259\u015fyas\u0131 t\u0259qdim\" \/>\n\t<meta name=\"robots\" content=\"max-image-preview:large\" \/>\n\t<meta name=\"author\" content=\"www.Fedai.az\"\/>\n\t<link rel=\"canonical\" href=\"https:\/\/fedai.az\/?p=74810\" \/>\n\t<meta name=\"generator\" content=\"All in One SEO (AIOSEO) 5.0.0.1\" \/>\n\t\t<meta property=\"og:locale\" content=\"ru_RU\" \/>\n\t\t<meta property=\"og:site_name\" content=\"&quot;F\u0259dai&quot; q\u0259zeti\" \/>\n\t\t<meta property=\"og:type\" content=\"article\" \/>\n\t\t<meta property=\"og:title\" content=\"T\u00fcrkiy\u0259d\u0259 yan\u011f\u0131n s\u00f6nd\u00fcrm\u0259d\u0259 i\u015ftirak ed\u0259n soyda\u015flar\u0131m\u0131z yola sal\u0131n\u0131b | &quot;F\u0259dai&quot; q\u0259zeti\" \/>\n\t\t<meta property=\"og:description\" content=\"T\u00fcrkiy\u0259nin Marmaris \u015f\u0259h\u0259rind\u0259 me\u015f\u0259 yan\u011f\u0131nlar\u0131n\u0131 s\u00f6nd\u00fcrm\u0259y\u0259 k\u00f6m\u0259k m\u0259qs\u0259dil\u0259 g\u00f6nd\u0259ril\u0259n hey\u0259tin Az\u0259rbaycana yola sal\u0131nma m\u0259rasimi ke\u00e7irilib. Bu bar\u0259d\u0259 T\u00fcrkiy\u0259 Milli M\u00fcdafi\u0259 Nazirliyi \u201cTwitter\u201d hesab\u0131ndan payla\u015f\u0131m edib: \u201cMarmarisd\u0259 yan\u011f\u0131ns\u00f6nd\u00fcrm\u0259 i\u015fl\u0259rin\u0259 d\u0259st\u0259k olmaq \u00fc\u00e7\u00fcn \u00f6lk\u0259miz\u0259 g\u0259l\u0259n az\u0259rbaycanl\u0131 v\u0259 q\u0259t\u0259rli \u015f\u0259xsi hey\u0259t \u00fc\u00e7\u00fcn Dalaman Hava Liman\u0131 Komandanl\u0131\u011f\u0131m\u0131zda yolasalma m\u0259rasimi ke\u00e7irilib v\u0259 \u015f\u0259xsi hey\u0259t\u0259 verdikl\u0259ri t\u00f6hf\u0259l\u0259r\u0259 g\u00f6r\u0259 xatir\u0259 \u0259\u015fyas\u0131 t\u0259qdim\" \/>\n\t\t<meta property=\"og:url\" content=\"https:\/\/fedai.az\/?p=74810\" \/>\n\t\t<meta property=\"fb:app_id\" content=\"696809432257740\" \/>\n\t\t<meta property=\"og:image\" content=\"https:\/\/fedai.az\/wp-content\/uploads\/2022\/09\/logo3.png\" \/>\n\t\t<meta property=\"og:image:secure_url\" content=\"https:\/\/fedai.az\/wp-content\/uploads\/2022\/09\/logo3.png\" \/>\n\t\t<meta property=\"article:published_time\" content=\"2022-06-30T06:20:27+00:00\" \/>\n\t\t<meta property=\"article:modified_time\" content=\"2022-06-30T06:20:30+00:00\" \/>\n\t\t<meta property=\"article:publisher\" content=\"https:\/\/facebook.com\/fedai.az\" \/>\n\t\t<meta name=\"twitter:card\" content=\"summary\" \/>\n\t\t<meta name=\"twitter:site\" content=\"@fedai.az\" \/>\n\t\t<meta name=\"twitter:title\" content=\"T\u00fcrkiy\u0259d\u0259 yan\u011f\u0131n s\u00f6nd\u00fcrm\u0259d\u0259 i\u015ftirak ed\u0259n soyda\u015flar\u0131m\u0131z yola sal\u0131n\u0131b | &quot;F\u0259dai&quot; q\u0259zeti\" \/>\n\t\t<meta name=\"twitter:description\" content=\"T\u00fcrkiy\u0259nin Marmaris \u015f\u0259h\u0259rind\u0259 me\u015f\u0259 yan\u011f\u0131nlar\u0131n\u0131 s\u00f6nd\u00fcrm\u0259y\u0259 k\u00f6m\u0259k m\u0259qs\u0259dil\u0259 g\u00f6nd\u0259ril\u0259n hey\u0259tin Az\u0259rbaycana yola sal\u0131nma m\u0259rasimi ke\u00e7irilib. Bu bar\u0259d\u0259 T\u00fcrkiy\u0259 Milli M\u00fcdafi\u0259 Nazirliyi \u201cTwitter\u201d hesab\u0131ndan payla\u015f\u0131m edib: \u201cMarmarisd\u0259 yan\u011f\u0131ns\u00f6nd\u00fcrm\u0259 i\u015fl\u0259rin\u0259 d\u0259st\u0259k olmaq \u00fc\u00e7\u00fcn \u00f6lk\u0259miz\u0259 g\u0259l\u0259n az\u0259rbaycanl\u0131 v\u0259 q\u0259t\u0259rli \u015f\u0259xsi hey\u0259t \u00fc\u00e7\u00fcn Dalaman Hava Liman\u0131 Komandanl\u0131\u011f\u0131m\u0131zda yolasalma m\u0259rasimi ke\u00e7irilib v\u0259 \u015f\u0259xsi hey\u0259t\u0259 verdikl\u0259ri t\u00f6hf\u0259l\u0259r\u0259 g\u00f6r\u0259 xatir\u0259 \u0259\u015fyas\u0131 t\u0259qdim\" \/>\n\t\t<meta name=\"twitter:image\" content=\"https:\/\/fedai.az\/wp-content\/uploads\/2022\/09\/logo3.png\" \/>\n\t\t<script type=\"application\/ld+json\" class=\"aioseo-schema\">\n\t\t\t{\"@context\":\"https:\\\/\\\/schema.org\",\"@graph\":[{\"@type\":\"Article\",\"@id\":\"https:\\\/\\\/fedai.az\\\/?p=74810#article\",\"name\":\"T\\u00fcrkiy\\u0259d\\u0259 yan\\u011f\\u0131n s\\u00f6nd\\u00fcrm\\u0259d\\u0259 i\\u015ftirak ed\\u0259n soyda\\u015flar\\u0131m\\u0131z yola sal\\u0131n\\u0131b | \\\"F\\u0259dai\\\" q\\u0259zeti\",\"headline\":\"T\\u00fcrkiy\\u0259d\\u0259 yan\\u011f\\u0131n s\\u00f6nd\\u00fcrm\\u0259d\\u0259 i\\u015ftirak ed\\u0259n soyda\\u015flar\\u0131m\\u0131z yola sal\\u0131n\\u0131b\",\"author\":{\"@id\":\"https:\\\/\\\/fedai.az\\\/?author=2#author\"},\"publisher\":{\"@id\":\"https:\\\/\\\/fedai.az\\\/#organization\"},\"image\":{\"@type\":\"ImageObject\",\"url\":\"https:\\\/\\\/fedai.az\\\/wp-content\\\/uploads\\\/2022\\\/09\\\/logo3.png\",\"@id\":\"https:\\\/\\\/fedai.az\\\/#articleImage\",\"width\":500,\"height\":100},\"datePublished\":\"2022-06-30T10:20:27+04:00\",\"dateModified\":\"2022-06-30T10:20:30+04:00\",\"inLanguage\":\"ru-RU\",\"mainEntityOfPage\":{\"@id\":\"https:\\\/\\\/fedai.az\\\/?p=74810#webpage\"},\"isPartOf\":{\"@id\":\"https:\\\/\\\/fedai.az\\\/?p=74810#webpage\"},\"articleSection\":\"G\\u00fcnd\\u0259m\"},{\"@type\":\"BreadcrumbList\",\"@id\":\"https:\\\/\\\/fedai.az\\\/?p=74810#breadcrumblist\",\"itemListElement\":[{\"@type\":\"ListItem\",\"@id\":\"https:\\\/\\\/fedai.az#listItem\",\"position\":1,\"name\":\"Home\",\"item\":\"https:\\\/\\\/fedai.az\",\"nextItem\":{\"@type\":\"ListItem\",\"@id\":\"https:\\\/\\\/fedai.az\\\/?cat=3#listItem\",\"name\":\"G\\u00fcnd\\u0259m\"}},{\"@type\":\"ListItem\",\"@id\":\"https:\\\/\\\/fedai.az\\\/?cat=3#listItem\",\"position\":2,\"name\":\"G\\u00fcnd\\u0259m\",\"item\":\"https:\\\/\\\/fedai.az\\\/?cat=3\",\"nextItem\":{\"@type\":\"ListItem\",\"@id\":\"https:\\\/\\\/fedai.az\\\/?p=74810#listItem\",\"name\":\"T\\u00fcrkiy\\u0259d\\u0259 yan\\u011f\\u0131n s\\u00f6nd\\u00fcrm\\u0259d\\u0259 i\\u015ftirak ed\\u0259n soyda\\u015flar\\u0131m\\u0131z yola sal\\u0131n\\u0131b\"},\"previousItem\":{\"@type\":\"ListItem\",\"@id\":\"https:\\\/\\\/fedai.az#listItem\",\"name\":\"Home\"}},{\"@type\":\"ListItem\",\"@id\":\"https:\\\/\\\/fedai.az\\\/?p=74810#listItem\",\"position\":3,\"name\":\"T\\u00fcrkiy\\u0259d\\u0259 yan\\u011f\\u0131n s\\u00f6nd\\u00fcrm\\u0259d\\u0259 i\\u015ftirak ed\\u0259n soyda\\u015flar\\u0131m\\u0131z yola sal\\u0131n\\u0131b\",\"previousItem\":{\"@type\":\"ListItem\",\"@id\":\"https:\\\/\\\/fedai.az\\\/?cat=3#listItem\",\"name\":\"G\\u00fcnd\\u0259m\"}}]},{\"@type\":\"Organization\",\"@id\":\"https:\\\/\\\/fedai.az\\\/#organization\",\"name\":\"\\\"F\\u0259dai\\\" q\\u0259zeti\",\"description\":\"Az\\u0259rbaycan V\\u0259t\\u0259n M\\u00fcharib\\u0259si Veteranlar\\u0131 \\u0130ctimai Birliyi\",\"url\":\"https:\\\/\\\/fedai.az\\\/\",\"logo\":{\"@type\":\"ImageObject\",\"url\":\"https:\\\/\\\/fedai.az\\\/wp-content\\\/uploads\\\/2022\\\/09\\\/logo3.png\",\"@id\":\"https:\\\/\\\/fedai.az\\\/?p=74810\\\/#organizationLogo\",\"width\":500,\"height\":100},\"image\":{\"@id\":\"https:\\\/\\\/fedai.az\\\/?p=74810\\\/#organizationLogo\"},\"sameAs\":[\"https:\\\/\\\/instagram.com\\\/fedai.az\",\"https:\\\/\\\/pinterest.com\\\/fedai.az\",\"https:\\\/\\\/youtube.com\\\/fedai.az\",\"https:\\\/\\\/linkedin.com\\\/in\\\/fedai.az\"]},{\"@type\":\"Person\",\"@id\":\"https:\\\/\\\/fedai.az\\\/?author=2#author\",\"url\":\"https:\\\/\\\/fedai.az\\\/?author=2\",\"name\":\"www.Fedai.az\",\"image\":{\"@type\":\"ImageObject\",\"@id\":\"https:\\\/\\\/fedai.az\\\/?p=74810#authorImage\",\"url\":\"https:\\\/\\\/secure.gravatar.com\\\/avatar\\\/d861e138a4bd3ce6812a7aa95e796aa05e165f28ecde9a972c6789a09fcd1daa?s=96&d=mm&r=g\",\"width\":96,\"height\":96,\"caption\":\"www.Fedai.az\"}},{\"@type\":\"WebPage\",\"@id\":\"https:\\\/\\\/fedai.az\\\/?p=74810#webpage\",\"url\":\"https:\\\/\\\/fedai.az\\\/?p=74810\",\"name\":\"T\\u00fcrkiy\\u0259d\\u0259 yan\\u011f\\u0131n s\\u00f6nd\\u00fcrm\\u0259d\\u0259 i\\u015ftirak ed\\u0259n soyda\\u015flar\\u0131m\\u0131z yola sal\\u0131n\\u0131b | \\\"F\\u0259dai\\\" q\\u0259zeti\",\"description\":\"T\\u00fcrkiy\\u0259nin Marmaris \\u015f\\u0259h\\u0259rind\\u0259 me\\u015f\\u0259 yan\\u011f\\u0131nlar\\u0131n\\u0131 s\\u00f6nd\\u00fcrm\\u0259y\\u0259 k\\u00f6m\\u0259k m\\u0259qs\\u0259dil\\u0259 g\\u00f6nd\\u0259ril\\u0259n hey\\u0259tin Az\\u0259rbaycana yola sal\\u0131nma m\\u0259rasimi ke\\u00e7irilib. Bu bar\\u0259d\\u0259 T\\u00fcrkiy\\u0259 Milli M\\u00fcdafi\\u0259 Nazirliyi \\u201cTwitter\\u201d hesab\\u0131ndan payla\\u015f\\u0131m edib: \\u201cMarmarisd\\u0259 yan\\u011f\\u0131ns\\u00f6nd\\u00fcrm\\u0259 i\\u015fl\\u0259rin\\u0259 d\\u0259st\\u0259k olmaq \\u00fc\\u00e7\\u00fcn \\u00f6lk\\u0259miz\\u0259 g\\u0259l\\u0259n az\\u0259rbaycanl\\u0131 v\\u0259 q\\u0259t\\u0259rli \\u015f\\u0259xsi hey\\u0259t \\u00fc\\u00e7\\u00fcn Dalaman Hava Liman\\u0131 Komandanl\\u0131\\u011f\\u0131m\\u0131zda yolasalma m\\u0259rasimi ke\\u00e7irilib v\\u0259 \\u015f\\u0259xsi hey\\u0259t\\u0259 verdikl\\u0259ri t\\u00f6hf\\u0259l\\u0259r\\u0259 g\\u00f6r\\u0259 xatir\\u0259 \\u0259\\u015fyas\\u0131 t\\u0259qdim\",\"inLanguage\":\"ru-RU\",\"isPartOf\":{\"@id\":\"https:\\\/\\\/fedai.az\\\/#website\"},\"breadcrumb\":{\"@id\":\"https:\\\/\\\/fedai.az\\\/?p=74810#breadcrumblist\"},\"author\":{\"@id\":\"https:\\\/\\\/fedai.az\\\/?author=2#author\"},\"creator\":{\"@id\":\"https:\\\/\\\/fedai.az\\\/?author=2#author\"},\"datePublished\":\"2022-06-30T10:20:27+04:00\",\"dateModified\":\"2022-06-30T10:20:30+04:00\"},{\"@type\":\"WebSite\",\"@id\":\"https:\\\/\\\/fedai.az\\\/#website\",\"url\":\"https:\\\/\\\/fedai.az\\\/\",\"name\":\"\\\"F\\u0259dai\\\" q\\u0259zeti\",\"description\":\"Az\\u0259rbaycan V\\u0259t\\u0259n M\\u00fcharib\\u0259si Veteranlar\\u0131 \\u0130ctimai Birliyi\",\"inLanguage\":\"ru-RU\",\"publisher\":{\"@id\":\"https:\\\/\\\/fedai.az\\\/#organization\"}}]}\n\t\t<\/script>\n\t\t<!-- All in One SEO -->\n\n","aioseo_head_json":{"title":"T\u00fcrkiy\u0259d\u0259 yan\u011f\u0131n s\u00f6nd\u00fcrm\u0259d\u0259 i\u015ftirak ed\u0259n soyda\u015flar\u0131m\u0131z yola sal\u0131n\u0131b | \"F\u0259dai\" q\u0259zeti","description":"T\u00fcrkiy\u0259nin Marmaris \u015f\u0259h\u0259rind\u0259 me\u015f\u0259 yan\u011f\u0131nlar\u0131n\u0131 s\u00f6nd\u00fcrm\u0259y\u0259 k\u00f6m\u0259k m\u0259qs\u0259dil\u0259 g\u00f6nd\u0259ril\u0259n hey\u0259tin Az\u0259rbaycana yola sal\u0131nma m\u0259rasimi ke\u00e7irilib. Bu bar\u0259d\u0259 T\u00fcrkiy\u0259 Milli M\u00fcdafi\u0259 Nazirliyi \u201cTwitter\u201d hesab\u0131ndan payla\u015f\u0131m edib: \u201cMarmarisd\u0259 yan\u011f\u0131ns\u00f6nd\u00fcrm\u0259 i\u015fl\u0259rin\u0259 d\u0259st\u0259k olmaq \u00fc\u00e7\u00fcn \u00f6lk\u0259miz\u0259 g\u0259l\u0259n az\u0259rbaycanl\u0131 v\u0259 q\u0259t\u0259rli \u015f\u0259xsi hey\u0259t \u00fc\u00e7\u00fcn Dalaman Hava Liman\u0131 Komandanl\u0131\u011f\u0131m\u0131zda yolasalma m\u0259rasimi ke\u00e7irilib v\u0259 \u015f\u0259xsi hey\u0259t\u0259 verdikl\u0259ri t\u00f6hf\u0259l\u0259r\u0259 g\u00f6r\u0259 xatir\u0259 \u0259\u015fyas\u0131 t\u0259qdim","canonical_url":"https:\/\/fedai.az\/?p=74810","robots":"max-image-preview:large","keywords":"","webmasterTools":{"miscellaneous":""},"schema":{"@context":"https:\/\/schema.org","@graph":[{"@type":"Article","@id":"https:\/\/fedai.az\/?p=74810#article","name":"T\u00fcrkiy\u0259d\u0259 yan\u011f\u0131n s\u00f6nd\u00fcrm\u0259d\u0259 i\u015ftirak ed\u0259n soyda\u015flar\u0131m\u0131z yola sal\u0131n\u0131b | \"F\u0259dai\" q\u0259zeti","headline":"T\u00fcrkiy\u0259d\u0259 yan\u011f\u0131n s\u00f6nd\u00fcrm\u0259d\u0259 i\u015ftirak ed\u0259n soyda\u015flar\u0131m\u0131z yola sal\u0131n\u0131b","author":{"@id":"https:\/\/fedai.az\/?author=2#author"},"publisher":{"@id":"https:\/\/fedai.az\/#organization"},"image":{"@type":"ImageObject","url":"https:\/\/fedai.az\/wp-content\/uploads\/2022\/09\/logo3.png","@id":"https:\/\/fedai.az\/#articleImage","width":500,"height":100},"datePublished":"2022-06-30T10:20:27+04:00","dateModified":"2022-06-30T10:20:30+04:00","inLanguage":"ru-RU","mainEntityOfPage":{"@id":"https:\/\/fedai.az\/?p=74810#webpage"},"isPartOf":{"@id":"https:\/\/fedai.az\/?p=74810#webpage"},"articleSection":"G\u00fcnd\u0259m"},{"@type":"BreadcrumbList","@id":"https:\/\/fedai.az\/?p=74810#breadcrumblist","itemListElement":[{"@type":"ListItem","@id":"https:\/\/fedai.az#listItem","position":1,"name":"Home","item":"https:\/\/fedai.az","nextItem":{"@type":"ListItem","@id":"https:\/\/fedai.az\/?cat=3#listItem","name":"G\u00fcnd\u0259m"}},{"@type":"ListItem","@id":"https:\/\/fedai.az\/?cat=3#listItem","position":2,"name":"G\u00fcnd\u0259m","item":"https:\/\/fedai.az\/?cat=3","nextItem":{"@type":"ListItem","@id":"https:\/\/fedai.az\/?p=74810#listItem","name":"T\u00fcrkiy\u0259d\u0259 yan\u011f\u0131n s\u00f6nd\u00fcrm\u0259d\u0259 i\u015ftirak ed\u0259n soyda\u015flar\u0131m\u0131z yola sal\u0131n\u0131b"},"previousItem":{"@type":"ListItem","@id":"https:\/\/fedai.az#listItem","name":"Home"}},{"@type":"ListItem","@id":"https:\/\/fedai.az\/?p=74810#listItem","position":3,"name":"T\u00fcrkiy\u0259d\u0259 yan\u011f\u0131n s\u00f6nd\u00fcrm\u0259d\u0259 i\u015ftirak ed\u0259n soyda\u015flar\u0131m\u0131z yola sal\u0131n\u0131b","previousItem":{"@type":"ListItem","@id":"https:\/\/fedai.az\/?cat=3#listItem","name":"G\u00fcnd\u0259m"}}]},{"@type":"Organization","@id":"https:\/\/fedai.az\/#organization","name":"\"F\u0259dai\" q\u0259zeti","description":"Az\u0259rbaycan V\u0259t\u0259n M\u00fcharib\u0259si Veteranlar\u0131 \u0130ctimai Birliyi","url":"https:\/\/fedai.az\/","logo":{"@type":"ImageObject","url":"https:\/\/fedai.az\/wp-content\/uploads\/2022\/09\/logo3.png","@id":"https:\/\/fedai.az\/?p=74810\/#organizationLogo","width":500,"height":100},"image":{"@id":"https:\/\/fedai.az\/?p=74810\/#organizationLogo"},"sameAs":["https:\/\/instagram.com\/fedai.az","https:\/\/pinterest.com\/fedai.az","https:\/\/youtube.com\/fedai.az","https:\/\/linkedin.com\/in\/fedai.az"]},{"@type":"Person","@id":"https:\/\/fedai.az\/?author=2#author","url":"https:\/\/fedai.az\/?author=2","name":"www.Fedai.az","image":{"@type":"ImageObject","@id":"https:\/\/fedai.az\/?p=74810#authorImage","url":"https:\/\/secure.gravatar.com\/avatar\/d861e138a4bd3ce6812a7aa95e796aa05e165f28ecde9a972c6789a09fcd1daa?s=96&d=mm&r=g","width":96,"height":96,"caption":"www.Fedai.az"}},{"@type":"WebPage","@id":"https:\/\/fedai.az\/?p=74810#webpage","url":"https:\/\/fedai.az\/?p=74810","name":"T\u00fcrkiy\u0259d\u0259 yan\u011f\u0131n s\u00f6nd\u00fcrm\u0259d\u0259 i\u015ftirak ed\u0259n soyda\u015flar\u0131m\u0131z yola sal\u0131n\u0131b | \"F\u0259dai\" q\u0259zeti","description":"T\u00fcrkiy\u0259nin Marmaris \u015f\u0259h\u0259rind\u0259 me\u015f\u0259 yan\u011f\u0131nlar\u0131n\u0131 s\u00f6nd\u00fcrm\u0259y\u0259 k\u00f6m\u0259k m\u0259qs\u0259dil\u0259 g\u00f6nd\u0259ril\u0259n hey\u0259tin Az\u0259rbaycana yola sal\u0131nma m\u0259rasimi ke\u00e7irilib. Bu bar\u0259d\u0259 T\u00fcrkiy\u0259 Milli M\u00fcdafi\u0259 Nazirliyi \u201cTwitter\u201d hesab\u0131ndan payla\u015f\u0131m edib: \u201cMarmarisd\u0259 yan\u011f\u0131ns\u00f6nd\u00fcrm\u0259 i\u015fl\u0259rin\u0259 d\u0259st\u0259k olmaq \u00fc\u00e7\u00fcn \u00f6lk\u0259miz\u0259 g\u0259l\u0259n az\u0259rbaycanl\u0131 v\u0259 q\u0259t\u0259rli \u015f\u0259xsi hey\u0259t \u00fc\u00e7\u00fcn Dalaman Hava Liman\u0131 Komandanl\u0131\u011f\u0131m\u0131zda yolasalma m\u0259rasimi ke\u00e7irilib v\u0259 \u015f\u0259xsi hey\u0259t\u0259 verdikl\u0259ri t\u00f6hf\u0259l\u0259r\u0259 g\u00f6r\u0259 xatir\u0259 \u0259\u015fyas\u0131 t\u0259qdim","inLanguage":"ru-RU","isPartOf":{"@id":"https:\/\/fedai.az\/#website"},"breadcrumb":{"@id":"https:\/\/fedai.az\/?p=74810#breadcrumblist"},"author":{"@id":"https:\/\/fedai.az\/?author=2#author"},"creator":{"@id":"https:\/\/fedai.az\/?author=2#author"},"datePublished":"2022-06-30T10:20:27+04:00","dateModified":"2022-06-30T10:20:30+04:00"},{"@type":"WebSite","@id":"https:\/\/fedai.az\/#website","url":"https:\/\/fedai.az\/","name":"\"F\u0259dai\" q\u0259zeti","description":"Az\u0259rbaycan V\u0259t\u0259n M\u00fcharib\u0259si Veteranlar\u0131 \u0130ctimai Birliyi","inLanguage":"ru-RU","publisher":{"@id":"https:\/\/fedai.az\/#organization"}}]},"og:locale":"ru_RU","og:site_name":"&quot;F\u0259dai&quot; q\u0259zeti","og:type":"article","og:title":"T\u00fcrkiy\u0259d\u0259 yan\u011f\u0131n s\u00f6nd\u00fcrm\u0259d\u0259 i\u015ftirak ed\u0259n soyda\u015flar\u0131m\u0131z yola sal\u0131n\u0131b | &quot;F\u0259dai&quot; q\u0259zeti","og:description":"T\u00fcrkiy\u0259nin Marmaris \u015f\u0259h\u0259rind\u0259 me\u015f\u0259 yan\u011f\u0131nlar\u0131n\u0131 s\u00f6nd\u00fcrm\u0259y\u0259 k\u00f6m\u0259k m\u0259qs\u0259dil\u0259 g\u00f6nd\u0259ril\u0259n hey\u0259tin Az\u0259rbaycana yola sal\u0131nma m\u0259rasimi ke\u00e7irilib. Bu bar\u0259d\u0259 T\u00fcrkiy\u0259 Milli M\u00fcdafi\u0259 Nazirliyi \u201cTwitter\u201d hesab\u0131ndan payla\u015f\u0131m edib: \u201cMarmarisd\u0259 yan\u011f\u0131ns\u00f6nd\u00fcrm\u0259 i\u015fl\u0259rin\u0259 d\u0259st\u0259k olmaq \u00fc\u00e7\u00fcn \u00f6lk\u0259miz\u0259 g\u0259l\u0259n az\u0259rbaycanl\u0131 v\u0259 q\u0259t\u0259rli \u015f\u0259xsi hey\u0259t \u00fc\u00e7\u00fcn Dalaman Hava Liman\u0131 Komandanl\u0131\u011f\u0131m\u0131zda yolasalma m\u0259rasimi ke\u00e7irilib v\u0259 \u015f\u0259xsi hey\u0259t\u0259 verdikl\u0259ri t\u00f6hf\u0259l\u0259r\u0259 g\u00f6r\u0259 xatir\u0259 \u0259\u015fyas\u0131 t\u0259qdim","og:url":"https:\/\/fedai.az\/?p=74810","fb:app_id":"696809432257740","og:image":"https:\/\/fedai.az\/wp-content\/uploads\/2022\/09\/logo3.png","og:image:secure_url":"https:\/\/fedai.az\/wp-content\/uploads\/2022\/09\/logo3.png","article:published_time":"2022-06-30T06:20:27+00:00","article:modified_time":"2022-06-30T06:20:30+00:00","article:publisher":"https:\/\/facebook.com\/fedai.az","twitter:card":"summary","twitter:site":"@fedai.az","twitter:title":"T\u00fcrkiy\u0259d\u0259 yan\u011f\u0131n s\u00f6nd\u00fcrm\u0259d\u0259 i\u015ftirak ed\u0259n soyda\u015flar\u0131m\u0131z yola sal\u0131n\u0131b | &quot;F\u0259dai&quot; q\u0259zeti","twitter:description":"T\u00fcrkiy\u0259nin Marmaris \u015f\u0259h\u0259rind\u0259 me\u015f\u0259 yan\u011f\u0131nlar\u0131n\u0131 s\u00f6nd\u00fcrm\u0259y\u0259 k\u00f6m\u0259k m\u0259qs\u0259dil\u0259 g\u00f6nd\u0259ril\u0259n hey\u0259tin Az\u0259rbaycana yola sal\u0131nma m\u0259rasimi ke\u00e7irilib. Bu bar\u0259d\u0259 T\u00fcrkiy\u0259 Milli M\u00fcdafi\u0259 Nazirliyi \u201cTwitter\u201d hesab\u0131ndan payla\u015f\u0131m edib: \u201cMarmarisd\u0259 yan\u011f\u0131ns\u00f6nd\u00fcrm\u0259 i\u015fl\u0259rin\u0259 d\u0259st\u0259k olmaq \u00fc\u00e7\u00fcn \u00f6lk\u0259miz\u0259 g\u0259l\u0259n az\u0259rbaycanl\u0131 v\u0259 q\u0259t\u0259rli \u015f\u0259xsi hey\u0259t \u00fc\u00e7\u00fcn Dalaman Hava Liman\u0131 Komandanl\u0131\u011f\u0131m\u0131zda yolasalma m\u0259rasimi ke\u00e7irilib v\u0259 \u015f\u0259xsi hey\u0259t\u0259 verdikl\u0259ri t\u00f6hf\u0259l\u0259r\u0259 g\u00f6r\u0259 xatir\u0259 \u0259\u015fyas\u0131 t\u0259qdim","twitter:image":"https:\/\/fedai.az\/wp-content\/uploads\/2022\/09\/logo3.png"},"aioseo_meta_data":{"post_id":"74810","title":null,"description":null,"keywords":[],"keyphrases":{"focus":{"keyphrase":"","score":0,"analysis":{"keyphraseInTitle":{"score":0,"maxScore":9,"error":1}}},"additional":[]},"primary_term":null,"canonical_url":null,"og_title":null,"og_description":null,"og_object_type":"default","og_image_type":"default","og_image_url":null,"og_image_width":null,"og_image_height":null,"og_image_custom_url":null,"og_image_custom_fields":null,"og_video":"","og_custom_url":null,"og_article_section":null,"og_article_tags":[],"twitter_use_og":false,"twitter_card":"default","twitter_image_type":"default","twitter_image_url":null,"twitter_image_custom_url":null,"twitter_image_custom_fields":null,"twitter_title":null,"twitter_description":null,"schema":{"blockGraphs":[],"customGraphs":[],"default":{"data":{"Article":{"id":"aioseo-article-63bf00c7ce143","slug":"article","graphName":"Article","label":"\u0421\u0442\u0430\u0442\u044c\u044f","properties":{"type":"BlogPosting","name":"#post_title","headline":"#post_title","description":"#post_excerpt","image":"","keywords":"","author":{"name":"#author_name","url":"#author_url"},"dates":{"include":true,"datePublished":"","dateModified":""}}},"Course":[],"Dataset":[],"FAQPage":[],"Movie":[],"Person":[],"Product":[],"ProductReview":[],"Car":[],"Recipe":[],"Service":[],"SoftwareApplication":[],"WebPage":[]},"graphName":"Article","isEnabled":true},"graphs":[]},"schema_type":"default","schema_type_options":"{\"article\":{\"articleType\":\"BlogPosting\"},\"course\":{\"name\":\"\",\"description\":\"\",\"provider\":\"\"},\"faq\":{\"pages\":[]},\"product\":{\"reviews\":[]},\"recipe\":{\"ingredients\":[],\"instructions\":[],\"keywords\":[]},\"software\":{\"reviews\":[],\"operatingSystems\":[]},\"webPage\":{\"webPageType\":\"WebPage\"}}","pillar_content":false,"robots_default":true,"robots_noindex":false,"robots_noarchive":false,"robots_nosnippet":false,"robots_nofollow":false,"robots_noimageindex":false,"robots_noodp":false,"robots_notranslate":false,"robots_max_snippet":"-1","robots_max_videopreview":"-1","robots_max_imagepreview":"large","priority":null,"frequency":"default","local_seo":null,"breadcrumb_settings":null,"limit_modified_date":false,"ai":null,"created":"2022-06-30 06:17:12","updated":"2025-06-08 14:33:04","seo_analyzer_scan_date":null,"focus_keyword":null,"additional_keywords":null,"truseo_locale":null},"aioseo_breadcrumb":"<div class=\"aioseo-breadcrumbs\"><span class=\"aioseo-breadcrumb\">\n\t\t\t<a href=\"https:\/\/fedai.az\" title=\"Home\">Home<\/a>\n\t\t<\/span><span class=\"aioseo-breadcrumb-separator\">\u00bb<\/span><span class=\"aioseo-breadcrumb\">\n\t\t\t<a href=\"https:\/\/fedai.az\/?cat=3\" title=\"G\u00fcnd\u0259m\">G\u00fcnd\u0259m<\/a>\n\t\t<\/span><span class=\"aioseo-breadcrumb-separator\">\u00bb<\/span><span class=\"aioseo-breadcrumb\">\n\t\t\tT\u00fcrkiy\u0259d\u0259 yan\u011f\u0131n s\u00f6nd\u00fcrm\u0259d\u0259 i\u015ftirak ed\u0259n soyda\u015flar\u0131m\u0131z yola sal\u0131n\u0131b\n\t\t<\/span><\/div>","aioseo_breadcrumb_json":[{"label":"Home","link":"https:\/\/fedai.az"},{"label":"G\u00fcnd\u0259m","link":"https:\/\/fedai.az\/?cat=3"},{"label":"T\u00fcrkiy\u0259d\u0259 yan\u011f\u0131n s\u00f6nd\u00fcrm\u0259d\u0259 i\u015ftirak ed\u0259n soyda\u015flar\u0131m\u0131z yola sal\u0131n\u0131b","link":"https:\/\/fedai.az\/?p=74810"}],"_links":{"self":[{"href":"https:\/\/fedai.az\/index.php?rest_route=\/wp\/v2\/posts\/74810","targetHints":{"allow":["GET"]}}],"collection":[{"href":"https:\/\/fedai.az\/index.php?rest_route=\/wp\/v2\/posts"}],"about":[{"href":"https:\/\/fedai.az\/index.php?rest_route=\/wp\/v2\/types\/post"}],"author":[{"embeddable":true,"href":"https:\/\/fedai.az\/index.php?rest_route=\/wp\/v2\/users\/2"}],"replies":[{"embeddable":true,"href":"https:\/\/fedai.az\/index.php?rest_route=%2Fwp%2Fv2%2Fcomments&post=74810"}],"version-history":[{"count":1,"href":"https:\/\/fedai.az\/index.php?rest_route=\/wp\/v2\/posts\/74810\/revisions"}],"predecessor-version":[{"id":74812,"href":"https:\/\/fedai.az\/index.php?rest_route=\/wp\/v2\/posts\/74810\/revisions\/74812"}],"wp:attachment":[{"href":"https:\/\/fedai.az\/index.php?rest_route=%2Fwp%2Fv2%2Fmedia&parent=74810"}],"wp:term":[{"taxonomy":"category","embeddable":true,"href":"https:\/\/fedai.az\/index.php?rest_route=%2Fwp%2Fv2%2Fcategories&post=74810"},{"taxonomy":"post_tag","embeddable":true,"href":"https:\/\/fedai.az\/index.php?rest_route=%2Fwp%2Fv2%2Ftags&post=74810"}],"curies":[{"name":"wp","href":"https:\/\/api.w.org\/{rel}","templated":true}]}}