{"id":74816,"date":"2022-06-30T12:09:38","date_gmt":"2022-06-30T08:09:38","guid":{"rendered":"https:\/\/fedai.az\/?p=74816"},"modified":"2022-06-30T12:09:40","modified_gmt":"2022-06-30T08:09:40","slug":"ilham-%c9%99liyev-minsk-qrupu-oludur-cansizdir","status":"publish","type":"post","link":"https:\/\/fedai.az\/?p=74816","title":{"rendered":"\u0130lham \u018fliyev: \u201cMinsk qrupu \u00f6l\u00fcd\u00fcr, cans\u0131zd\u0131r\u201d"},"content":{"rendered":"\n<p class=\"wp-block-paragraph\"><strong>&#171;Art\u0131q Az\u0259rbaycan i\u015f\u011fala qoyub, Az\u0259rbaycan \u00f6z \u0259razi b\u00fct\u00f6vl\u00fcy\u00fcn\u00fc h\u0259rbi v\u0259 siyasi yolla t\u0259min edib. Bel\u0259 oldu\u011fu halda art\u0131q Minsk qrupuna ehtiyac yoxdur, biz Minsk qrupu il\u0259 vidala\u015fm\u0131\u015f\u0131q, onlarla sa\u011folla\u015fm\u0131\u015f\u0131q\u201d.<\/strong><\/p>\n\n\n\n<p class=\"wp-block-paragraph\"><br>AZ\u018fRTAC x\u0259b\u0259r verir ki, bu bar\u0259d\u0259 iyunun 30-da Prezident \u0130lham \u018fliyev Qo\u015fulmama H\u0259r\u0259kat\u0131 Parlament \u015e\u0259b\u0259k\u0259sinin Bak\u0131 konfrans\u0131nda \u00e7\u0131x\u0131\u015f\u0131nda bildirib.<\/p>\n\n\n\n<p class=\"wp-block-paragraph\"><br><strong>&#171;Lakin t\u0259\u0259ss\u00fcfl\u0259r olsun ki, Erm\u0259nistan t\u0259r\u0259fi v\u0259 dig\u0259rl\u0259ri bu qrupu canland\u0131rmaq ist\u0259yirl\u0259r. Bildirm\u0259k ist\u0259yir\u0259m ki, bu, qeyri-m\u00fcmk\u00fcnd\u00fcr. Art\u0131q o qrup \u00f6l\u00fcd\u00fcr, cans\u0131zd\u0131r. Biz i\u015f\u011faldan xeyli \u0259ziyy\u0259t \u00e7\u0259kmi\u015fik v\u0259 bunu a\u00e7\u0131q-ayd\u0131n \u015f\u0259kild\u0259 bildiririk. D\u00fc\u015f\u00fcn\u00fcr\u0259m ki, AT\u018fT-in Minsk qrupu il\u0259 ba\u011fl\u0131 h\u0259r hans\u0131 spekulyasiya n\u0259inki qeyri-m\u0259hsuldard\u0131r, eyni zamanda da\u011f\u0131d\u0131c\u0131d\u0131r, regionda s\u00fclh\u00fcn b\u0259rq\u0259rar olmas\u0131 \u00fc\u00e7\u00fcn da\u011f\u0131d\u0131c\u0131 t\u0259sir\u0259 malikdir\u201d<\/strong>, &#8212; dey\u0259 Az\u0259rbaycan Prezidenti vur\u011fulay\u0131b.<\/p>\n","protected":false},"excerpt":{"rendered":"<p>&#171;Art\u0131q Az\u0259rbaycan i\u015f\u011fala qoyub, Az\u0259rbaycan \u00f6z \u0259razi b\u00fct\u00f6vl\u00fcy\u00fcn\u00fc h\u0259rbi v\u0259 siyasi yolla t\u0259min edib. Bel\u0259 oldu\u011fu halda art\u0131q Minsk qrupuna ehtiyac yoxdur, biz Minsk<\/p>\n","protected":false},"author":2,"featured_media":0,"comment_status":"closed","ping_status":"closed","sticky":false,"template":"","format":"standard","meta":{"footnotes":""},"categories":[3],"tags":[],"class_list":["post-74816","post","type-post","status-publish","format-standard","hentry","category-gundm"],"aioseo_notices":[],"aioseo_head":"\n\t\t<!-- All in One SEO 5.0.0.1 - aioseo.com -->\n\t<meta name=\"description\" content=\"&quot;Art\u0131q Az\u0259rbaycan i\u015f\u011fala qoyub, Az\u0259rbaycan \u00f6z \u0259razi b\u00fct\u00f6vl\u00fcy\u00fcn\u00fc h\u0259rbi v\u0259 siyasi yolla t\u0259min edib. Bel\u0259 oldu\u011fu halda art\u0131q Minsk qrupuna ehtiyac yoxdur, biz Minsk qrupu il\u0259 vidala\u015fm\u0131\u015f\u0131q, onlarla sa\u011folla\u015fm\u0131\u015f\u0131q\u201d. AZ\u018fRTAC x\u0259b\u0259r verir ki, bu bar\u0259d\u0259 iyunun 30-da Prezident \u0130lham \u018fliyev Qo\u015fulmama H\u0259r\u0259kat\u0131 Parlament \u015e\u0259b\u0259k\u0259sinin Bak\u0131 konfrans\u0131nda \u00e7\u0131x\u0131\u015f\u0131nda bildirib. &quot;Lakin t\u0259\u0259ss\u00fcfl\u0259r olsun ki, Erm\u0259nistan t\u0259r\u0259fi v\u0259\" \/>\n\t<meta name=\"robots\" content=\"max-image-preview:large\" \/>\n\t<meta name=\"author\" content=\"www.Fedai.az\"\/>\n\t<link rel=\"canonical\" href=\"https:\/\/fedai.az\/?p=74816\" \/>\n\t<meta name=\"generator\" content=\"All in One SEO (AIOSEO) 5.0.0.1\" \/>\n\t\t<meta property=\"og:locale\" content=\"ru_RU\" \/>\n\t\t<meta property=\"og:site_name\" content=\"&quot;F\u0259dai&quot; q\u0259zeti\" \/>\n\t\t<meta property=\"og:type\" content=\"article\" \/>\n\t\t<meta property=\"og:title\" content=\"\u0130lham \u018fliyev: \u201cMinsk qrupu \u00f6l\u00fcd\u00fcr, cans\u0131zd\u0131r\u201d | &quot;F\u0259dai&quot; q\u0259zeti\" \/>\n\t\t<meta property=\"og:description\" content=\"&quot;Art\u0131q Az\u0259rbaycan i\u015f\u011fala qoyub, Az\u0259rbaycan \u00f6z \u0259razi b\u00fct\u00f6vl\u00fcy\u00fcn\u00fc h\u0259rbi v\u0259 siyasi yolla t\u0259min edib. Bel\u0259 oldu\u011fu halda art\u0131q Minsk qrupuna ehtiyac yoxdur, biz Minsk qrupu il\u0259 vidala\u015fm\u0131\u015f\u0131q, onlarla sa\u011folla\u015fm\u0131\u015f\u0131q\u201d. AZ\u018fRTAC x\u0259b\u0259r verir ki, bu bar\u0259d\u0259 iyunun 30-da Prezident \u0130lham \u018fliyev Qo\u015fulmama H\u0259r\u0259kat\u0131 Parlament \u015e\u0259b\u0259k\u0259sinin Bak\u0131 konfrans\u0131nda \u00e7\u0131x\u0131\u015f\u0131nda bildirib. &quot;Lakin t\u0259\u0259ss\u00fcfl\u0259r olsun ki, Erm\u0259nistan t\u0259r\u0259fi v\u0259\" \/>\n\t\t<meta property=\"og:url\" content=\"https:\/\/fedai.az\/?p=74816\" \/>\n\t\t<meta property=\"fb:app_id\" content=\"696809432257740\" \/>\n\t\t<meta property=\"og:image\" content=\"https:\/\/fedai.az\/wp-content\/uploads\/2022\/09\/logo3.png\" \/>\n\t\t<meta property=\"og:image:secure_url\" content=\"https:\/\/fedai.az\/wp-content\/uploads\/2022\/09\/logo3.png\" \/>\n\t\t<meta property=\"article:published_time\" content=\"2022-06-30T08:09:38+00:00\" \/>\n\t\t<meta property=\"article:modified_time\" content=\"2022-06-30T08:09:40+00:00\" \/>\n\t\t<meta property=\"article:publisher\" content=\"https:\/\/facebook.com\/fedai.az\" \/>\n\t\t<meta name=\"twitter:card\" content=\"summary\" \/>\n\t\t<meta name=\"twitter:site\" content=\"@fedai.az\" \/>\n\t\t<meta name=\"twitter:title\" content=\"\u0130lham \u018fliyev: \u201cMinsk qrupu \u00f6l\u00fcd\u00fcr, cans\u0131zd\u0131r\u201d | &quot;F\u0259dai&quot; q\u0259zeti\" \/>\n\t\t<meta name=\"twitter:description\" content=\"&quot;Art\u0131q Az\u0259rbaycan i\u015f\u011fala qoyub, Az\u0259rbaycan \u00f6z \u0259razi b\u00fct\u00f6vl\u00fcy\u00fcn\u00fc h\u0259rbi v\u0259 siyasi yolla t\u0259min edib. Bel\u0259 oldu\u011fu halda art\u0131q Minsk qrupuna ehtiyac yoxdur, biz Minsk qrupu il\u0259 vidala\u015fm\u0131\u015f\u0131q, onlarla sa\u011folla\u015fm\u0131\u015f\u0131q\u201d. AZ\u018fRTAC x\u0259b\u0259r verir ki, bu bar\u0259d\u0259 iyunun 30-da Prezident \u0130lham \u018fliyev Qo\u015fulmama H\u0259r\u0259kat\u0131 Parlament \u015e\u0259b\u0259k\u0259sinin Bak\u0131 konfrans\u0131nda \u00e7\u0131x\u0131\u015f\u0131nda bildirib. &quot;Lakin t\u0259\u0259ss\u00fcfl\u0259r olsun ki, Erm\u0259nistan t\u0259r\u0259fi v\u0259\" \/>\n\t\t<meta name=\"twitter:image\" content=\"https:\/\/fedai.az\/wp-content\/uploads\/2022\/09\/logo3.png\" \/>\n\t\t<script type=\"application\/ld+json\" class=\"aioseo-schema\">\n\t\t\t{\"@context\":\"https:\\\/\\\/schema.org\",\"@graph\":[{\"@type\":\"Article\",\"@id\":\"https:\\\/\\\/fedai.az\\\/?p=74816#article\",\"name\":\"\\u0130lham \\u018fliyev: \\u201cMinsk qrupu \\u00f6l\\u00fcd\\u00fcr, cans\\u0131zd\\u0131r\\u201d | \\\"F\\u0259dai\\\" q\\u0259zeti\",\"headline\":\"\\u0130lham \\u018fliyev: \\u201cMinsk qrupu \\u00f6l\\u00fcd\\u00fcr, cans\\u0131zd\\u0131r\\u201d\",\"author\":{\"@id\":\"https:\\\/\\\/fedai.az\\\/?author=2#author\"},\"publisher\":{\"@id\":\"https:\\\/\\\/fedai.az\\\/#organization\"},\"image\":{\"@type\":\"ImageObject\",\"url\":\"https:\\\/\\\/fedai.az\\\/wp-content\\\/uploads\\\/2022\\\/09\\\/logo3.png\",\"@id\":\"https:\\\/\\\/fedai.az\\\/#articleImage\",\"width\":500,\"height\":100},\"datePublished\":\"2022-06-30T12:09:38+04:00\",\"dateModified\":\"2022-06-30T12:09:40+04:00\",\"inLanguage\":\"ru-RU\",\"mainEntityOfPage\":{\"@id\":\"https:\\\/\\\/fedai.az\\\/?p=74816#webpage\"},\"isPartOf\":{\"@id\":\"https:\\\/\\\/fedai.az\\\/?p=74816#webpage\"},\"articleSection\":\"G\\u00fcnd\\u0259m\"},{\"@type\":\"BreadcrumbList\",\"@id\":\"https:\\\/\\\/fedai.az\\\/?p=74816#breadcrumblist\",\"itemListElement\":[{\"@type\":\"ListItem\",\"@id\":\"https:\\\/\\\/fedai.az#listItem\",\"position\":1,\"name\":\"Home\",\"item\":\"https:\\\/\\\/fedai.az\",\"nextItem\":{\"@type\":\"ListItem\",\"@id\":\"https:\\\/\\\/fedai.az\\\/?cat=3#listItem\",\"name\":\"G\\u00fcnd\\u0259m\"}},{\"@type\":\"ListItem\",\"@id\":\"https:\\\/\\\/fedai.az\\\/?cat=3#listItem\",\"position\":2,\"name\":\"G\\u00fcnd\\u0259m\",\"item\":\"https:\\\/\\\/fedai.az\\\/?cat=3\",\"nextItem\":{\"@type\":\"ListItem\",\"@id\":\"https:\\\/\\\/fedai.az\\\/?p=74816#listItem\",\"name\":\"\\u0130lham \\u018fliyev: \\u201cMinsk qrupu \\u00f6l\\u00fcd\\u00fcr, cans\\u0131zd\\u0131r\\u201d\"},\"previousItem\":{\"@type\":\"ListItem\",\"@id\":\"https:\\\/\\\/fedai.az#listItem\",\"name\":\"Home\"}},{\"@type\":\"ListItem\",\"@id\":\"https:\\\/\\\/fedai.az\\\/?p=74816#listItem\",\"position\":3,\"name\":\"\\u0130lham \\u018fliyev: \\u201cMinsk qrupu \\u00f6l\\u00fcd\\u00fcr, cans\\u0131zd\\u0131r\\u201d\",\"previousItem\":{\"@type\":\"ListItem\",\"@id\":\"https:\\\/\\\/fedai.az\\\/?cat=3#listItem\",\"name\":\"G\\u00fcnd\\u0259m\"}}]},{\"@type\":\"Organization\",\"@id\":\"https:\\\/\\\/fedai.az\\\/#organization\",\"name\":\"\\\"F\\u0259dai\\\" q\\u0259zeti\",\"description\":\"Az\\u0259rbaycan V\\u0259t\\u0259n M\\u00fcharib\\u0259si Veteranlar\\u0131 \\u0130ctimai Birliyi\",\"url\":\"https:\\\/\\\/fedai.az\\\/\",\"logo\":{\"@type\":\"ImageObject\",\"url\":\"https:\\\/\\\/fedai.az\\\/wp-content\\\/uploads\\\/2022\\\/09\\\/logo3.png\",\"@id\":\"https:\\\/\\\/fedai.az\\\/?p=74816\\\/#organizationLogo\",\"width\":500,\"height\":100},\"image\":{\"@id\":\"https:\\\/\\\/fedai.az\\\/?p=74816\\\/#organizationLogo\"},\"sameAs\":[\"https:\\\/\\\/instagram.com\\\/fedai.az\",\"https:\\\/\\\/pinterest.com\\\/fedai.az\",\"https:\\\/\\\/youtube.com\\\/fedai.az\",\"https:\\\/\\\/linkedin.com\\\/in\\\/fedai.az\"]},{\"@type\":\"Person\",\"@id\":\"https:\\\/\\\/fedai.az\\\/?author=2#author\",\"url\":\"https:\\\/\\\/fedai.az\\\/?author=2\",\"name\":\"www.Fedai.az\",\"image\":{\"@type\":\"ImageObject\",\"@id\":\"https:\\\/\\\/fedai.az\\\/?p=74816#authorImage\",\"url\":\"https:\\\/\\\/secure.gravatar.com\\\/avatar\\\/d861e138a4bd3ce6812a7aa95e796aa05e165f28ecde9a972c6789a09fcd1daa?s=96&d=mm&r=g\",\"width\":96,\"height\":96,\"caption\":\"www.Fedai.az\"}},{\"@type\":\"WebPage\",\"@id\":\"https:\\\/\\\/fedai.az\\\/?p=74816#webpage\",\"url\":\"https:\\\/\\\/fedai.az\\\/?p=74816\",\"name\":\"\\u0130lham \\u018fliyev: \\u201cMinsk qrupu \\u00f6l\\u00fcd\\u00fcr, cans\\u0131zd\\u0131r\\u201d | \\\"F\\u0259dai\\\" q\\u0259zeti\",\"description\":\"\\\"Art\\u0131q Az\\u0259rbaycan i\\u015f\\u011fala qoyub, Az\\u0259rbaycan \\u00f6z \\u0259razi b\\u00fct\\u00f6vl\\u00fcy\\u00fcn\\u00fc h\\u0259rbi v\\u0259 siyasi yolla t\\u0259min edib. Bel\\u0259 oldu\\u011fu halda art\\u0131q Minsk qrupuna ehtiyac yoxdur, biz Minsk qrupu il\\u0259 vidala\\u015fm\\u0131\\u015f\\u0131q, onlarla sa\\u011folla\\u015fm\\u0131\\u015f\\u0131q\\u201d. AZ\\u018fRTAC x\\u0259b\\u0259r verir ki, bu bar\\u0259d\\u0259 iyunun 30-da Prezident \\u0130lham \\u018fliyev Qo\\u015fulmama H\\u0259r\\u0259kat\\u0131 Parlament \\u015e\\u0259b\\u0259k\\u0259sinin Bak\\u0131 konfrans\\u0131nda \\u00e7\\u0131x\\u0131\\u015f\\u0131nda bildirib. \\\"Lakin t\\u0259\\u0259ss\\u00fcfl\\u0259r olsun ki, Erm\\u0259nistan t\\u0259r\\u0259fi v\\u0259\",\"inLanguage\":\"ru-RU\",\"isPartOf\":{\"@id\":\"https:\\\/\\\/fedai.az\\\/#website\"},\"breadcrumb\":{\"@id\":\"https:\\\/\\\/fedai.az\\\/?p=74816#breadcrumblist\"},\"author\":{\"@id\":\"https:\\\/\\\/fedai.az\\\/?author=2#author\"},\"creator\":{\"@id\":\"https:\\\/\\\/fedai.az\\\/?author=2#author\"},\"datePublished\":\"2022-06-30T12:09:38+04:00\",\"dateModified\":\"2022-06-30T12:09:40+04:00\"},{\"@type\":\"WebSite\",\"@id\":\"https:\\\/\\\/fedai.az\\\/#website\",\"url\":\"https:\\\/\\\/fedai.az\\\/\",\"name\":\"\\\"F\\u0259dai\\\" q\\u0259zeti\",\"description\":\"Az\\u0259rbaycan V\\u0259t\\u0259n M\\u00fcharib\\u0259si Veteranlar\\u0131 \\u0130ctimai Birliyi\",\"inLanguage\":\"ru-RU\",\"publisher\":{\"@id\":\"https:\\\/\\\/fedai.az\\\/#organization\"}}]}\n\t\t<\/script>\n\t\t<!-- All in One SEO -->\n\n","aioseo_head_json":{"title":"\u0130lham \u018fliyev: \u201cMinsk qrupu \u00f6l\u00fcd\u00fcr, cans\u0131zd\u0131r\u201d | \"F\u0259dai\" q\u0259zeti","description":"\"Art\u0131q Az\u0259rbaycan i\u015f\u011fala qoyub, Az\u0259rbaycan \u00f6z \u0259razi b\u00fct\u00f6vl\u00fcy\u00fcn\u00fc h\u0259rbi v\u0259 siyasi yolla t\u0259min edib. Bel\u0259 oldu\u011fu halda art\u0131q Minsk qrupuna ehtiyac yoxdur, biz Minsk qrupu il\u0259 vidala\u015fm\u0131\u015f\u0131q, onlarla sa\u011folla\u015fm\u0131\u015f\u0131q\u201d. AZ\u018fRTAC x\u0259b\u0259r verir ki, bu bar\u0259d\u0259 iyunun 30-da Prezident \u0130lham \u018fliyev Qo\u015fulmama H\u0259r\u0259kat\u0131 Parlament \u015e\u0259b\u0259k\u0259sinin Bak\u0131 konfrans\u0131nda \u00e7\u0131x\u0131\u015f\u0131nda bildirib. \"Lakin t\u0259\u0259ss\u00fcfl\u0259r olsun ki, Erm\u0259nistan t\u0259r\u0259fi v\u0259","canonical_url":"https:\/\/fedai.az\/?p=74816","robots":"max-image-preview:large","keywords":"","webmasterTools":{"miscellaneous":""},"schema":{"@context":"https:\/\/schema.org","@graph":[{"@type":"Article","@id":"https:\/\/fedai.az\/?p=74816#article","name":"\u0130lham \u018fliyev: \u201cMinsk qrupu \u00f6l\u00fcd\u00fcr, cans\u0131zd\u0131r\u201d | \"F\u0259dai\" q\u0259zeti","headline":"\u0130lham \u018fliyev: \u201cMinsk qrupu \u00f6l\u00fcd\u00fcr, cans\u0131zd\u0131r\u201d","author":{"@id":"https:\/\/fedai.az\/?author=2#author"},"publisher":{"@id":"https:\/\/fedai.az\/#organization"},"image":{"@type":"ImageObject","url":"https:\/\/fedai.az\/wp-content\/uploads\/2022\/09\/logo3.png","@id":"https:\/\/fedai.az\/#articleImage","width":500,"height":100},"datePublished":"2022-06-30T12:09:38+04:00","dateModified":"2022-06-30T12:09:40+04:00","inLanguage":"ru-RU","mainEntityOfPage":{"@id":"https:\/\/fedai.az\/?p=74816#webpage"},"isPartOf":{"@id":"https:\/\/fedai.az\/?p=74816#webpage"},"articleSection":"G\u00fcnd\u0259m"},{"@type":"BreadcrumbList","@id":"https:\/\/fedai.az\/?p=74816#breadcrumblist","itemListElement":[{"@type":"ListItem","@id":"https:\/\/fedai.az#listItem","position":1,"name":"Home","item":"https:\/\/fedai.az","nextItem":{"@type":"ListItem","@id":"https:\/\/fedai.az\/?cat=3#listItem","name":"G\u00fcnd\u0259m"}},{"@type":"ListItem","@id":"https:\/\/fedai.az\/?cat=3#listItem","position":2,"name":"G\u00fcnd\u0259m","item":"https:\/\/fedai.az\/?cat=3","nextItem":{"@type":"ListItem","@id":"https:\/\/fedai.az\/?p=74816#listItem","name":"\u0130lham \u018fliyev: \u201cMinsk qrupu \u00f6l\u00fcd\u00fcr, cans\u0131zd\u0131r\u201d"},"previousItem":{"@type":"ListItem","@id":"https:\/\/fedai.az#listItem","name":"Home"}},{"@type":"ListItem","@id":"https:\/\/fedai.az\/?p=74816#listItem","position":3,"name":"\u0130lham \u018fliyev: \u201cMinsk qrupu \u00f6l\u00fcd\u00fcr, cans\u0131zd\u0131r\u201d","previousItem":{"@type":"ListItem","@id":"https:\/\/fedai.az\/?cat=3#listItem","name":"G\u00fcnd\u0259m"}}]},{"@type":"Organization","@id":"https:\/\/fedai.az\/#organization","name":"\"F\u0259dai\" q\u0259zeti","description":"Az\u0259rbaycan V\u0259t\u0259n M\u00fcharib\u0259si Veteranlar\u0131 \u0130ctimai Birliyi","url":"https:\/\/fedai.az\/","logo":{"@type":"ImageObject","url":"https:\/\/fedai.az\/wp-content\/uploads\/2022\/09\/logo3.png","@id":"https:\/\/fedai.az\/?p=74816\/#organizationLogo","width":500,"height":100},"image":{"@id":"https:\/\/fedai.az\/?p=74816\/#organizationLogo"},"sameAs":["https:\/\/instagram.com\/fedai.az","https:\/\/pinterest.com\/fedai.az","https:\/\/youtube.com\/fedai.az","https:\/\/linkedin.com\/in\/fedai.az"]},{"@type":"Person","@id":"https:\/\/fedai.az\/?author=2#author","url":"https:\/\/fedai.az\/?author=2","name":"www.Fedai.az","image":{"@type":"ImageObject","@id":"https:\/\/fedai.az\/?p=74816#authorImage","url":"https:\/\/secure.gravatar.com\/avatar\/d861e138a4bd3ce6812a7aa95e796aa05e165f28ecde9a972c6789a09fcd1daa?s=96&d=mm&r=g","width":96,"height":96,"caption":"www.Fedai.az"}},{"@type":"WebPage","@id":"https:\/\/fedai.az\/?p=74816#webpage","url":"https:\/\/fedai.az\/?p=74816","name":"\u0130lham \u018fliyev: \u201cMinsk qrupu \u00f6l\u00fcd\u00fcr, cans\u0131zd\u0131r\u201d | \"F\u0259dai\" q\u0259zeti","description":"\"Art\u0131q Az\u0259rbaycan i\u015f\u011fala qoyub, Az\u0259rbaycan \u00f6z \u0259razi b\u00fct\u00f6vl\u00fcy\u00fcn\u00fc h\u0259rbi v\u0259 siyasi yolla t\u0259min edib. Bel\u0259 oldu\u011fu halda art\u0131q Minsk qrupuna ehtiyac yoxdur, biz Minsk qrupu il\u0259 vidala\u015fm\u0131\u015f\u0131q, onlarla sa\u011folla\u015fm\u0131\u015f\u0131q\u201d. AZ\u018fRTAC x\u0259b\u0259r verir ki, bu bar\u0259d\u0259 iyunun 30-da Prezident \u0130lham \u018fliyev Qo\u015fulmama H\u0259r\u0259kat\u0131 Parlament \u015e\u0259b\u0259k\u0259sinin Bak\u0131 konfrans\u0131nda \u00e7\u0131x\u0131\u015f\u0131nda bildirib. \"Lakin t\u0259\u0259ss\u00fcfl\u0259r olsun ki, Erm\u0259nistan t\u0259r\u0259fi v\u0259","inLanguage":"ru-RU","isPartOf":{"@id":"https:\/\/fedai.az\/#website"},"breadcrumb":{"@id":"https:\/\/fedai.az\/?p=74816#breadcrumblist"},"author":{"@id":"https:\/\/fedai.az\/?author=2#author"},"creator":{"@id":"https:\/\/fedai.az\/?author=2#author"},"datePublished":"2022-06-30T12:09:38+04:00","dateModified":"2022-06-30T12:09:40+04:00"},{"@type":"WebSite","@id":"https:\/\/fedai.az\/#website","url":"https:\/\/fedai.az\/","name":"\"F\u0259dai\" q\u0259zeti","description":"Az\u0259rbaycan V\u0259t\u0259n M\u00fcharib\u0259si Veteranlar\u0131 \u0130ctimai Birliyi","inLanguage":"ru-RU","publisher":{"@id":"https:\/\/fedai.az\/#organization"}}]},"og:locale":"ru_RU","og:site_name":"&quot;F\u0259dai&quot; q\u0259zeti","og:type":"article","og:title":"\u0130lham \u018fliyev: \u201cMinsk qrupu \u00f6l\u00fcd\u00fcr, cans\u0131zd\u0131r\u201d | &quot;F\u0259dai&quot; q\u0259zeti","og:description":"&quot;Art\u0131q Az\u0259rbaycan i\u015f\u011fala qoyub, Az\u0259rbaycan \u00f6z \u0259razi b\u00fct\u00f6vl\u00fcy\u00fcn\u00fc h\u0259rbi v\u0259 siyasi yolla t\u0259min edib. Bel\u0259 oldu\u011fu halda art\u0131q Minsk qrupuna ehtiyac yoxdur, biz Minsk qrupu il\u0259 vidala\u015fm\u0131\u015f\u0131q, onlarla sa\u011folla\u015fm\u0131\u015f\u0131q\u201d. AZ\u018fRTAC x\u0259b\u0259r verir ki, bu bar\u0259d\u0259 iyunun 30-da Prezident \u0130lham \u018fliyev Qo\u015fulmama H\u0259r\u0259kat\u0131 Parlament \u015e\u0259b\u0259k\u0259sinin Bak\u0131 konfrans\u0131nda \u00e7\u0131x\u0131\u015f\u0131nda bildirib. &quot;Lakin t\u0259\u0259ss\u00fcfl\u0259r olsun ki, Erm\u0259nistan t\u0259r\u0259fi v\u0259","og:url":"https:\/\/fedai.az\/?p=74816","fb:app_id":"696809432257740","og:image":"https:\/\/fedai.az\/wp-content\/uploads\/2022\/09\/logo3.png","og:image:secure_url":"https:\/\/fedai.az\/wp-content\/uploads\/2022\/09\/logo3.png","article:published_time":"2022-06-30T08:09:38+00:00","article:modified_time":"2022-06-30T08:09:40+00:00","article:publisher":"https:\/\/facebook.com\/fedai.az","twitter:card":"summary","twitter:site":"@fedai.az","twitter:title":"\u0130lham \u018fliyev: \u201cMinsk qrupu \u00f6l\u00fcd\u00fcr, cans\u0131zd\u0131r\u201d | &quot;F\u0259dai&quot; q\u0259zeti","twitter:description":"&quot;Art\u0131q Az\u0259rbaycan i\u015f\u011fala qoyub, Az\u0259rbaycan \u00f6z \u0259razi b\u00fct\u00f6vl\u00fcy\u00fcn\u00fc h\u0259rbi v\u0259 siyasi yolla t\u0259min edib. Bel\u0259 oldu\u011fu halda art\u0131q Minsk qrupuna ehtiyac yoxdur, biz Minsk qrupu il\u0259 vidala\u015fm\u0131\u015f\u0131q, onlarla sa\u011folla\u015fm\u0131\u015f\u0131q\u201d. AZ\u018fRTAC x\u0259b\u0259r verir ki, bu bar\u0259d\u0259 iyunun 30-da Prezident \u0130lham \u018fliyev Qo\u015fulmama H\u0259r\u0259kat\u0131 Parlament \u015e\u0259b\u0259k\u0259sinin Bak\u0131 konfrans\u0131nda \u00e7\u0131x\u0131\u015f\u0131nda bildirib. &quot;Lakin t\u0259\u0259ss\u00fcfl\u0259r olsun ki, Erm\u0259nistan t\u0259r\u0259fi v\u0259","twitter:image":"https:\/\/fedai.az\/wp-content\/uploads\/2022\/09\/logo3.png"},"aioseo_meta_data":{"post_id":"74816","title":null,"description":null,"keywords":[],"keyphrases":{"focus":{"keyphrase":"","score":0,"analysis":{"keyphraseInTitle":{"score":0,"maxScore":9,"error":1}}},"additional":[]},"primary_term":null,"canonical_url":null,"og_title":null,"og_description":null,"og_object_type":"default","og_image_type":"default","og_image_url":null,"og_image_width":null,"og_image_height":null,"og_image_custom_url":null,"og_image_custom_fields":null,"og_video":"","og_custom_url":null,"og_article_section":null,"og_article_tags":[],"twitter_use_og":false,"twitter_card":"default","twitter_image_type":"default","twitter_image_url":null,"twitter_image_custom_url":null,"twitter_image_custom_fields":null,"twitter_title":null,"twitter_description":null,"schema":{"blockGraphs":[],"customGraphs":[],"default":{"data":{"Article":{"id":"aioseo-article-63bb5b7664be5","slug":"article","graphName":"Article","label":"\u0421\u0442\u0430\u0442\u044c\u044f","properties":{"type":"BlogPosting","name":"#post_title","headline":"#post_title","description":"#post_excerpt","image":"","keywords":"","author":{"name":"#author_name","url":"#author_url"},"dates":{"include":true,"datePublished":"","dateModified":""}}},"Course":[],"Dataset":[],"FAQPage":[],"Movie":[],"Person":[],"Product":[],"ProductReview":[],"Car":[],"Recipe":[],"Service":[],"SoftwareApplication":[],"WebPage":[]},"graphName":"Article","isEnabled":true},"graphs":[]},"schema_type":"default","schema_type_options":"{\"article\":{\"articleType\":\"BlogPosting\"},\"course\":{\"name\":\"\",\"description\":\"\",\"provider\":\"\"},\"faq\":{\"pages\":[]},\"product\":{\"reviews\":[]},\"recipe\":{\"ingredients\":[],\"instructions\":[],\"keywords\":[]},\"software\":{\"reviews\":[],\"operatingSystems\":[]},\"webPage\":{\"webPageType\":\"WebPage\"}}","pillar_content":false,"robots_default":true,"robots_noindex":false,"robots_noarchive":false,"robots_nosnippet":false,"robots_nofollow":false,"robots_noimageindex":false,"robots_noodp":false,"robots_notranslate":false,"robots_max_snippet":"-1","robots_max_videopreview":"-1","robots_max_imagepreview":"large","priority":null,"frequency":"default","local_seo":null,"breadcrumb_settings":null,"limit_modified_date":false,"ai":null,"created":"2022-06-30 08:07:42","updated":"2025-06-08 14:33:05","seo_analyzer_scan_date":null,"focus_keyword":null,"additional_keywords":null,"truseo_locale":null},"aioseo_breadcrumb":"<div class=\"aioseo-breadcrumbs\"><span class=\"aioseo-breadcrumb\">\n\t\t\t<a href=\"https:\/\/fedai.az\" title=\"Home\">Home<\/a>\n\t\t<\/span><span class=\"aioseo-breadcrumb-separator\">\u00bb<\/span><span class=\"aioseo-breadcrumb\">\n\t\t\t<a href=\"https:\/\/fedai.az\/?cat=3\" title=\"G\u00fcnd\u0259m\">G\u00fcnd\u0259m<\/a>\n\t\t<\/span><span class=\"aioseo-breadcrumb-separator\">\u00bb<\/span><span class=\"aioseo-breadcrumb\">\n\t\t\t\u0130lham \u018fliyev: \u201cMinsk qrupu \u00f6l\u00fcd\u00fcr, cans\u0131zd\u0131r\u201d\n\t\t<\/span><\/div>","aioseo_breadcrumb_json":[{"label":"Home","link":"https:\/\/fedai.az"},{"label":"G\u00fcnd\u0259m","link":"https:\/\/fedai.az\/?cat=3"},{"label":"\u0130lham \u018fliyev: \u201cMinsk qrupu \u00f6l\u00fcd\u00fcr, cans\u0131zd\u0131r\u201d","link":"https:\/\/fedai.az\/?p=74816"}],"_links":{"self":[{"href":"https:\/\/fedai.az\/index.php?rest_route=\/wp\/v2\/posts\/74816","targetHints":{"allow":["GET"]}}],"collection":[{"href":"https:\/\/fedai.az\/index.php?rest_route=\/wp\/v2\/posts"}],"about":[{"href":"https:\/\/fedai.az\/index.php?rest_route=\/wp\/v2\/types\/post"}],"author":[{"embeddable":true,"href":"https:\/\/fedai.az\/index.php?rest_route=\/wp\/v2\/users\/2"}],"replies":[{"embeddable":true,"href":"https:\/\/fedai.az\/index.php?rest_route=%2Fwp%2Fv2%2Fcomments&post=74816"}],"version-history":[{"count":1,"href":"https:\/\/fedai.az\/index.php?rest_route=\/wp\/v2\/posts\/74816\/revisions"}],"predecessor-version":[{"id":74818,"href":"https:\/\/fedai.az\/index.php?rest_route=\/wp\/v2\/posts\/74816\/revisions\/74818"}],"wp:attachment":[{"href":"https:\/\/fedai.az\/index.php?rest_route=%2Fwp%2Fv2%2Fmedia&parent=74816"}],"wp:term":[{"taxonomy":"category","embeddable":true,"href":"https:\/\/fedai.az\/index.php?rest_route=%2Fwp%2Fv2%2Fcategories&post=74816"},{"taxonomy":"post_tag","embeddable":true,"href":"https:\/\/fedai.az\/index.php?rest_route=%2Fwp%2Fv2%2Ftags&post=74816"}],"curies":[{"name":"wp","href":"https:\/\/api.w.org\/{rel}","templated":true}]}}