{"id":75700,"date":"2022-07-10T11:10:51","date_gmt":"2022-07-10T07:10:51","guid":{"rendered":"https:\/\/fedai.az\/?p=75700"},"modified":"2022-07-10T11:10:53","modified_gmt":"2022-07-10T07:10:53","slug":"zelenskid%c9%99n-az%c9%99rbaycan-dilind%c9%99-mesaj-xeyirli-v%c9%99-mubar%c9%99k-olsun","status":"publish","type":"post","link":"https:\/\/fedai.az\/?p=75700","title":{"rendered":"Zelenskid\u0259n Az\u0259rbaycan dilind\u0259 mesaj: &#171;Xeyirli v\u0259 m\u00fcbar\u0259k olsun&#187;"},"content":{"rendered":"\n<p><strong>Ukrayna Prezidenti Vladimir Zelenski m\u00fcs\u0259lmanlar\u0131 Qurban bayram\u0131 m\u00fcnasib\u0259ti il\u0259 t\u0259brik edib.<\/strong><\/p>\n\n\n\n<p>Ukrayna lideri t\u0259brikini sosial \u015f\u0259b\u0259k\u0259 \u00fcz\u0259rind\u0259n edib.<\/p>\n\n\n\n<p>Sosial \u015f\u0259b\u0259k\u0259 hesab\u0131nda \u00e7\u0131x\u0131\u015f\u0131n\u0131n videosunu payla\u015fan Zelenski m\u00fcs\u0259lmanlar\u0131 Az\u0259rbaycan dilind\u0259 t\u0259brik etm\u0259si d\u0259 diqq\u0259t \u00e7\u0259kib.<\/p>\n\n\n\n<p>&#171;Qurban bayram\u0131n\u0131z xeyirli v\u0259 m\u00fcbar\u0259k olsun&#187;, &#8212; Ukrayna prezidenti qeyd edib.<\/p>\n\n\n\n<p>Videonu t\u0259qdim edirik:<\/p>\n\n\n\n<p><a href=\"https:\/\/www.facebook.com\/100015388758064\/videos\/1108035366814574\/?t=2\"><strong>https:\/\/www.facebook.com\/100015388758064\/videos\/1108035366814574\/?t=2<\/strong><\/a><\/p>\n\n\n\n<p>M\u0259nb\u0259: Teleqraf.com<\/p>\n","protected":false},"excerpt":{"rendered":"<p>Ukrayna Prezidenti Vladimir Zelenski m\u00fcs\u0259lmanlar\u0131 Qurban bayram\u0131 m\u00fcnasib\u0259ti il\u0259 t\u0259brik edib. Ukrayna lideri t\u0259brikini sosial \u015f\u0259b\u0259k\u0259 \u00fcz\u0259rind\u0259n edib. Sosial \u015f\u0259b\u0259k\u0259 hesab\u0131nda \u00e7\u0131x\u0131\u015f\u0131n\u0131n videosunu payla\u015fan<\/p>\n","protected":false},"author":2,"featured_media":75701,"comment_status":"closed","ping_status":"closed","sticky":false,"template":"","format":"standard","meta":{"footnotes":""},"categories":[3],"tags":[],"class_list":["post-75700","post","type-post","status-publish","format-standard","has-post-thumbnail","hentry","category-gundm"],"aioseo_notices":[],"_links":{"self":[{"href":"https:\/\/fedai.az\/index.php?rest_route=\/wp\/v2\/posts\/75700","targetHints":{"allow":["GET"]}}],"collection":[{"href":"https:\/\/fedai.az\/index.php?rest_route=\/wp\/v2\/posts"}],"about":[{"href":"https:\/\/fedai.az\/index.php?rest_route=\/wp\/v2\/types\/post"}],"author":[{"embeddable":true,"href":"https:\/\/fedai.az\/index.php?rest_route=\/wp\/v2\/users\/2"}],"replies":[{"embeddable":true,"href":"https:\/\/fedai.az\/index.php?rest_route=%2Fwp%2Fv2%2Fcomments&post=75700"}],"version-history":[{"count":1,"href":"https:\/\/fedai.az\/index.php?rest_route=\/wp\/v2\/posts\/75700\/revisions"}],"predecessor-version":[{"id":75702,"href":"https:\/\/fedai.az\/index.php?rest_route=\/wp\/v2\/posts\/75700\/revisions\/75702"}],"wp:featuredmedia":[{"embeddable":true,"href":"https:\/\/fedai.az\/index.php?rest_route=\/wp\/v2\/media\/75701"}],"wp:attachment":[{"href":"https:\/\/fedai.az\/index.php?rest_route=%2Fwp%2Fv2%2Fmedia&parent=75700"}],"wp:term":[{"taxonomy":"category","embeddable":true,"href":"https:\/\/fedai.az\/index.php?rest_route=%2Fwp%2Fv2%2Fcategories&post=75700"},{"taxonomy":"post_tag","embeddable":true,"href":"https:\/\/fedai.az\/index.php?rest_route=%2Fwp%2Fv2%2Ftags&post=75700"}],"curies":[{"name":"wp","href":"https:\/\/api.w.org\/{rel}","templated":true}]}}