{"id":77798,"date":"2022-08-04T12:32:52","date_gmt":"2022-08-04T08:32:52","guid":{"rendered":"https:\/\/fedai.az\/?p=77798"},"modified":"2022-08-04T12:32:55","modified_gmt":"2022-08-04T08:32:55","slug":"avmvib-s%c9%99dr-muavini-bird%c9%99f%c9%99lik-od%c9%99m%c9%99nin-verilm%c9%99sind%c9%99n-danisdi","status":"publish","type":"post","link":"https:\/\/fedai.az\/?p=77798","title":{"rendered":"AVMV\u0130B s\u0259dr m\u00fcavini bird\u0259f\u0259lik \u00f6d\u0259m\u0259nin verilm\u0259sind\u0259n dan\u0131\u015fd\u0131"},"content":{"rendered":"\n<p><strong>Az\u0259rbaycan V\u0259t\u0259n M\u00fcharib\u0259si Veteranlar\u0131 \u0130ctimai Birliyi (AVMV\u0130B) s\u0259drinin t\u0259\u015fkilati i\u015fl\u0259r \u00fczr\u0259 m\u00fcavini Vahid Abdur\u0259hmanov Birinci Qaraba\u011f m\u00fcharib\u0259si \u0259lill\u0259rin\u0259 bird\u0259f\u0259lik \u00f6d\u0259m\u0259nin verilm\u0259si il\u0259 ba\u011fl\u0131 dan\u0131\u015fd\u0131.<\/strong><\/p>\n\n\n\n<figure class=\"wp-block-image size-large is-resized\"><img loading=\"lazy\" decoding=\"async\" src=\"https:\/\/fedai.az\/wp-content\/uploads\/2022\/08\/nn7-1-640x400-1.jpg\" alt=\"\" class=\"wp-image-77800\" width=\"1027\" height=\"642\" srcset=\"https:\/\/fedai.az\/wp-content\/uploads\/2022\/08\/nn7-1-640x400-1.jpg 640w, https:\/\/fedai.az\/wp-content\/uploads\/2022\/08\/nn7-1-640x400-1-300x188.jpg 300w, https:\/\/fedai.az\/wp-content\/uploads\/2022\/08\/nn7-1-640x400-1-150x94.jpg 150w, https:\/\/fedai.az\/wp-content\/uploads\/2022\/08\/nn7-1-640x400-1-115x73.jpg 115w\" sizes=\"auto, (max-width: 1027px) 100vw, 1027px\" \/><\/figure>\n\n\n\n<p>&#171;Birinci Qaraba\u011f m\u00fcharib\u0259si \u0259lill\u0259rin\u0259 bird\u0259f\u0259lik \u00f6d\u0259m\u0259nin verilm\u0259sini h\u0259r k\u0259s m\u0259mnunluqla qar\u015f\u0131lad\u0131. Prosesin bu q\u0259d\u0259r tez bir zamanda h\u0259yata ke\u00e7irilm\u0259si, ki\u00e7ik n\u00fcanslar n\u0259z\u0259r\u0259 al\u0131nmasa t\u0259qdir edilm\u0259lidir. Bu, Ali Ba\u015f Komandan, Prezident \u0130lham \u018fliyevin qazil\u0259r\u0259 g\u00f6st\u0259rdiyi diqq\u0259tin n\u00f6vb\u0259ti t\u0259zah\u00fcr\u00fcd\u00fcr&#187;.<br>\u00a0<\/p>\n\n\n\n<p>F\u0259dai.az x\u0259b\u0259r verir ki, bunu \u00f6z a\u00e7\u0131qlamas\u0131nda Birinci Qaraba\u011f m\u00fcharib\u0259si qazisi, ikinci qrup \u0259lil Vahid Abdur\u0259hmanov deyib.<\/p>\n\n\n\n<p>O, bildirdi ki, m\u00fcharib\u0259 \u0259lill\u0259rinin probleml\u0259rinin, qay\u011f\u0131lar\u0131n\u0131n, sosial m\u0259s\u0259l\u0259l\u0259rinin h\u0259llinin h\u0259r zaman Ali Ba\u015f Komandan, Prezident \u0130lham \u018fliyevin v\u0259 Birinci vitse-prezident Mehriban \u018fliyevan\u0131n diqq\u0259tind\u0259 oldu\u011funu g\u00f6rm\u00fc\u015f\u00fck. Birinci Qaraba\u011f m\u00fcharib\u0259si \u0259lill\u0259rin\u0259 bird\u0259f\u0259lik \u00f6d\u0259m\u0259nin verilm\u0259si bel\u0259 add\u0131mlardan biridir. T\u0259msil etdiyim Az\u0259rbaycan V\u0259t\u0259n M\u00fcharib\u0259si Veteranlar\u0131 \u0130ctimai Birliyi (AVMV\u0130B) ad\u0131ndan bildirir\u0259m ki, Birinci Qaraba\u011f m\u00fcharib\u0259si qazil\u0259ri Prezidentimizin bu add\u0131m\u0131n\u0131 y\u00fcks\u0259k qiym\u0259tl\u0259ndiririk.\u00a0Minl\u0259rl\u0259 AVMV\u0130B \u00fczv\u00fc olan m\u00fcharib\u0259 \u0259lili bu humanist aksiyadan yararlan\u0131b. Biz k\u00f6hn\u0259 d\u00f6y\u00fc\u015f\u00e7\u00fcl\u0259r olaraq, h\u0259r zaman M\u00fcz\u0259ff\u0259r Ali Ba\u015f Komandan\u0131m\u0131z c\u0259nab \u0130lham \u018fliyevin \u0259sg\u0259ri oldu\u011fumuzu b\u0259yan etmi\u015fik. Daxild\u0259 buna q\u0131sqancl\u0131qla yana\u015fan 5-ci kolon n\u00f6k\u0259rl\u0259ri bir daha bu birliyi g\u00f6r\u00fcb \u00f6z m\u0259krli planlar\u0131ndan imtina etm\u0259lidirl\u0259r. Prezidentimiz dediyi kimi, &#171;Biz birlikd\u0259 g\u00fccl\u00fcy\u00fck!&#187; v\u0259 &#171;Qaraba\u011f Az\u0259rbaycand\u0131r!&#187;<\/p>\n\n\n\n<p>Qeyd ed\u0259k ki, Ba\u015f nazir \u018fli \u018fs\u0259dov avqustun 2-d\u0259 \u201c1997-ci il avqustun 2-d\u0259k olan xidm\u0259t d\u00f6vr\u00fcnd\u0259 Az\u0259rbaycan Respublikas\u0131n\u0131n \u0259razi b\u00fct\u00f6vl\u00fcy\u00fcn\u00fcn, m\u00fcst\u0259qilliyinin v\u0259 konstitusiya qurulu\u015funun m\u00fcdafi\u0259si il\u0259 \u0259laq\u0259dar h\u0259rbi xidm\u0259t v\u0259zif\u0259l\u0259rini (xidm\u0259ti v\u0259zif\u0259l\u0259rini) yerin\u0259 yetir\u0259rk\u0259n v\u0259 ya h\u0259qiqi h\u0259rbi xidm\u0259t d\u00f6vr\u00fcnd\u0259 x\u0259sar\u0259t (yaralanma, travma, kontuziya) almas\u0131 v\u0259 ya x\u0259st\u0259l\u0259nm\u0259si n\u0259tic\u0259sind\u0259 \u0259lilliyi m\u00fc\u0259yy\u0259n edilmi\u015f h\u0259rbi qulluq\u00e7ulara, daxili i\u015fl\u0259r orqanlar\u0131n\u0131n \u0259m\u0259kda\u015flar\u0131na v\u0259 ya onlar\u0131n v\u0259r\u0259s\u0259l\u0259rin\u0259 bird\u0259f\u0259lik \u00f6d\u0259m\u0259nin verilm\u0259si Qaydas\u0131\u201dn\u0131n t\u0259sdiq edilm\u0259si haqq\u0131nda q\u0259rar imzalay\u0131b.<\/p>\n\n\n\n<p>Q\u0259rarla Birinci Qaraba\u011f m\u00fcharib\u0259si \u0259lill\u0259rin\u0259 I d\u0259r\u0259c\u0259 \u0259lilliy\u0259 g\u00f6r\u0259 \u2013 8 800 manat, II d\u0259r\u0259c\u0259 \u0259lilliy\u0259 g\u00f6r\u0259 \u2013 6 600 manat, III d\u0259r\u0259c\u0259 \u0259lilliy\u0259 g\u00f6r\u0259 \u2013 4 400 manat m\u0259bl\u0259\u011find\u0259 bird\u0259f\u0259lik \u00f6d\u0259m\u0259 edil\u0259c\u0259k.<\/p>\n\n\n\n<p>Bird\u0259f\u0259lik \u00f6d\u0259m\u0259 almaq h\u00fcququ olan \u015f\u0259xsl\u0259r a\u015fa\u011f\u0131dak\u0131lard\u0131r:<\/p>\n\n\n\n<p>&#8212; 1997-ci il avqustun 2-d\u0259k olan xidm\u0259t d\u00f6vr\u00fcnd\u0259 ald\u0131\u011f\u0131 x\u0259sar\u0259t n\u0259tic\u0259sind\u0259 \u0259lilliyi m\u00fc\u0259yy\u0259n edilmi\u015f \u015f\u0259xsl\u0259r;<\/p>\n\n\n\n<p>&#8212; H\u0259rbi xidm\u0259t v\u0259zif\u0259l\u0259rini yerin\u0259 yetir\u0259rk\u0259n x\u0259sar\u0259t v\u0259 ya x\u0259st\u0259l\u0259nm\u0259si n\u0259tic\u0259sind\u0259 \u0259lilliyi m\u00fc\u0259yy\u0259n edilmi\u015f \u015f\u0259xsl\u0259r;<\/p>\n\n\n\n<p>&#8212; Xidm\u0259tl\u0259 \u0259laq\u0259dar \u0259lilliyi m\u00fc\u0259yy\u0259n edilmi\u015f, lakin sonradan reabilitasiya olunmu\u015f \u015f\u0259xsl\u0259r;<\/p>\n\n\n\n<p>&#8212; M\u00fc\u0259yy\u0259n edilmi\u015f m\u0259bl\u0259\u011fd\u0259n az m\u0259bl\u0259\u011fd\u0259 s\u0131\u011forta \u00f6d\u0259ni\u015fi alm\u0131\u015f \u015f\u0259xsl\u0259r;<\/p>\n\n\n\n<p>&#8212; Yuxar\u0131da g\u00f6st\u0259ril\u0259n kateqoriyadan olan \u015f\u0259xsl\u0259r v\u0259fat etdikd\u0259 onlar\u0131n v\u0259r\u0259s\u0259l\u0259ri.<\/p>\n","protected":false},"excerpt":{"rendered":"<p>Az\u0259rbaycan V\u0259t\u0259n M\u00fcharib\u0259si Veteranlar\u0131 \u0130ctimai Birliyi (AVMV\u0130B) s\u0259drinin t\u0259\u015fkilati i\u015fl\u0259r \u00fczr\u0259 m\u00fcavini Vahid Abdur\u0259hmanov Birinci Qaraba\u011f m\u00fcharib\u0259si \u0259lill\u0259rin\u0259 bird\u0259f\u0259lik \u00f6d\u0259m\u0259nin verilm\u0259si il\u0259 ba\u011fl\u0131 dan\u0131\u015fd\u0131.<\/p>\n","protected":false},"author":2,"featured_media":77716,"comment_status":"closed","ping_status":"closed","sticky":false,"template":"","format":"standard","meta":{"footnotes":""},"categories":[12],"tags":[],"class_list":["post-77798","post","type-post","status-publish","format-standard","has-post-thumbnail","hentry","category-sosial"],"aioseo_notices":[],"_links":{"self":[{"href":"https:\/\/fedai.az\/index.php?rest_route=\/wp\/v2\/posts\/77798","targetHints":{"allow":["GET"]}}],"collection":[{"href":"https:\/\/fedai.az\/index.php?rest_route=\/wp\/v2\/posts"}],"about":[{"href":"https:\/\/fedai.az\/index.php?rest_route=\/wp\/v2\/types\/post"}],"author":[{"embeddable":true,"href":"https:\/\/fedai.az\/index.php?rest_route=\/wp\/v2\/users\/2"}],"replies":[{"embeddable":true,"href":"https:\/\/fedai.az\/index.php?rest_route=%2Fwp%2Fv2%2Fcomments&post=77798"}],"version-history":[{"count":1,"href":"https:\/\/fedai.az\/index.php?rest_route=\/wp\/v2\/posts\/77798\/revisions"}],"predecessor-version":[{"id":77801,"href":"https:\/\/fedai.az\/index.php?rest_route=\/wp\/v2\/posts\/77798\/revisions\/77801"}],"wp:featuredmedia":[{"embeddable":true,"href":"https:\/\/fedai.az\/index.php?rest_route=\/wp\/v2\/media\/77716"}],"wp:attachment":[{"href":"https:\/\/fedai.az\/index.php?rest_route=%2Fwp%2Fv2%2Fmedia&parent=77798"}],"wp:term":[{"taxonomy":"category","embeddable":true,"href":"https:\/\/fedai.az\/index.php?rest_route=%2Fwp%2Fv2%2Fcategories&post=77798"},{"taxonomy":"post_tag","embeddable":true,"href":"https:\/\/fedai.az\/index.php?rest_route=%2Fwp%2Fv2%2Ftags&post=77798"}],"curies":[{"name":"wp","href":"https:\/\/api.w.org\/{rel}","templated":true}]}}