{"id":77802,"date":"2022-08-04T12:45:37","date_gmt":"2022-08-04T08:45:37","guid":{"rendered":"https:\/\/fedai.az\/?p=77802"},"modified":"2022-08-04T12:45:41","modified_gmt":"2022-08-04T08:45:41","slug":"qarabagda-erm%c9%99ni-h%c9%99rbcisi-yoxdur-pasinyan","status":"publish","type":"post","link":"https:\/\/fedai.az\/?p=77802","title":{"rendered":"Qaraba\u011fda erm\u0259ni h\u0259rb\u00e7isi YOXDUR! &#8212; Pa\u015finyan"},"content":{"rendered":"\n<p><strong>Az\u0259rbaycan ordusunun \u00f6t\u0259n g\u00fcn ke\u00e7irdiyi \u201cQisas\u201d \u0259m\u0259liyyat\u0131n\u0131n t\u0259sirind\u0259n bu g\u00fcn \u00f6z\u00fcn\u0259 g\u0259l\u0259n Erm\u0259nistan Ba\u015f naziri Nikol Pa\u015finyan hakum\u0259tin iclas\u0131n\u0131 ke\u00e7irib.<\/strong><\/p>\n\n\n\n<p>Ba\u015f ver\u0259n olaylara m\u00fcnasib\u0259t bildir\u0259n Ba\u015f nazir h\u0259yas\u0131zcas\u0131na yalan dan\u0131\u015faraq, Az\u0259rbaycan\u0131n Qaraba\u011f b\u00f6lg\u0259sind\u0259 Erm\u0259nistan h\u0259rb\u00e7isinin olmad\u0131\u011f\u0131n\u0131, guya Az\u0259rbaycan\u0131n bunu dem\u0259kl\u0259 blef etdiyini s\u00f6yl\u0259yib.<\/p>\n\n\n\n<p>Qeyd ed\u0259k ki, bu, utanmadan yalan dan\u0131\u015fma\u011f\u0131n \u0259n eyb\u0259c\u0259r formas\u0131d\u0131r. C\u0259mi bir ne\u00e7\u0259 g\u00fcn \u00f6nc\u0259 Erm\u0259nistan Ba\u015f Q\u0259rargah r\u0259isinin m\u00fcavini Saakyan Az\u0259rbaycan\u0131n Qaraba\u011f b\u00f6lg\u0259sind\u0259 xidm\u0259t ed\u0259n Erm\u0259nistan v\u0259t\u0259nda\u015flar\u0131 olan \u00e7a\u011f\u0131r\u0131\u015f\u00e7\u0131lar\u0131n \u201cm\u00fcqavil\u0259li h\u0259rb\u00e7il\u0259rl\u0259 \u0259v\u0259zl\u0259n\u0259c\u0259yini\u201d r\u0259sm\u0259n elan etmi\u015fdi.<\/p>\n\n\n\n<p>Bunun ard\u0131nca is\u0259 Erm\u0259nistan T\u0259hl\u00fck\u0259sizlik \u015euras\u0131n\u0131n katibi Armen Qriqoryan Az\u0259rbaycan\u0131n Qaraba\u011f b\u00f6lg\u0259sind\u0259 yerl\u0259\u015f\u0259n Erm\u0259nistan h\u0259rb\u00e7il\u0259rinin guya 44 g\u00fcnl\u00fck m\u00fcharib\u0259 zaman\u0131 erm\u0259ni separat\u00e7\u0131 \u00fcns\u00fcrl\u0259r\u0259 \u201cyard\u0131m \u00fc\u00e7\u00fcn\u201d getdiyini bildir\u0259r\u0259k, onlar\u0131n avqustun sonuna q\u0259d\u0259r Az\u0259rbaycan \u0259razisind\u0259n \u00e7\u0131xar\u0131laca\u011f\u0131n\u0131 elan etmi\u015fdi.<\/p>\n\n\n\n<p>\u0130ki r\u0259smi a\u00e7\u0131qlaman\u0131n ard\u0131nca, Qaraba\u011fdan Erm\u0259nistan h\u0259rbi birlikl\u0259rinin \u00e7\u0131xar\u0131lmas\u0131 bar\u0259d\u0259 he\u00e7 bir d\u0259lil s\u00fcbut-olmadan, \u201cQaraba\u011fda Erm\u0259nistan h\u0259rb\u00e7isi yoxdur\u201d dem\u0259k h\u0259yas\u0131zl\u0131\u011f\u0131n son h\u0259ddidir ki. bunu da ancaq erm\u0259nil\u0259r bacarar.<\/p>\n\n\n\n<p>M\u0259nb\u0259: Publika.az<\/p>\n","protected":false},"excerpt":{"rendered":"<p>Az\u0259rbaycan ordusunun \u00f6t\u0259n g\u00fcn ke\u00e7irdiyi \u201cQisas\u201d \u0259m\u0259liyyat\u0131n\u0131n t\u0259sirind\u0259n bu g\u00fcn \u00f6z\u00fcn\u0259 g\u0259l\u0259n Erm\u0259nistan Ba\u015f naziri Nikol Pa\u015finyan hakum\u0259tin iclas\u0131n\u0131 ke\u00e7irib. Ba\u015f ver\u0259n olaylara m\u00fcnasib\u0259t<\/p>\n","protected":false},"author":2,"featured_media":77803,"comment_status":"closed","ping_status":"closed","sticky":false,"template":"","format":"standard","meta":{"footnotes":""},"categories":[3],"tags":[],"class_list":["post-77802","post","type-post","status-publish","format-standard","has-post-thumbnail","hentry","category-gundm"],"aioseo_notices":[],"_links":{"self":[{"href":"https:\/\/fedai.az\/index.php?rest_route=\/wp\/v2\/posts\/77802","targetHints":{"allow":["GET"]}}],"collection":[{"href":"https:\/\/fedai.az\/index.php?rest_route=\/wp\/v2\/posts"}],"about":[{"href":"https:\/\/fedai.az\/index.php?rest_route=\/wp\/v2\/types\/post"}],"author":[{"embeddable":true,"href":"https:\/\/fedai.az\/index.php?rest_route=\/wp\/v2\/users\/2"}],"replies":[{"embeddable":true,"href":"https:\/\/fedai.az\/index.php?rest_route=%2Fwp%2Fv2%2Fcomments&post=77802"}],"version-history":[{"count":1,"href":"https:\/\/fedai.az\/index.php?rest_route=\/wp\/v2\/posts\/77802\/revisions"}],"predecessor-version":[{"id":77804,"href":"https:\/\/fedai.az\/index.php?rest_route=\/wp\/v2\/posts\/77802\/revisions\/77804"}],"wp:featuredmedia":[{"embeddable":true,"href":"https:\/\/fedai.az\/index.php?rest_route=\/wp\/v2\/media\/77803"}],"wp:attachment":[{"href":"https:\/\/fedai.az\/index.php?rest_route=%2Fwp%2Fv2%2Fmedia&parent=77802"}],"wp:term":[{"taxonomy":"category","embeddable":true,"href":"https:\/\/fedai.az\/index.php?rest_route=%2Fwp%2Fv2%2Fcategories&post=77802"},{"taxonomy":"post_tag","embeddable":true,"href":"https:\/\/fedai.az\/index.php?rest_route=%2Fwp%2Fv2%2Ftags&post=77802"}],"curies":[{"name":"wp","href":"https:\/\/api.w.org\/{rel}","templated":true}]}}