{"id":77805,"date":"2022-08-04T13:22:57","date_gmt":"2022-08-04T09:22:57","guid":{"rendered":"https:\/\/fedai.az\/?p=77805"},"modified":"2022-08-04T13:27:04","modified_gmt":"2022-08-04T09:27:04","slug":"pasinyan-bildirib-ki-qarabagda-bas-ver%c9%99nl%c9%99r-rusiya-sulhm%c9%99ramlilari-haqqinda-suallar-yaradir","status":"publish","type":"post","link":"https:\/\/fedai.az\/?p=77805","title":{"rendered":"Pa\u015finyan bildirib ki, Qaraba\u011fda ba\u015f ver\u0259nl\u0259r Rusiya s\u00fclhm\u0259raml\u0131lar\u0131 haqq\u0131nda suallar yarad\u0131r"},"content":{"rendered":"\n<p><strong>Erm\u0259nistan\u0131n ba\u015f naziri Nikol Pa\u015finyan bildirib ki, Da\u011fl\u0131q Qaraba\u011f \u0259traf\u0131nda v\u0259ziyy\u0259t son d\u0259r\u0259c\u0259 m\u00fcr\u0259kk\u0259bdir. O bildirib ki, Rusiya s\u00fclhm\u0259raml\u0131lar\u0131ndan t\u0259mas x\u0259ttini pozmaq c\u0259hdinin qar\u015f\u0131s\u0131n\u0131 alacaqlar\u0131n\u0131 g\u00f6zl\u0259yir. Erm\u0259nistan\u0131n ba\u015f nazirinin s\u00f6zl\u0259rin\u0259 g\u00f6r\u0259, Qaraba\u011fda ba\u015f ver\u0259n hadis\u0259l\u0259r Erm\u0259nistan r\u0259hb\u0259rliyind\u0259n Rusiya h\u0259rbi kontingenti haqq\u0131nda \u201cbir s\u0131ra suallar do\u011furur\u201d.<\/strong><\/p>\n\n\n\n<p>\u201cRusiya s\u00fclhm\u0259raml\u0131 kontingentinin m\u00f6vcudlu\u011fu v\u0259 f\u0259aliyy\u0259ti S(a)rtsax erm\u0259nil\u0259rinin (Qaraba\u011f\u0131n erm\u0259nic\u0259 ad\u0131d\u0131r. &#8212; Kommersant) t\u0259hl\u00fck\u0259sizliyinin t\u0259min edilm\u0259sind\u0259 \u0259sas amildir. Biz Rusiya Federasiyas\u0131n\u0131n regionumuzda t\u0259hl\u00fck\u0259sizliyin v\u0259 sabitliyin t\u0259min edilm\u0259si istiqam\u0259tind\u0259 s\u0259yl\u0259rini y\u00fcks\u0259k qiym\u0259tl\u0259ndiririk. 2020-ci ild\u0259n b\u0259ri Da\u011fl\u0131q Qaraba\u011fda ba\u015f ver\u0259n bir s\u0131ra hadis\u0259l\u0259r, o c\u00fcml\u0259d\u0259n son g\u00fcnl\u0259r Erm\u0259nistan ictimaiyy\u0259tind\u0259 Da\u011fl\u0131q Qaraba\u011fda (bel\u0259 bir \u0259razi art\u0131q m\u00f6vcud deyil-red.) s\u00fclhm\u0259raml\u0131 \u0259m\u0259liyyat\u0131n m\u0259zmunu v\u0259 xarakteri il\u0259 ba\u011fl\u0131 suallar yarad\u0131r. Bu kontekstd\u0259 Da\u011fl\u0131q Qaraba\u011fda s\u00fclhm\u0259raml\u0131 \u0259m\u0259liyyat\u0131n t\u0259f\u0259rr\u00fcatlar\u0131n\u0131n raz\u0131la\u015fd\u0131r\u0131lmas\u0131na t\u0259cili ehtiyac var\u201d, &#8212; Erm\u0259nistan\u0131n ba\u015f naziri h\u00f6kum\u0259tin iclas\u0131nda bildirib.<\/p>\n\n\n\n<p>Buna \u0259vv\u0259ld\u0259n ehtiyac var idi. Lakin Az\u0259rbaycan s\u00fclhm\u0259raml\u0131 kontingentin mandat\u0131n\u0131 imzalamaqdan imtina etm\u0259kl\u0259 bunun qar\u015f\u0131s\u0131n\u0131 ald\u0131, Erm\u0259nistan is\u0259 bunu etdi. Biz g\u00f6zl\u0259yirik ki, ikit\u0259r\u0259fli formatda imzalanm\u0131\u015f bu mandat tam h\u0259cmd\u0259 f\u0259aliyy\u0259t g\u00f6st\u0259r\u0259c\u0259k.<\/p>\n\n\n\n<p>Onun s\u00f6zl\u0259rin\u0259 g\u00f6r\u0259, \u201cs\u00fclhm\u0259raml\u0131 mandat\u0131n tam h\u0259yata ke\u00e7irilm\u0259si \u00fc\u00e7\u00fcn\u201d \u0130r\u0259van v\u0259 Moskvan\u0131n imzalar\u0131 kifay\u0259tdir. (Buna erm\u0259ni h\u0259yas\u0131zl\u0131\u011f\u0131 dey\u0259rl\u0259r. Az\u0259rbaycan \u0259razisind\u0259 deyil, sizi imza G\u00fcmr\u00fc \u00fc\u00e7\u00fcn ke\u00e7\u0259rlidir, ay danqalaq). O, bu mandat\u0131n beyn\u0259lxalq miqyasda t\u0259sis edilm\u0259si v\u0259 ya s\u00fclhm\u0259raml\u0131lara \u201cdaha \u200b\u200bgeni\u015f beyn\u0259lxalq mandat\u201d verilm\u0259si \u00fc\u00e7\u00fcn add\u0131mlar\u0131n at\u0131lmas\u0131n\u0131 t\u0259klif edib.<\/p>\n\n\n\n<p>Bak\u0131 Da\u011fl\u0131q Qaraba\u011fda v\u0259ziyy\u0259tin g\u0259rginl\u0259\u015fm\u0259sini orada qanunsuz erm\u0259ni birl\u0259\u015fm\u0259l\u0259rinin olmas\u0131 il\u0259 \u0259laq\u0259l\u0259ndirib. \u201cBiz vur\u011fulay\u0131r\u0131q ki, g\u0259rginliyin s\u0259b\u0259bi m\u0259hz Az\u0259rbaycan \u0259razil\u0259rind\u0259 qanunsuz erm\u0259ni silahl\u0131 birl\u0259\u015fm\u0259l\u0259rinin olmas\u0131 v\u0259 onlar\u0131n t\u00f6r\u0259tdiyi t\u0259xribatlard\u0131r. \u018fg\u0259r Erm\u0259nistan t\u0259r\u0259fi m\u00fcxt\u0259lif b\u0259han\u0259l\u0259rl\u0259 bu \u00f6hd\u0259liyin yerin\u0259 yetirilm\u0259sini l\u0259ngitm\u0259k m\u0259qs\u0259di g\u00fcd\u00fcrs\u0259, bu, onun \u00fc\u00e7t\u0259r\u0259fli b\u0259yanatlar\u0131n v\u0259 dig\u0259r raz\u0131la\u015fmalar\u0131n icras\u0131 il\u0259 ba\u011fl\u0131 destruktiv f\u0259aliyy\u0259tinin daha bir bariz n\u00fcmun\u0259sidir\u201d, &#8212; Az\u0259rbaycan diplomatik missiyas\u0131n\u0131n b\u0259yanat\u0131nda deyilir.<\/p>\n\n\n\n<p>\u0130yulda Az\u0259rbaycan prezidenti \u0130lham \u018fliyev d\u0259 Rusiya M\u00fcdafi\u0259 Nazirliyin\u0259 qar\u015f\u0131 iddialarla \u00e7\u0131x\u0131\u015f edib. O, departamentin 10 noyabr 2020-ci il tarixli raz\u0131la\u015fmalara \u0259sas\u0259n, Erm\u0259nistan h\u0259rb\u00e7il\u0259rinin Da\u011fl\u0131q Qaraba\u011f\u0131 t\u0259rk etm\u0259li oldu\u011fu v\u0259di yerin\u0259 yetirm\u0259diyini, lakin buna \u0259m\u0259l olunmad\u0131\u011f\u0131n\u0131 bildirib.<\/p>\n\n\n\n<p>D\u00fcn\u0259n, avqustun 3-d\u0259 Erm\u0259nistan v\u0259 \u00f6z\u00fcn\u00fc elan etmi\u015f &#171;Da\u011fl\u0131q Qaraba\u011f Respublikas\u0131n\u0131 (DQR)&#187; birl\u0259\u015fdir\u0259n yolun La\u00e7\u0131n d\u0259hlizi \u0259razisind\u0259 d\u00f6y\u00fc\u015fl\u0259r ba\u015flay\u0131b. S\u0259b\u0259b Bak\u0131n\u0131n Qaraba\u011f erm\u0259nil\u0259rind\u0259n bu mar\u015frutu t\u0259rk ed\u0259r\u0259k Az\u0259rbaycan\u0131n Erm\u0259nistanla \u0259laq\u0259 \u00fc\u00e7\u00fcn x\u00fcsusi olaraq \u00e7\u0259kdiyi yeni mar\u015frutdan istifad\u0259 etm\u0259y\u0259 ba\u015flama\u011f\u0131 t\u0259l\u0259b etm\u0259si olub. Erm\u0259nil\u0259r bu t\u0259l\u0259bl\u0259ri yerin\u0259 yetirm\u0259y\u0259c\u0259kl\u0259rini a\u00e7\u0131q \u015f\u0259kild\u0259 bildirdil\u0259r, bundan sonra Az\u0259rbaycan \u201cQisas\u201d h\u0259rbi \u0259m\u0259liyyat\u0131na ba\u015flad\u0131, &#171;DQR&#187; is\u0259 qism\u0259n s\u0259f\u0259rb\u0259rlik elan etdi.<\/p>\n","protected":false},"excerpt":{"rendered":"<p>Erm\u0259nistan\u0131n ba\u015f naziri Nikol Pa\u015finyan bildirib ki, Da\u011fl\u0131q Qaraba\u011f \u0259traf\u0131nda v\u0259ziyy\u0259t son d\u0259r\u0259c\u0259 m\u00fcr\u0259kk\u0259bdir. O bildirib ki, Rusiya s\u00fclhm\u0259raml\u0131lar\u0131ndan t\u0259mas x\u0259ttini pozmaq c\u0259hdinin qar\u015f\u0131s\u0131n\u0131<\/p>\n","protected":false},"author":2,"featured_media":77655,"comment_status":"closed","ping_status":"closed","sticky":false,"template":"","format":"standard","meta":{"footnotes":""},"categories":[3],"tags":[],"class_list":["post-77805","post","type-post","status-publish","format-standard","has-post-thumbnail","hentry","category-gundm"],"aioseo_notices":[],"_links":{"self":[{"href":"https:\/\/fedai.az\/index.php?rest_route=\/wp\/v2\/posts\/77805","targetHints":{"allow":["GET"]}}],"collection":[{"href":"https:\/\/fedai.az\/index.php?rest_route=\/wp\/v2\/posts"}],"about":[{"href":"https:\/\/fedai.az\/index.php?rest_route=\/wp\/v2\/types\/post"}],"author":[{"embeddable":true,"href":"https:\/\/fedai.az\/index.php?rest_route=\/wp\/v2\/users\/2"}],"replies":[{"embeddable":true,"href":"https:\/\/fedai.az\/index.php?rest_route=%2Fwp%2Fv2%2Fcomments&post=77805"}],"version-history":[{"count":1,"href":"https:\/\/fedai.az\/index.php?rest_route=\/wp\/v2\/posts\/77805\/revisions"}],"predecessor-version":[{"id":77807,"href":"https:\/\/fedai.az\/index.php?rest_route=\/wp\/v2\/posts\/77805\/revisions\/77807"}],"wp:featuredmedia":[{"embeddable":true,"href":"https:\/\/fedai.az\/index.php?rest_route=\/wp\/v2\/media\/77655"}],"wp:attachment":[{"href":"https:\/\/fedai.az\/index.php?rest_route=%2Fwp%2Fv2%2Fmedia&parent=77805"}],"wp:term":[{"taxonomy":"category","embeddable":true,"href":"https:\/\/fedai.az\/index.php?rest_route=%2Fwp%2Fv2%2Fcategories&post=77805"},{"taxonomy":"post_tag","embeddable":true,"href":"https:\/\/fedai.az\/index.php?rest_route=%2Fwp%2Fv2%2Ftags&post=77805"}],"curies":[{"name":"wp","href":"https:\/\/api.w.org\/{rel}","templated":true}]}}