{"id":77849,"date":"2022-08-05T01:31:52","date_gmt":"2022-08-04T21:31:52","guid":{"rendered":"https:\/\/fedai.az\/?p=77849"},"modified":"2022-08-05T01:56:51","modified_gmt":"2022-08-04T21:56:51","slug":"s%c9%99r%c9%99fli-zabit-omru-polkovnik-leytenant-m%c9%99h%c9%99rr%c9%99m-h%c9%99s%c9%99nov-65","status":"publish","type":"post","link":"https:\/\/fedai.az\/?p=77849","title":{"rendered":"\u015e\u018fR\u018fFL\u0130 ZAB\u0130T \u00d6MR\u00dc: POLKOVN\u0130K-LEYTENANT M\u018fH\u018fRR\u018fM H\u018fS\u018fNOV &#8212; 65"},"content":{"rendered":"\n<p class=\"wp-block-paragraph\"><strong>&nbsp;Az\u0259rbaycan V\u0259t\u0259n M\u00fcharib\u0259si Veteranlar\u0131 \u0130ctimai Birliyinin (AVMV\u0130B) r\u0259hb\u0259rliyi v\u0259 Az\u0259rbaycan V\u0259t\u0259n M\u00fcharib\u0259si Veteranlar\u0131 \u0130ctimai Birliyi s\u0259drinin m\u00fcavinini polkovnik Salman Musayev &nbsp;m\u00fcharib\u0259 veteran\u0131 ehtiyyatda olan polkovnik-leytenant&nbsp;H\u0259s\u0259nov M\u0259h\u0259rr\u0259m Mehral\u0131 o\u011flunu do\u011fum g\u00fcn\u00fc m\u00fcnasib\u0259til\u0259 s\u0259mimi q\u0259lbd\u0259n t\u0259brik edir,h\u0259yatda insan \u00fc\u00e7\u00fcn \u0259n \u015firin nem\u0259t olan m\u00f6hk\u0259m can sa\u011fl\u0131\u011f\u0131 v\u0259 h\u0259yat yollar\u0131nda bitib &#8212; t\u00fck\u0259nm\u0259y\u0259n nailiyy\u0259tl\u0259r arzulay\u0131r. M\u0259h\u0259rr\u0259min ya\u015f\u0131n\u0131n \u00fcst\u0259 g\u0259l\u0259n bu ya\u015f ona sevinc dolu ill\u0259r b\u0259x\u015f etsin, h\u0259r yeni g\u00fcn\u00fc is\u0259 \u00f6t\u0259n g\u00fcnl\u0259rd\u0259n daha g\u00f6z\u0259l, ist\u0259kl\u0259rin\u0259 uy\u011fun, onu xo\u015fb\u0259xt ed\u0259c\u0259k \u015f\u0259kild\u0259 ke\u00e7sin. <\/strong><\/p>\n\n\n\n<p class=\"wp-block-paragraph\">&nbsp;&nbsp;&nbsp;&nbsp; M\u00fcharib\u0259 v\u0259 Silahl\u0131 Q\u00fcvv\u0259l\u0259r Veteran\u0131 ehtiyyatda olan polkovnik-leytenant H\u0259s\u0259nov M\u0259h\u0259rr\u0259m Mehral\u0131 o\u011flu 5 avqust 1957- ci ild\u0259 Nax\u00e7\u0131van Muxtar Respublikas\u0131n\u0131n Nax\u00e7\u0131van \u015f\u0259h\u0259rind\u0259 anadan olub. <\/p>\n\n\n\n<figure class=\"wp-block-gallery columns-2 is-cropped wp-block-gallery-1 is-layout-flex wp-block-gallery-is-layout-flex\"><ul class=\"blocks-gallery-grid\"><li class=\"blocks-gallery-item\"><figure><img decoding=\"async\" src=\"https:\/\/fedai.az\/wp-content\/uploads\/2022\/08\/20220804_224129.jpg\" alt=\"\" data-id=\"77850\" data-link=\"https:\/\/fedai.az\/?attachment_id=77850\" class=\"wp-image-77850\"\/><\/figure><\/li><li class=\"blocks-gallery-item\"><figure><img decoding=\"async\" src=\"https:\/\/fedai.az\/wp-content\/uploads\/2022\/08\/20220804_224036.jpg\" alt=\"\" data-id=\"77853\" data-full-url=\"https:\/\/fedai.az\/wp-content\/uploads\/2022\/08\/20220804_224036.jpg\" data-link=\"https:\/\/fedai.az\/?attachment_id=77853\" class=\"wp-image-77853\"\/><\/figure><\/li><\/ul><\/figure>\n\n\n\n<p class=\"wp-block-paragraph\">O,1974 -c\u0131 ild\u0259 Nax\u00e7\u0131van \u015f\u0259h\u0259rind\u0259 orta m\u0259kt\u0259bi bitirib, 1975 &#8212; 1977 -ci ill\u0259rd\u0259&nbsp; SSR\u0130 Daxili \u0130\u015fl\u0259r Nazirliyinin Daxili Qo\u015funlar\u0131nda m\u00fcddd\u0259tli h\u0259qqi h\u0259rbi xidm\u0259td\u0259 olub.<\/p>\n\n\n\n<p class=\"wp-block-paragraph\">&nbsp;&nbsp;&nbsp; M\u0259h\u0259rr\u0259m H\u0259s\u0259nov 1979- cu ild\u0259 SSR\u0130 M\u00fcdafi\u0259 Nazirliyinin&nbsp; gizirl\u0259r m\u0259kt\u0259bini, 1984 &#8212; ci ild\u0259 is\u0259 SSRI M\u00fcdafiy\u0259 Nazirliyinin Novosibirski vilay\u0259tind\u0259 yerl\u0259\u015f\u0259n Ali Siyasi h\u0259rbi m\u0259kt\u0259bi bitirib.<\/p>\n\n\n\n<p class=\"wp-block-paragraph\">&nbsp;&nbsp;&nbsp; O, 1981 -1986- ci ill\u0259rd\u0259 SSR\u0130 M\u00fcdafi\u0259 Nazirliyinin Macar\u0131stan Xalq respublikas\u0131nda yerl\u0259\u015f\u0259n h\u0259rbi hiss\u0259sind\u0259, 1987-1991ci ilL\u0259rd\u0259 SSR\u0130 M\u00fcdafi\u0259 Nazirliyinin&nbsp; Nax\u00e7\u0131van Muxtar Respublikas\u0131nda yerl\u0259\u015f\u0259n h\u0259rbi hiss\u0259l\u0259rind\u0259 m\u00fcxt\u0259lif v\u0259zif\u0259l\u0259rd\u0259 olub.<\/p>\n\n\n\n<p class=\"wp-block-paragraph\">&nbsp;&nbsp;&nbsp; M\u0259h\u0259rr\u0259m H\u0259s\u0259nov 1992-1994-c\u00fc il\u0259rd\u0259, 2001- 2006 -c\u0131 ill\u0259rd\u0259, Az\u0259rbaycan Ordusunun Nax\u00e7\u0131van Muxtar Respublikas\u0131nda yerl\u0259\u015f\u0259n h\u0259rb\u0131 hiss\u0259l\u0259rind\u0259 tabor komandiinin m\u00fcavini, tabor q\u0259rargahn\u0131n r\u0259isi, tabor komandiri, t\u0259lim-t\u0259dris m\u0259rk\u0259zinin r\u0259isi,1995-2000-ci ill\u0259rd\u0259 is\u0259 Daxili \u0130\u015fl\u0259r Nazirliyinin Daxili Qo\u015funlar\u0131n Bas \u0130dar\u0259sinin Nax\u00e7\u0131van Muxtar respublikas\u0131nda yerl\u0259\u015f\u0259n \u018flahidd\u0259 h\u0259rbi hiss\u0259nin komandiri v\u0259zif\u0259sind\u0259 xidm\u0259t edib.<\/p>\n\n\n\n<p class=\"wp-block-paragraph\">&nbsp;&nbsp;&nbsp;&nbsp;&nbsp; <strong>Ehtiyyatda olan polkovnik- leytenant M\u0259h\u0259rr\u0259m H\u0259s\u0259nov pe\u015f\u0259karl\u0131\u011f\u0131 v\u0259 humanistliyi il\u0259 se\u00e7il\u0259n \u0259n m\u0259hsuldar d\u00f6vr\u00fcn\u00fcn&nbsp; 32 (otuz iki) ild\u0259n \u00e7ox \u015f\u0259r\u0259fli xidm\u0259ti yolunu h\u0259rbi xidm\u0259td\u0259 ke\u00e7irib.<\/strong><\/p>\n\n\n\n<p class=\"wp-block-paragraph\">&nbsp;&nbsp;&nbsp;&nbsp;&nbsp; M\u00fcharib\u0259&nbsp; v\u0259 Silahl\u0131 q\u00fcvv\u0259l\u0259r Veteran\u0131 ehtiyyatda olan polkovnik leytenant M\u0259h\u0259rr\u0259m H\u0259s\u0259nov Daxili Qo\u015funlara v\u0259 onun tutdu\u011fu v\u0259zif\u0259l\u0259r\u0259 h\u0259val\u0259 edilmi\u015f v\u0259zif\u0259l\u0259rin v\u0259 tap\u015f\u0131r\u0131qlar\u0131n\u0131n yerin\u0259&nbsp;&nbsp; yerin\u0259 yetirilm\u0259sind\u0259, Cinay\u0259tkarl\u0131\u011fa qar\u015f\u0131 m\u00fcbariz\u0259d\u0259,ictimai t\u0259hl\u00fck\u0259sizliyin t\u0259min edilm\u0259sind\u0259 v\u0259 qorunmas\u0131nda, Az\u0259rbaycan Respublikas\u0131n\u0131n Suverenliyi v\u0259 \u0259razi b\u00fct\u00f6vl\u00fcy\u00fc u\u011frunda ged\u0259n d\u00f6y\u00fc\u015fl\u0259rd\u0259 \u00fcz\u0259rin\u0259 d\u00fc\u015f\u0259n v\u0259zif\u0259l\u0259rin yerin\u0259 yetirilm\u0259sin\u0259 m\u0259suliyy\u0259tl\u0259 yana\u015fib.<\/p>\n\n\n\n<figure class=\"wp-block-gallery columns-2 is-cropped wp-block-gallery-2 is-layout-flex wp-block-gallery-is-layout-flex\"><ul class=\"blocks-gallery-grid\"><li class=\"blocks-gallery-item\"><figure><img decoding=\"async\" src=\"https:\/\/fedai.az\/wp-content\/uploads\/2022\/08\/20220804_225103.jpg\" alt=\"\" data-id=\"77852\" data-full-url=\"https:\/\/fedai.az\/wp-content\/uploads\/2022\/08\/20220804_225103.jpg\" data-link=\"https:\/\/fedai.az\/?attachment_id=77852\" class=\"wp-image-77852\"\/><\/figure><\/li><li class=\"blocks-gallery-item\"><figure><img loading=\"lazy\" decoding=\"async\" width=\"364\" height=\"294\" src=\"https:\/\/fedai.az\/wp-content\/uploads\/2022\/08\/20220804_223756.jpg\" alt=\"\" data-id=\"77851\" data-full-url=\"https:\/\/fedai.az\/wp-content\/uploads\/2022\/08\/20220804_223756.jpg\" data-link=\"https:\/\/fedai.az\/?attachment_id=77851\" class=\"wp-image-77851\" srcset=\"https:\/\/fedai.az\/wp-content\/uploads\/2022\/08\/20220804_223756.jpg 364w, https:\/\/fedai.az\/wp-content\/uploads\/2022\/08\/20220804_223756-300x242.jpg 300w, https:\/\/fedai.az\/wp-content\/uploads\/2022\/08\/20220804_223756-150x121.jpg 150w\" sizes=\"auto, (max-width: 364px) 100vw, 364px\" \/><\/figure><\/li><\/ul><\/figure>\n\n\n\n<p class=\"wp-block-paragraph\">&nbsp;&nbsp;&nbsp;&nbsp;&nbsp; O, Az\u0259rbaycan respublikas\u0131 Konstitusiyas\u0131na v\u0259 Qanunlar\u0131na, H\u0259rbi And\u0131n, h\u0259rbi nizamnam\u0259l\u0259rin t\u0259l\u0259bl\u0259rin\u0259 v\u0259 v\u0259zif\u0259 borcuna \u0259m\u0259l etm\u0259kd\u0259 tabeliyind\u0259kil\u0259r \u00fc\u00e7\u00fcn n\u00fcmun\u0259 olmu\u015fdur.<\/p>\n\n\n\n<p class=\"wp-block-paragraph\">&nbsp;&nbsp;&nbsp;&nbsp; Polkovnik leytenant M. H\u0259s\u0259nov&nbsp;&nbsp; SSR\u0130&nbsp; v\u0259 Az\u0259rbaycan&nbsp; Ordusunda&nbsp; v\u0259 Az\u0259rbaycan respublikas\u0131n\u0131n&nbsp; Daxili \u0130\u015fl\u0259r Nazirliyinin&nbsp; Daxili Qo\u015funlar\u0131nda xidm\u0259t etdiyi ill\u0259rd\u0259, Xidm\u0259td\u0259 f\u0259riql\u0259ndiyin\u0259 g\u00f6r\u0259 O, SSR\u0130 v\u0259 Az\u0259rbaycan Respublikas\u0131n\u0131n M\u00fcdafi\u0259 Nazirl\u0259rinin, Az\u0259rbaycan&nbsp; respublikas\u0131n\u0131n&nbsp; Daxili \u0130\u015fl\u0259r&nbsp; Nazirinin, Daxili Qo\u015funlar Komandan\u0131n, Nax\u00e7\u0131van Muxtar Respublikas\u0131n\u0131n Daxili \u0130\u015fl\u0259r Nazirinin, xidm\u0259t etdiyi korpus v\u0259 h\u0259rbi hiss\u0259 komandirl\u0259rinin&nbsp; m\u00fcvafiq \u0259mrl\u0259ri il\u0259 bir sira medallar\u0131 il\u0259, d\u00f6\u015f nisanlar\u0131 il\u0259 , f\u0259xr\u0131 f\u0259rmanlarla v\u0259 qiym\u0259tli h\u0259diyy\u0259l\u0259rl\u0259 m\u00fckafatland\u0131rl\u0131b.<\/p>\n\n\n\n<figure class=\"wp-block-gallery columns-2 is-cropped wp-block-gallery-3 is-layout-flex wp-block-gallery-is-layout-flex\"><ul class=\"blocks-gallery-grid\"><li class=\"blocks-gallery-item\"><figure><img loading=\"lazy\" decoding=\"async\" width=\"1024\" height=\"768\" src=\"https:\/\/fedai.az\/wp-content\/uploads\/2022\/08\/20220804_224458-1024x768.jpg\" alt=\"\" data-id=\"77858\" data-full-url=\"https:\/\/fedai.az\/wp-content\/uploads\/2022\/08\/20220804_224458-scaled.jpg\" data-link=\"https:\/\/fedai.az\/?attachment_id=77858\" class=\"wp-image-77858\" srcset=\"https:\/\/fedai.az\/wp-content\/uploads\/2022\/08\/20220804_224458-1024x768.jpg 1024w, https:\/\/fedai.az\/wp-content\/uploads\/2022\/08\/20220804_224458-300x225.jpg 300w, https:\/\/fedai.az\/wp-content\/uploads\/2022\/08\/20220804_224458-150x113.jpg 150w, https:\/\/fedai.az\/wp-content\/uploads\/2022\/08\/20220804_224458-768x576.jpg 768w, https:\/\/fedai.az\/wp-content\/uploads\/2022\/08\/20220804_224458-1536x1152.jpg 1536w, https:\/\/fedai.az\/wp-content\/uploads\/2022\/08\/20220804_224458-2048x1536.jpg 2048w\" sizes=\"auto, (max-width: 1024px) 100vw, 1024px\" \/><\/figure><\/li><li class=\"blocks-gallery-item\"><figure><img decoding=\"async\" src=\"https:\/\/fedai.az\/wp-content\/uploads\/2022\/08\/20220804_224202.jpg\" alt=\"\" data-id=\"77854\" data-full-url=\"https:\/\/fedai.az\/wp-content\/uploads\/2022\/08\/20220804_224202.jpg\" data-link=\"https:\/\/fedai.az\/?attachment_id=77854\" class=\"wp-image-77854\"\/><\/figure><\/li><\/ul><\/figure>\n\n\n\n<p class=\"wp-block-paragraph\"><strong>65 YA\u015eIN M\u00dcBAR\u018fK, M\u018fH\u018fRR\u018fM B\u018fY!..<\/strong><\/p>\n\n\n\n<p class=\"wp-block-paragraph\"><strong>HE\u00c7 VAXT D\u018fRD Q\u018fM G\u00d6RM\u018fY\u018fS\u018fN!<\/strong><\/p>\n\n\n\n<p class=\"wp-block-paragraph\"><strong>ALLAH<\/strong><strong> <\/strong><strong>H<\/strong><strong>\u018f<\/strong><strong>R<\/strong><strong> <\/strong><strong>ZAMAN<\/strong><strong> <\/strong><strong>Q<\/strong><strong>\u018f<\/strong><strong>LB<\/strong><strong>\u0130<\/strong><strong>N<\/strong><strong>\u0130 <\/strong><strong>SIXINTIDAN<\/strong><strong>, <\/strong><strong>B<\/strong><strong>\u018f<\/strong><strong>DB<\/strong><strong>\u0130<\/strong><strong>NL<\/strong><strong>\u0130<\/strong><strong>KD<\/strong><strong>\u018f<\/strong><strong>N<\/strong><strong> <\/strong><strong>QORUSUN<\/strong><strong>!<\/strong><\/p>\n\n\n\n<p class=\"wp-block-paragraph\"><strong>B<\/strong><strong>\u00dc<\/strong><strong>T<\/strong><strong>\u00dc<\/strong><strong>N<\/strong><strong> <\/strong><strong>ARZULARIN<\/strong><strong> <\/strong><strong>\u00c7<\/strong><strong>\u0130<\/strong><strong>N<\/strong><strong> <\/strong><strong>OLSUN<\/strong><strong>!<\/strong><\/p>\n\n\n\n<p class=\"wp-block-paragraph\"><strong>H<\/strong><strong>\u018f<\/strong><strong>M<\/strong><strong>\u0130\u015e\u018f \u00dc<\/strong><strong>Z<\/strong><strong>\u00dc<\/strong><strong>N<\/strong><strong> <\/strong><strong>G<\/strong><strong>\u00dc<\/strong><strong>LS<\/strong><strong>\u00dc<\/strong><strong>N<\/strong><strong>, \u00dc<\/strong><strong>R<\/strong><strong>\u018f<\/strong><strong>Y<\/strong><strong>\u0130<\/strong><strong>N<\/strong><strong> <\/strong><strong>SEV<\/strong><strong>\u0130<\/strong><strong>NS<\/strong><strong>\u0130<\/strong><strong>N<\/strong><strong>!<\/strong><\/p>\n\n\n\n<p class=\"wp-block-paragraph\"><strong>DA<\/strong><strong>\u0130<\/strong><strong>MA<\/strong><strong> <\/strong><strong>XO<\/strong><strong>\u015e<\/strong><strong>B<\/strong><strong>\u018f<\/strong><strong>XT<\/strong><strong> <\/strong><strong>YA<\/strong><strong>\u015e<\/strong><strong>A<\/strong><strong>, \u00d6<\/strong><strong>MR<\/strong><strong>\u00dc<\/strong><strong>N<\/strong><strong> <\/strong><strong>UZUN<\/strong><strong> <\/strong><strong>OLSUN<\/strong><strong>!<\/strong><\/p>\n\n\n\n<p class=\"wp-block-paragraph\"><strong>100 YA\u015eA, ALLAH S\u018fN\u0130 QORUSUN ! <\/strong><\/p>\n\n\n\n<p class=\"wp-block-paragraph\"><strong>Az\u0259rbaycan V\u0259t\u0259n M\u00fcharib\u0259si Veteranlar\u0131 \u0130ctimai Birliyi s\u0259drinin m\u00fcavini polkovnik Salman Musayev<\/strong><\/p>\n\n\n\n<figure class=\"wp-block-gallery columns-2 is-cropped wp-block-gallery-4 is-layout-flex wp-block-gallery-is-layout-flex\"><ul class=\"blocks-gallery-grid\"><li class=\"blocks-gallery-item\"><figure><img decoding=\"async\" src=\"https:\/\/fedai.az\/wp-content\/uploads\/2022\/07\/8265a327389da9fe4fdc2714b309120e-6-1-1-3.jpg\" alt=\"\" data-id=\"77385\" data-link=\"https:\/\/fedai.az\/?attachment_id=77385\" class=\"wp-image-77385\"\/><\/figure><\/li><li class=\"blocks-gallery-item\"><figure><img decoding=\"async\" src=\"https:\/\/fedai.az\/wp-content\/uploads\/2022\/08\/20220804_223714.jpg\" alt=\"\" data-id=\"77855\" data-full-url=\"https:\/\/fedai.az\/wp-content\/uploads\/2022\/08\/20220804_223714.jpg\" data-link=\"https:\/\/fedai.az\/?attachment_id=77855\" class=\"wp-image-77855\"\/><\/figure><\/li><\/ul><\/figure>\n","protected":false},"excerpt":{"rendered":"<p>&nbsp;Az\u0259rbaycan V\u0259t\u0259n M\u00fcharib\u0259si Veteranlar\u0131 \u0130ctimai Birliyinin (AVMV\u0130B) r\u0259hb\u0259rliyi v\u0259 Az\u0259rbaycan V\u0259t\u0259n M\u00fcharib\u0259si Veteranlar\u0131 \u0130ctimai Birliyi s\u0259drinin m\u00fcavinini polkovnik Salman Musayev &nbsp;m\u00fcharib\u0259 veteran\u0131 ehtiyyatda olan<\/p>\n","protected":false},"author":2,"featured_media":0,"comment_status":"closed","ping_status":"closed","sticky":false,"template":"","format":"standard","meta":{"footnotes":""},"categories":[5],"tags":[],"class_list":["post-77849","post","type-post","status-publish","format-standard","hentry","category-veteran"],"aioseo_notices":[],"aioseo_head":"\n\t\t<!-- All in One SEO 5.0.0.1 - aioseo.com -->\n\t<meta name=\"description\" content=\"Az\u0259rbaycan V\u0259t\u0259n M\u00fcharib\u0259si Veteranlar\u0131 \u0130ctimai Birliyinin (AVMV\u0130B) r\u0259hb\u0259rliyi v\u0259 Az\u0259rbaycan V\u0259t\u0259n M\u00fcharib\u0259si Veteranlar\u0131 \u0130ctimai Birliyi s\u0259drinin m\u00fcavinini polkovnik Salman Musayev m\u00fcharib\u0259 veteran\u0131 ehtiyyatda olan polkovnik-leytenant H\u0259s\u0259nov M\u0259h\u0259rr\u0259m Mehral\u0131 o\u011flunu do\u011fum g\u00fcn\u00fc m\u00fcnasib\u0259til\u0259 s\u0259mimi q\u0259lbd\u0259n t\u0259brik edir,h\u0259yatda insan \u00fc\u00e7\u00fcn \u0259n \u015firin nem\u0259t olan m\u00f6hk\u0259m can sa\u011fl\u0131\u011f\u0131 v\u0259 h\u0259yat yollar\u0131nda bitib - t\u00fck\u0259nm\u0259y\u0259n nailiyy\u0259tl\u0259r arzulay\u0131r. M\u0259h\u0259rr\u0259min ya\u015f\u0131n\u0131n \u00fcst\u0259\" \/>\n\t<meta name=\"robots\" content=\"max-image-preview:large\" \/>\n\t<meta name=\"author\" content=\"www.Fedai.az\"\/>\n\t<link rel=\"canonical\" href=\"https:\/\/fedai.az\/?p=77849\" \/>\n\t<meta name=\"generator\" content=\"All in One SEO (AIOSEO) 5.0.0.1\" \/>\n\t\t<meta property=\"og:locale\" content=\"ru_RU\" \/>\n\t\t<meta property=\"og:site_name\" content=\"&quot;F\u0259dai&quot; q\u0259zeti\" \/>\n\t\t<meta property=\"og:type\" content=\"article\" \/>\n\t\t<meta property=\"og:title\" content=\"\u015e\u018fR\u018fFL\u0130 ZAB\u0130T \u00d6MR\u00dc: POLKOVN\u0130K-LEYTENANT M\u018fH\u018fRR\u018fM H\u018fS\u018fNOV \u2014 65 | &quot;F\u0259dai&quot; q\u0259zeti\" \/>\n\t\t<meta property=\"og:description\" content=\"Az\u0259rbaycan V\u0259t\u0259n M\u00fcharib\u0259si Veteranlar\u0131 \u0130ctimai Birliyinin (AVMV\u0130B) r\u0259hb\u0259rliyi v\u0259 Az\u0259rbaycan V\u0259t\u0259n M\u00fcharib\u0259si Veteranlar\u0131 \u0130ctimai Birliyi s\u0259drinin m\u00fcavinini polkovnik Salman Musayev m\u00fcharib\u0259 veteran\u0131 ehtiyyatda olan polkovnik-leytenant H\u0259s\u0259nov M\u0259h\u0259rr\u0259m Mehral\u0131 o\u011flunu do\u011fum g\u00fcn\u00fc m\u00fcnasib\u0259til\u0259 s\u0259mimi q\u0259lbd\u0259n t\u0259brik edir,h\u0259yatda insan \u00fc\u00e7\u00fcn \u0259n \u015firin nem\u0259t olan m\u00f6hk\u0259m can sa\u011fl\u0131\u011f\u0131 v\u0259 h\u0259yat yollar\u0131nda bitib - t\u00fck\u0259nm\u0259y\u0259n nailiyy\u0259tl\u0259r arzulay\u0131r. M\u0259h\u0259rr\u0259min ya\u015f\u0131n\u0131n \u00fcst\u0259\" \/>\n\t\t<meta property=\"og:url\" content=\"https:\/\/fedai.az\/?p=77849\" \/>\n\t\t<meta property=\"fb:app_id\" content=\"696809432257740\" \/>\n\t\t<meta property=\"og:image\" content=\"https:\/\/fedai.az\/wp-content\/uploads\/2022\/09\/logo3.png\" \/>\n\t\t<meta property=\"og:image:secure_url\" content=\"https:\/\/fedai.az\/wp-content\/uploads\/2022\/09\/logo3.png\" \/>\n\t\t<meta property=\"article:published_time\" content=\"2022-08-04T21:31:52+00:00\" \/>\n\t\t<meta property=\"article:modified_time\" content=\"2022-08-04T21:56:51+00:00\" \/>\n\t\t<meta property=\"article:publisher\" content=\"https:\/\/facebook.com\/fedai.az\" \/>\n\t\t<meta name=\"twitter:card\" content=\"summary\" \/>\n\t\t<meta name=\"twitter:site\" content=\"@fedai.az\" \/>\n\t\t<meta name=\"twitter:title\" content=\"\u015e\u018fR\u018fFL\u0130 ZAB\u0130T \u00d6MR\u00dc: POLKOVN\u0130K-LEYTENANT M\u018fH\u018fRR\u018fM H\u018fS\u018fNOV \u2014 65 | &quot;F\u0259dai&quot; q\u0259zeti\" \/>\n\t\t<meta name=\"twitter:description\" content=\"Az\u0259rbaycan V\u0259t\u0259n M\u00fcharib\u0259si Veteranlar\u0131 \u0130ctimai Birliyinin (AVMV\u0130B) r\u0259hb\u0259rliyi v\u0259 Az\u0259rbaycan V\u0259t\u0259n M\u00fcharib\u0259si Veteranlar\u0131 \u0130ctimai Birliyi s\u0259drinin m\u00fcavinini polkovnik Salman Musayev m\u00fcharib\u0259 veteran\u0131 ehtiyyatda olan polkovnik-leytenant H\u0259s\u0259nov M\u0259h\u0259rr\u0259m Mehral\u0131 o\u011flunu do\u011fum g\u00fcn\u00fc m\u00fcnasib\u0259til\u0259 s\u0259mimi q\u0259lbd\u0259n t\u0259brik edir,h\u0259yatda insan \u00fc\u00e7\u00fcn \u0259n \u015firin nem\u0259t olan m\u00f6hk\u0259m can sa\u011fl\u0131\u011f\u0131 v\u0259 h\u0259yat yollar\u0131nda bitib - t\u00fck\u0259nm\u0259y\u0259n nailiyy\u0259tl\u0259r arzulay\u0131r. M\u0259h\u0259rr\u0259min ya\u015f\u0131n\u0131n \u00fcst\u0259\" \/>\n\t\t<meta name=\"twitter:image\" content=\"https:\/\/fedai.az\/wp-content\/uploads\/2022\/09\/logo3.png\" \/>\n\t\t<script type=\"application\/ld+json\" class=\"aioseo-schema\">\n\t\t\t{\"@context\":\"https:\\\/\\\/schema.org\",\"@graph\":[{\"@type\":\"Article\",\"@id\":\"https:\\\/\\\/fedai.az\\\/?p=77849#article\",\"name\":\"\\u015e\\u018fR\\u018fFL\\u0130 ZAB\\u0130T \\u00d6MR\\u00dc: POLKOVN\\u0130K-LEYTENANT M\\u018fH\\u018fRR\\u018fM H\\u018fS\\u018fNOV \\u2014 65 | \\\"F\\u0259dai\\\" q\\u0259zeti\",\"headline\":\"\\u015e\\u018fR\\u018fFL\\u0130 ZAB\\u0130T \\u00d6MR\\u00dc: POLKOVN\\u0130K-LEYTENANT M\\u018fH\\u018fRR\\u018fM H\\u018fS\\u018fNOV &#8212; 65\",\"author\":{\"@id\":\"https:\\\/\\\/fedai.az\\\/?author=2#author\"},\"publisher\":{\"@id\":\"https:\\\/\\\/fedai.az\\\/#organization\"},\"image\":{\"@type\":\"ImageObject\",\"url\":\"https:\\\/\\\/fedai.az\\\/wp-content\\\/uploads\\\/2022\\\/08\\\/20220804_224129.jpg\",\"@id\":\"https:\\\/\\\/fedai.az\\\/?p=77849\\\/#articleImage\"},\"datePublished\":\"2022-08-05T01:31:52+04:00\",\"dateModified\":\"2022-08-05T01:56:51+04:00\",\"inLanguage\":\"ru-RU\",\"mainEntityOfPage\":{\"@id\":\"https:\\\/\\\/fedai.az\\\/?p=77849#webpage\"},\"isPartOf\":{\"@id\":\"https:\\\/\\\/fedai.az\\\/?p=77849#webpage\"},\"articleSection\":\"Veteran\"},{\"@type\":\"BreadcrumbList\",\"@id\":\"https:\\\/\\\/fedai.az\\\/?p=77849#breadcrumblist\",\"itemListElement\":[{\"@type\":\"ListItem\",\"@id\":\"https:\\\/\\\/fedai.az#listItem\",\"position\":1,\"name\":\"Home\",\"item\":\"https:\\\/\\\/fedai.az\",\"nextItem\":{\"@type\":\"ListItem\",\"@id\":\"https:\\\/\\\/fedai.az\\\/?cat=5#listItem\",\"name\":\"Veteran\"}},{\"@type\":\"ListItem\",\"@id\":\"https:\\\/\\\/fedai.az\\\/?cat=5#listItem\",\"position\":2,\"name\":\"Veteran\",\"item\":\"https:\\\/\\\/fedai.az\\\/?cat=5\",\"nextItem\":{\"@type\":\"ListItem\",\"@id\":\"https:\\\/\\\/fedai.az\\\/?p=77849#listItem\",\"name\":\"\\u015e\\u018fR\\u018fFL\\u0130 ZAB\\u0130T \\u00d6MR\\u00dc: POLKOVN\\u0130K-LEYTENANT M\\u018fH\\u018fRR\\u018fM H\\u018fS\\u018fNOV &#8212; 65\"},\"previousItem\":{\"@type\":\"ListItem\",\"@id\":\"https:\\\/\\\/fedai.az#listItem\",\"name\":\"Home\"}},{\"@type\":\"ListItem\",\"@id\":\"https:\\\/\\\/fedai.az\\\/?p=77849#listItem\",\"position\":3,\"name\":\"\\u015e\\u018fR\\u018fFL\\u0130 ZAB\\u0130T \\u00d6MR\\u00dc: POLKOVN\\u0130K-LEYTENANT M\\u018fH\\u018fRR\\u018fM H\\u018fS\\u018fNOV &#8212; 65\",\"previousItem\":{\"@type\":\"ListItem\",\"@id\":\"https:\\\/\\\/fedai.az\\\/?cat=5#listItem\",\"name\":\"Veteran\"}}]},{\"@type\":\"Organization\",\"@id\":\"https:\\\/\\\/fedai.az\\\/#organization\",\"name\":\"\\\"F\\u0259dai\\\" q\\u0259zeti\",\"description\":\"Az\\u0259rbaycan V\\u0259t\\u0259n M\\u00fcharib\\u0259si Veteranlar\\u0131 \\u0130ctimai Birliyi\",\"url\":\"https:\\\/\\\/fedai.az\\\/\",\"logo\":{\"@type\":\"ImageObject\",\"url\":\"https:\\\/\\\/fedai.az\\\/wp-content\\\/uploads\\\/2022\\\/09\\\/logo3.png\",\"@id\":\"https:\\\/\\\/fedai.az\\\/?p=77849\\\/#organizationLogo\",\"width\":500,\"height\":100},\"image\":{\"@id\":\"https:\\\/\\\/fedai.az\\\/?p=77849\\\/#organizationLogo\"},\"sameAs\":[\"https:\\\/\\\/instagram.com\\\/fedai.az\",\"https:\\\/\\\/pinterest.com\\\/fedai.az\",\"https:\\\/\\\/youtube.com\\\/fedai.az\",\"https:\\\/\\\/linkedin.com\\\/in\\\/fedai.az\"]},{\"@type\":\"Person\",\"@id\":\"https:\\\/\\\/fedai.az\\\/?author=2#author\",\"url\":\"https:\\\/\\\/fedai.az\\\/?author=2\",\"name\":\"www.Fedai.az\",\"image\":{\"@type\":\"ImageObject\",\"@id\":\"https:\\\/\\\/fedai.az\\\/?p=77849#authorImage\",\"url\":\"https:\\\/\\\/secure.gravatar.com\\\/avatar\\\/d861e138a4bd3ce6812a7aa95e796aa05e165f28ecde9a972c6789a09fcd1daa?s=96&d=mm&r=g\",\"width\":96,\"height\":96,\"caption\":\"www.Fedai.az\"}},{\"@type\":\"WebPage\",\"@id\":\"https:\\\/\\\/fedai.az\\\/?p=77849#webpage\",\"url\":\"https:\\\/\\\/fedai.az\\\/?p=77849\",\"name\":\"\\u015e\\u018fR\\u018fFL\\u0130 ZAB\\u0130T \\u00d6MR\\u00dc: POLKOVN\\u0130K-LEYTENANT M\\u018fH\\u018fRR\\u018fM H\\u018fS\\u018fNOV \\u2014 65 | \\\"F\\u0259dai\\\" q\\u0259zeti\",\"description\":\"Az\\u0259rbaycan V\\u0259t\\u0259n M\\u00fcharib\\u0259si Veteranlar\\u0131 \\u0130ctimai Birliyinin (AVMV\\u0130B) r\\u0259hb\\u0259rliyi v\\u0259 Az\\u0259rbaycan V\\u0259t\\u0259n M\\u00fcharib\\u0259si Veteranlar\\u0131 \\u0130ctimai Birliyi s\\u0259drinin m\\u00fcavinini polkovnik Salman Musayev m\\u00fcharib\\u0259 veteran\\u0131 ehtiyyatda olan polkovnik-leytenant H\\u0259s\\u0259nov M\\u0259h\\u0259rr\\u0259m Mehral\\u0131 o\\u011flunu do\\u011fum g\\u00fcn\\u00fc m\\u00fcnasib\\u0259til\\u0259 s\\u0259mimi q\\u0259lbd\\u0259n t\\u0259brik edir,h\\u0259yatda insan \\u00fc\\u00e7\\u00fcn \\u0259n \\u015firin nem\\u0259t olan m\\u00f6hk\\u0259m can sa\\u011fl\\u0131\\u011f\\u0131 v\\u0259 h\\u0259yat yollar\\u0131nda bitib - t\\u00fck\\u0259nm\\u0259y\\u0259n nailiyy\\u0259tl\\u0259r arzulay\\u0131r. M\\u0259h\\u0259rr\\u0259min ya\\u015f\\u0131n\\u0131n \\u00fcst\\u0259\",\"inLanguage\":\"ru-RU\",\"isPartOf\":{\"@id\":\"https:\\\/\\\/fedai.az\\\/#website\"},\"breadcrumb\":{\"@id\":\"https:\\\/\\\/fedai.az\\\/?p=77849#breadcrumblist\"},\"author\":{\"@id\":\"https:\\\/\\\/fedai.az\\\/?author=2#author\"},\"creator\":{\"@id\":\"https:\\\/\\\/fedai.az\\\/?author=2#author\"},\"datePublished\":\"2022-08-05T01:31:52+04:00\",\"dateModified\":\"2022-08-05T01:56:51+04:00\"},{\"@type\":\"WebSite\",\"@id\":\"https:\\\/\\\/fedai.az\\\/#website\",\"url\":\"https:\\\/\\\/fedai.az\\\/\",\"name\":\"\\\"F\\u0259dai\\\" q\\u0259zeti\",\"description\":\"Az\\u0259rbaycan V\\u0259t\\u0259n M\\u00fcharib\\u0259si Veteranlar\\u0131 \\u0130ctimai Birliyi\",\"inLanguage\":\"ru-RU\",\"publisher\":{\"@id\":\"https:\\\/\\\/fedai.az\\\/#organization\"}}]}\n\t\t<\/script>\n\t\t<!-- All in One SEO -->\n\n","aioseo_head_json":{"title":"\u015e\u018fR\u018fFL\u0130 ZAB\u0130T \u00d6MR\u00dc: POLKOVN\u0130K-LEYTENANT M\u018fH\u018fRR\u018fM H\u018fS\u018fNOV \u2014 65 | \"F\u0259dai\" q\u0259zeti","description":"Az\u0259rbaycan V\u0259t\u0259n M\u00fcharib\u0259si Veteranlar\u0131 \u0130ctimai Birliyinin (AVMV\u0130B) r\u0259hb\u0259rliyi v\u0259 Az\u0259rbaycan V\u0259t\u0259n M\u00fcharib\u0259si Veteranlar\u0131 \u0130ctimai Birliyi s\u0259drinin m\u00fcavinini polkovnik Salman Musayev m\u00fcharib\u0259 veteran\u0131 ehtiyyatda olan polkovnik-leytenant H\u0259s\u0259nov M\u0259h\u0259rr\u0259m Mehral\u0131 o\u011flunu do\u011fum g\u00fcn\u00fc m\u00fcnasib\u0259til\u0259 s\u0259mimi q\u0259lbd\u0259n t\u0259brik edir,h\u0259yatda insan \u00fc\u00e7\u00fcn \u0259n \u015firin nem\u0259t olan m\u00f6hk\u0259m can sa\u011fl\u0131\u011f\u0131 v\u0259 h\u0259yat yollar\u0131nda bitib - t\u00fck\u0259nm\u0259y\u0259n nailiyy\u0259tl\u0259r arzulay\u0131r. M\u0259h\u0259rr\u0259min ya\u015f\u0131n\u0131n \u00fcst\u0259","canonical_url":"https:\/\/fedai.az\/?p=77849","robots":"max-image-preview:large","keywords":"","webmasterTools":{"miscellaneous":""},"schema":{"@context":"https:\/\/schema.org","@graph":[{"@type":"Article","@id":"https:\/\/fedai.az\/?p=77849#article","name":"\u015e\u018fR\u018fFL\u0130 ZAB\u0130T \u00d6MR\u00dc: POLKOVN\u0130K-LEYTENANT M\u018fH\u018fRR\u018fM H\u018fS\u018fNOV \u2014 65 | \"F\u0259dai\" q\u0259zeti","headline":"\u015e\u018fR\u018fFL\u0130 ZAB\u0130T \u00d6MR\u00dc: POLKOVN\u0130K-LEYTENANT M\u018fH\u018fRR\u018fM H\u018fS\u018fNOV &#8212; 65","author":{"@id":"https:\/\/fedai.az\/?author=2#author"},"publisher":{"@id":"https:\/\/fedai.az\/#organization"},"image":{"@type":"ImageObject","url":"https:\/\/fedai.az\/wp-content\/uploads\/2022\/08\/20220804_224129.jpg","@id":"https:\/\/fedai.az\/?p=77849\/#articleImage"},"datePublished":"2022-08-05T01:31:52+04:00","dateModified":"2022-08-05T01:56:51+04:00","inLanguage":"ru-RU","mainEntityOfPage":{"@id":"https:\/\/fedai.az\/?p=77849#webpage"},"isPartOf":{"@id":"https:\/\/fedai.az\/?p=77849#webpage"},"articleSection":"Veteran"},{"@type":"BreadcrumbList","@id":"https:\/\/fedai.az\/?p=77849#breadcrumblist","itemListElement":[{"@type":"ListItem","@id":"https:\/\/fedai.az#listItem","position":1,"name":"Home","item":"https:\/\/fedai.az","nextItem":{"@type":"ListItem","@id":"https:\/\/fedai.az\/?cat=5#listItem","name":"Veteran"}},{"@type":"ListItem","@id":"https:\/\/fedai.az\/?cat=5#listItem","position":2,"name":"Veteran","item":"https:\/\/fedai.az\/?cat=5","nextItem":{"@type":"ListItem","@id":"https:\/\/fedai.az\/?p=77849#listItem","name":"\u015e\u018fR\u018fFL\u0130 ZAB\u0130T \u00d6MR\u00dc: POLKOVN\u0130K-LEYTENANT M\u018fH\u018fRR\u018fM H\u018fS\u018fNOV &#8212; 65"},"previousItem":{"@type":"ListItem","@id":"https:\/\/fedai.az#listItem","name":"Home"}},{"@type":"ListItem","@id":"https:\/\/fedai.az\/?p=77849#listItem","position":3,"name":"\u015e\u018fR\u018fFL\u0130 ZAB\u0130T \u00d6MR\u00dc: POLKOVN\u0130K-LEYTENANT M\u018fH\u018fRR\u018fM H\u018fS\u018fNOV &#8212; 65","previousItem":{"@type":"ListItem","@id":"https:\/\/fedai.az\/?cat=5#listItem","name":"Veteran"}}]},{"@type":"Organization","@id":"https:\/\/fedai.az\/#organization","name":"\"F\u0259dai\" q\u0259zeti","description":"Az\u0259rbaycan V\u0259t\u0259n M\u00fcharib\u0259si Veteranlar\u0131 \u0130ctimai Birliyi","url":"https:\/\/fedai.az\/","logo":{"@type":"ImageObject","url":"https:\/\/fedai.az\/wp-content\/uploads\/2022\/09\/logo3.png","@id":"https:\/\/fedai.az\/?p=77849\/#organizationLogo","width":500,"height":100},"image":{"@id":"https:\/\/fedai.az\/?p=77849\/#organizationLogo"},"sameAs":["https:\/\/instagram.com\/fedai.az","https:\/\/pinterest.com\/fedai.az","https:\/\/youtube.com\/fedai.az","https:\/\/linkedin.com\/in\/fedai.az"]},{"@type":"Person","@id":"https:\/\/fedai.az\/?author=2#author","url":"https:\/\/fedai.az\/?author=2","name":"www.Fedai.az","image":{"@type":"ImageObject","@id":"https:\/\/fedai.az\/?p=77849#authorImage","url":"https:\/\/secure.gravatar.com\/avatar\/d861e138a4bd3ce6812a7aa95e796aa05e165f28ecde9a972c6789a09fcd1daa?s=96&d=mm&r=g","width":96,"height":96,"caption":"www.Fedai.az"}},{"@type":"WebPage","@id":"https:\/\/fedai.az\/?p=77849#webpage","url":"https:\/\/fedai.az\/?p=77849","name":"\u015e\u018fR\u018fFL\u0130 ZAB\u0130T \u00d6MR\u00dc: POLKOVN\u0130K-LEYTENANT M\u018fH\u018fRR\u018fM H\u018fS\u018fNOV \u2014 65 | \"F\u0259dai\" q\u0259zeti","description":"Az\u0259rbaycan V\u0259t\u0259n M\u00fcharib\u0259si Veteranlar\u0131 \u0130ctimai Birliyinin (AVMV\u0130B) r\u0259hb\u0259rliyi v\u0259 Az\u0259rbaycan V\u0259t\u0259n M\u00fcharib\u0259si Veteranlar\u0131 \u0130ctimai Birliyi s\u0259drinin m\u00fcavinini polkovnik Salman Musayev m\u00fcharib\u0259 veteran\u0131 ehtiyyatda olan polkovnik-leytenant H\u0259s\u0259nov M\u0259h\u0259rr\u0259m Mehral\u0131 o\u011flunu do\u011fum g\u00fcn\u00fc m\u00fcnasib\u0259til\u0259 s\u0259mimi q\u0259lbd\u0259n t\u0259brik edir,h\u0259yatda insan \u00fc\u00e7\u00fcn \u0259n \u015firin nem\u0259t olan m\u00f6hk\u0259m can sa\u011fl\u0131\u011f\u0131 v\u0259 h\u0259yat yollar\u0131nda bitib - t\u00fck\u0259nm\u0259y\u0259n nailiyy\u0259tl\u0259r arzulay\u0131r. M\u0259h\u0259rr\u0259min ya\u015f\u0131n\u0131n \u00fcst\u0259","inLanguage":"ru-RU","isPartOf":{"@id":"https:\/\/fedai.az\/#website"},"breadcrumb":{"@id":"https:\/\/fedai.az\/?p=77849#breadcrumblist"},"author":{"@id":"https:\/\/fedai.az\/?author=2#author"},"creator":{"@id":"https:\/\/fedai.az\/?author=2#author"},"datePublished":"2022-08-05T01:31:52+04:00","dateModified":"2022-08-05T01:56:51+04:00"},{"@type":"WebSite","@id":"https:\/\/fedai.az\/#website","url":"https:\/\/fedai.az\/","name":"\"F\u0259dai\" q\u0259zeti","description":"Az\u0259rbaycan V\u0259t\u0259n M\u00fcharib\u0259si Veteranlar\u0131 \u0130ctimai Birliyi","inLanguage":"ru-RU","publisher":{"@id":"https:\/\/fedai.az\/#organization"}}]},"og:locale":"ru_RU","og:site_name":"&quot;F\u0259dai&quot; q\u0259zeti","og:type":"article","og:title":"\u015e\u018fR\u018fFL\u0130 ZAB\u0130T \u00d6MR\u00dc: POLKOVN\u0130K-LEYTENANT M\u018fH\u018fRR\u018fM H\u018fS\u018fNOV \u2014 65 | &quot;F\u0259dai&quot; q\u0259zeti","og:description":"Az\u0259rbaycan V\u0259t\u0259n M\u00fcharib\u0259si Veteranlar\u0131 \u0130ctimai Birliyinin (AVMV\u0130B) r\u0259hb\u0259rliyi v\u0259 Az\u0259rbaycan V\u0259t\u0259n M\u00fcharib\u0259si Veteranlar\u0131 \u0130ctimai Birliyi s\u0259drinin m\u00fcavinini polkovnik Salman Musayev m\u00fcharib\u0259 veteran\u0131 ehtiyyatda olan polkovnik-leytenant H\u0259s\u0259nov M\u0259h\u0259rr\u0259m Mehral\u0131 o\u011flunu do\u011fum g\u00fcn\u00fc m\u00fcnasib\u0259til\u0259 s\u0259mimi q\u0259lbd\u0259n t\u0259brik edir,h\u0259yatda insan \u00fc\u00e7\u00fcn \u0259n \u015firin nem\u0259t olan m\u00f6hk\u0259m can sa\u011fl\u0131\u011f\u0131 v\u0259 h\u0259yat yollar\u0131nda bitib - t\u00fck\u0259nm\u0259y\u0259n nailiyy\u0259tl\u0259r arzulay\u0131r. M\u0259h\u0259rr\u0259min ya\u015f\u0131n\u0131n \u00fcst\u0259","og:url":"https:\/\/fedai.az\/?p=77849","fb:app_id":"696809432257740","og:image":"https:\/\/fedai.az\/wp-content\/uploads\/2022\/09\/logo3.png","og:image:secure_url":"https:\/\/fedai.az\/wp-content\/uploads\/2022\/09\/logo3.png","article:published_time":"2022-08-04T21:31:52+00:00","article:modified_time":"2022-08-04T21:56:51+00:00","article:publisher":"https:\/\/facebook.com\/fedai.az","twitter:card":"summary","twitter:site":"@fedai.az","twitter:title":"\u015e\u018fR\u018fFL\u0130 ZAB\u0130T \u00d6MR\u00dc: POLKOVN\u0130K-LEYTENANT M\u018fH\u018fRR\u018fM H\u018fS\u018fNOV \u2014 65 | &quot;F\u0259dai&quot; q\u0259zeti","twitter:description":"Az\u0259rbaycan V\u0259t\u0259n M\u00fcharib\u0259si Veteranlar\u0131 \u0130ctimai Birliyinin (AVMV\u0130B) r\u0259hb\u0259rliyi v\u0259 Az\u0259rbaycan V\u0259t\u0259n M\u00fcharib\u0259si Veteranlar\u0131 \u0130ctimai Birliyi s\u0259drinin m\u00fcavinini polkovnik Salman Musayev m\u00fcharib\u0259 veteran\u0131 ehtiyyatda olan polkovnik-leytenant H\u0259s\u0259nov M\u0259h\u0259rr\u0259m Mehral\u0131 o\u011flunu do\u011fum g\u00fcn\u00fc m\u00fcnasib\u0259til\u0259 s\u0259mimi q\u0259lbd\u0259n t\u0259brik edir,h\u0259yatda insan \u00fc\u00e7\u00fcn \u0259n \u015firin nem\u0259t olan m\u00f6hk\u0259m can sa\u011fl\u0131\u011f\u0131 v\u0259 h\u0259yat yollar\u0131nda bitib - t\u00fck\u0259nm\u0259y\u0259n nailiyy\u0259tl\u0259r arzulay\u0131r. M\u0259h\u0259rr\u0259min ya\u015f\u0131n\u0131n \u00fcst\u0259","twitter:image":"https:\/\/fedai.az\/wp-content\/uploads\/2022\/09\/logo3.png"},"aioseo_meta_data":{"post_id":"77849","title":null,"description":null,"keywords":[],"keyphrases":{"focus":{"keyphrase":"","score":0,"analysis":{"keyphraseInTitle":{"score":0,"maxScore":9,"error":1}}},"additional":[]},"primary_term":null,"canonical_url":null,"og_title":null,"og_description":null,"og_object_type":"default","og_image_type":"default","og_image_url":null,"og_image_width":null,"og_image_height":null,"og_image_custom_url":null,"og_image_custom_fields":null,"og_video":"","og_custom_url":null,"og_article_section":null,"og_article_tags":[],"twitter_use_og":false,"twitter_card":"default","twitter_image_type":"default","twitter_image_url":null,"twitter_image_custom_url":null,"twitter_image_custom_fields":null,"twitter_title":null,"twitter_description":null,"schema":{"blockGraphs":[],"customGraphs":[],"default":{"data":{"Article":{"id":"aioseo-article-63bb4436d6115","slug":"article","graphName":"Article","label":"\u0421\u0442\u0430\u0442\u044c\u044f","properties":{"type":"BlogPosting","name":"#post_title","headline":"#post_title","description":"#post_excerpt","image":"","keywords":"","author":{"name":"#author_name","url":"#author_url"},"dates":{"include":true,"datePublished":"","dateModified":""}}},"Course":[],"Dataset":[],"FAQPage":[],"Movie":[],"Person":[],"Product":[],"ProductReview":[],"Car":[],"Recipe":[],"Service":[],"SoftwareApplication":[],"WebPage":[]},"graphName":"Article","isEnabled":true},"graphs":[]},"schema_type":"default","schema_type_options":"{\"article\":{\"articleType\":\"BlogPosting\"},\"course\":{\"name\":\"\",\"description\":\"\",\"provider\":\"\"},\"faq\":{\"pages\":[]},\"product\":{\"reviews\":[]},\"recipe\":{\"ingredients\":[],\"instructions\":[],\"keywords\":[]},\"software\":{\"reviews\":[],\"operatingSystems\":[]},\"webPage\":{\"webPageType\":\"WebPage\"}}","pillar_content":false,"robots_default":true,"robots_noindex":false,"robots_noarchive":false,"robots_nosnippet":false,"robots_nofollow":false,"robots_noimageindex":false,"robots_noodp":false,"robots_notranslate":false,"robots_max_snippet":"-1","robots_max_videopreview":"-1","robots_max_imagepreview":"large","priority":null,"frequency":"default","local_seo":null,"breadcrumb_settings":null,"limit_modified_date":false,"ai":null,"created":"2022-08-04 21:17:05","updated":"2025-06-08 15:34:22","seo_analyzer_scan_date":null,"focus_keyword":null,"additional_keywords":null,"truseo_locale":null},"aioseo_breadcrumb":"<div class=\"aioseo-breadcrumbs\"><span class=\"aioseo-breadcrumb\">\n\t\t\t<a href=\"https:\/\/fedai.az\" title=\"Home\">Home<\/a>\n\t\t<\/span><span class=\"aioseo-breadcrumb-separator\">\u00bb<\/span><span class=\"aioseo-breadcrumb\">\n\t\t\t<a href=\"https:\/\/fedai.az\/?cat=5\" title=\"Veteran\">Veteran<\/a>\n\t\t<\/span><span class=\"aioseo-breadcrumb-separator\">\u00bb<\/span><span class=\"aioseo-breadcrumb\">\n\t\t\t\u015e\u018fR\u018fFL\u0130 ZAB\u0130T \u00d6MR\u00dc: POLKOVN\u0130K-LEYTENANT M\u018fH\u018fRR\u018fM H\u018fS\u018fNOV \u2014 65\n\t\t<\/span><\/div>","aioseo_breadcrumb_json":[{"label":"Home","link":"https:\/\/fedai.az"},{"label":"Veteran","link":"https:\/\/fedai.az\/?cat=5"},{"label":"\u015e\u018fR\u018fFL\u0130 ZAB\u0130T \u00d6MR\u00dc: POLKOVN\u0130K-LEYTENANT M\u018fH\u018fRR\u018fM H\u018fS\u018fNOV &#8212; 65","link":"https:\/\/fedai.az\/?p=77849"}],"_links":{"self":[{"href":"https:\/\/fedai.az\/index.php?rest_route=\/wp\/v2\/posts\/77849","targetHints":{"allow":["GET"]}}],"collection":[{"href":"https:\/\/fedai.az\/index.php?rest_route=\/wp\/v2\/posts"}],"about":[{"href":"https:\/\/fedai.az\/index.php?rest_route=\/wp\/v2\/types\/post"}],"author":[{"embeddable":true,"href":"https:\/\/fedai.az\/index.php?rest_route=\/wp\/v2\/users\/2"}],"replies":[{"embeddable":true,"href":"https:\/\/fedai.az\/index.php?rest_route=%2Fwp%2Fv2%2Fcomments&post=77849"}],"version-history":[{"count":2,"href":"https:\/\/fedai.az\/index.php?rest_route=\/wp\/v2\/posts\/77849\/revisions"}],"predecessor-version":[{"id":77859,"href":"https:\/\/fedai.az\/index.php?rest_route=\/wp\/v2\/posts\/77849\/revisions\/77859"}],"wp:attachment":[{"href":"https:\/\/fedai.az\/index.php?rest_route=%2Fwp%2Fv2%2Fmedia&parent=77849"}],"wp:term":[{"taxonomy":"category","embeddable":true,"href":"https:\/\/fedai.az\/index.php?rest_route=%2Fwp%2Fv2%2Fcategories&post=77849"},{"taxonomy":"post_tag","embeddable":true,"href":"https:\/\/fedai.az\/index.php?rest_route=%2Fwp%2Fv2%2Ftags&post=77849"}],"curies":[{"name":"wp","href":"https:\/\/api.w.org\/{rel}","templated":true}]}}