{"id":77901,"date":"2022-08-05T20:14:05","date_gmt":"2022-08-05T16:14:05","guid":{"rendered":"https:\/\/fedai.az\/?p=77901"},"modified":"2022-08-05T20:56:44","modified_gmt":"2022-08-05T16:56:44","slug":"zabux-k%c9%99ndind%c9%99-m%c9%99skunlasan-erm%c9%99nil%c9%99r-avqustun-25-d%c9%99k-vaxt-verildi","status":"publish","type":"post","link":"https:\/\/fedai.az\/?p=77901","title":{"rendered":"Zabux k\u0259ndind\u0259 m\u0259skunla\u015fan erm\u0259nil\u0259r avqustun 25-d\u0259k vaxt verildi &#8212; Erm\u0259ni h\u0259yas\u0131zl\u0131\u011f\u0131"},"content":{"rendered":"\n<p class=\"wp-block-paragraph\"><strong>La\u00e7\u0131n rayonunun Zabux k\u0259ndind\u0259 m\u0259skunla\u015fan erm\u0259nil\u0259r avqustun 25-d\u0259k k\u0259ndi t\u0259rk etm\u0259lidirl\u0259r.<\/strong><\/p>\n\n\n\n<p class=\"wp-block-paragraph\">Erm\u0259ni medias\u0131na istinadla x\u0259b\u0259r verir ki, bu bar\u0259d\u0259 Zabux k\u0259ndinin ba\u015f\u00e7\u0131s\u0131 Andranik \u00c7avu\u015fyan&nbsp; \u201cArmenia Today\u201din m\u00fcxbirin\u0259 m\u00fcsahib\u0259sind\u0259 bildirib.<\/p>\n\n\n\n<figure class=\"wp-block-embed is-type-video is-provider-youtube wp-block-embed-youtube wp-embed-aspect-16-9 wp-has-aspect-ratio\"><div class=\"wp-block-embed__wrapper\">\n<iframe loading=\"lazy\" title=\"La\u00e7\u0131ndan getm\u0259k ist\u0259m\u0259y\u0259n erm\u0259nil\u0259r - Nikol u\u015fa\u011f\u0131m\u0131 saxlayacaq?\" width=\"715\" height=\"402\" src=\"https:\/\/www.youtube.com\/embed\/s_yx6D_FePk?feature=oembed\" frameborder=\"0\" allow=\"accelerometer; autoplay; clipboard-write; encrypted-media; gyroscope; picture-in-picture\" allowfullscreen><\/iframe>\n<\/div><\/figure>\n\n\n\n<p class=\"wp-block-paragraph\">Qaraba\u011fdak\u0131 qondarma reyimin \u201c\u0259razi idar\u0259etm\u0259 v\u0259 infrastruktur naziri\u201d Hayk Xanumyan Zabuxda olub v\u0259 sakinl\u0259r\u0259 k\u0259ndi t\u0259rk etm\u0259l\u0259ri bar\u0259d\u0259 x\u0259b\u0259rdarl\u0131q edib.<\/p>\n\n\n\n<p class=\"wp-block-paragraph\">\u0130ndic\u0259 ald\u0131\u011f\u0131m\u0131z m\u0259lumata g\u00f6r\u0259, La\u00e7\u0131n sakinl\u0259ri Xank\u0259ndi-Gorus yolunu ba\u011flay\u0131blar. Onlar La\u00e7\u0131n \u015f\u0259h\u0259rini qondarma \u201c(S)arsax\u201d\u0131n t\u0259rkibind\u0259 qalmas\u0131n\u0131 t\u0259l\u0259b edirl\u0259r.<\/p>\n\n\n\n<figure class=\"wp-block-embed is-type-video is-provider-youtube wp-block-embed-youtube wp-embed-aspect-16-9 wp-has-aspect-ratio\"><div class=\"wp-block-embed__wrapper\">\n<iframe loading=\"lazy\" title=\"La\u00e7\u0131nda erm\u0259nil\u0259rin etiraz aksiyas\u0131\" width=\"715\" height=\"402\" src=\"https:\/\/www.youtube.com\/embed\/ZwZ-5tT_owM?feature=oembed\" frameborder=\"0\" allow=\"accelerometer; autoplay; clipboard-write; encrypted-media; gyroscope; picture-in-picture\" allowfullscreen><\/iframe>\n<\/div><\/figure>\n","protected":false},"excerpt":{"rendered":"<p>La\u00e7\u0131n rayonunun Zabux k\u0259ndind\u0259 m\u0259skunla\u015fan erm\u0259nil\u0259r avqustun 25-d\u0259k k\u0259ndi t\u0259rk etm\u0259lidirl\u0259r. Erm\u0259ni medias\u0131na istinadla x\u0259b\u0259r verir ki, bu bar\u0259d\u0259 Zabux k\u0259ndinin ba\u015f\u00e7\u0131s\u0131 Andranik \u00c7avu\u015fyan&nbsp;<\/p>\n","protected":false},"author":2,"featured_media":77902,"comment_status":"closed","ping_status":"closed","sticky":false,"template":"","format":"standard","meta":{"footnotes":""},"categories":[4],"tags":[],"class_list":["post-77901","post","type-post","status-publish","format-standard","has-post-thumbnail","hentry","category-qarabag"],"aioseo_notices":[],"aioseo_head":"\n\t\t<!-- All in One SEO 5.0.0.1 - aioseo.com -->\n\t<meta name=\"description\" content=\"La\u00e7\u0131n rayonunun Zabux k\u0259ndind\u0259 m\u0259skunla\u015fan erm\u0259nil\u0259r avqustun 25-d\u0259k k\u0259ndi t\u0259rk etm\u0259lidirl\u0259r. Erm\u0259ni medias\u0131na istinadla x\u0259b\u0259r verir ki, bu bar\u0259d\u0259 Zabux k\u0259ndinin ba\u015f\u00e7\u0131s\u0131 Andranik \u00c7avu\u015fyan \u201cArmenia Today\u201din m\u00fcxbirin\u0259 m\u00fcsahib\u0259sind\u0259 bildirib. Qaraba\u011fdak\u0131 qondarma reyimin \u201c\u0259razi idar\u0259etm\u0259 v\u0259 infrastruktur naziri\u201d Hayk Xanumyan Zabuxda olub v\u0259 sakinl\u0259r\u0259 k\u0259ndi t\u0259rk etm\u0259l\u0259ri bar\u0259d\u0259 x\u0259b\u0259rdarl\u0131q edib. \u0130ndic\u0259 ald\u0131\u011f\u0131m\u0131z m\u0259lumata g\u00f6r\u0259, La\u00e7\u0131n sakinl\u0259ri\" \/>\n\t<meta name=\"robots\" content=\"max-image-preview:large\" \/>\n\t<meta name=\"author\" content=\"www.Fedai.az\"\/>\n\t<link rel=\"canonical\" href=\"https:\/\/fedai.az\/?p=77901\" \/>\n\t<meta name=\"generator\" content=\"All in One SEO (AIOSEO) 5.0.0.1\" \/>\n\t\t<meta property=\"og:locale\" content=\"ru_RU\" \/>\n\t\t<meta property=\"og:site_name\" content=\"&quot;F\u0259dai&quot; q\u0259zeti\" \/>\n\t\t<meta property=\"og:type\" content=\"article\" \/>\n\t\t<meta property=\"og:title\" content=\"Zabux k\u0259ndind\u0259 m\u0259skunla\u015fan erm\u0259nil\u0259r avqustun 25-d\u0259k vaxt verildi \u2014 Erm\u0259ni h\u0259yas\u0131zl\u0131\u011f\u0131 | &quot;F\u0259dai&quot; q\u0259zeti\" \/>\n\t\t<meta property=\"og:description\" content=\"La\u00e7\u0131n rayonunun Zabux k\u0259ndind\u0259 m\u0259skunla\u015fan erm\u0259nil\u0259r avqustun 25-d\u0259k k\u0259ndi t\u0259rk etm\u0259lidirl\u0259r. Erm\u0259ni medias\u0131na istinadla x\u0259b\u0259r verir ki, bu bar\u0259d\u0259 Zabux k\u0259ndinin ba\u015f\u00e7\u0131s\u0131 Andranik \u00c7avu\u015fyan \u201cArmenia Today\u201din m\u00fcxbirin\u0259 m\u00fcsahib\u0259sind\u0259 bildirib. Qaraba\u011fdak\u0131 qondarma reyimin \u201c\u0259razi idar\u0259etm\u0259 v\u0259 infrastruktur naziri\u201d Hayk Xanumyan Zabuxda olub v\u0259 sakinl\u0259r\u0259 k\u0259ndi t\u0259rk etm\u0259l\u0259ri bar\u0259d\u0259 x\u0259b\u0259rdarl\u0131q edib. \u0130ndic\u0259 ald\u0131\u011f\u0131m\u0131z m\u0259lumata g\u00f6r\u0259, La\u00e7\u0131n sakinl\u0259ri\" \/>\n\t\t<meta property=\"og:url\" content=\"https:\/\/fedai.az\/?p=77901\" \/>\n\t\t<meta property=\"fb:app_id\" content=\"696809432257740\" \/>\n\t\t<meta property=\"og:image\" content=\"https:\/\/fedai.az\/wp-content\/uploads\/2022\/08\/iiu7.jpeg\" \/>\n\t\t<meta property=\"og:image:secure_url\" content=\"https:\/\/fedai.az\/wp-content\/uploads\/2022\/08\/iiu7.jpeg\" \/>\n\t\t<meta property=\"og:image:width\" content=\"672\" \/>\n\t\t<meta property=\"og:image:height\" content=\"496\" \/>\n\t\t<meta property=\"article:published_time\" content=\"2022-08-05T16:14:05+00:00\" \/>\n\t\t<meta property=\"article:modified_time\" content=\"2022-08-05T16:56:44+00:00\" \/>\n\t\t<meta property=\"article:publisher\" content=\"https:\/\/facebook.com\/fedai.az\" \/>\n\t\t<meta name=\"twitter:card\" content=\"summary\" \/>\n\t\t<meta name=\"twitter:site\" content=\"@fedai.az\" \/>\n\t\t<meta name=\"twitter:title\" content=\"Zabux k\u0259ndind\u0259 m\u0259skunla\u015fan erm\u0259nil\u0259r avqustun 25-d\u0259k vaxt verildi \u2014 Erm\u0259ni h\u0259yas\u0131zl\u0131\u011f\u0131 | &quot;F\u0259dai&quot; q\u0259zeti\" \/>\n\t\t<meta name=\"twitter:description\" content=\"La\u00e7\u0131n rayonunun Zabux k\u0259ndind\u0259 m\u0259skunla\u015fan erm\u0259nil\u0259r avqustun 25-d\u0259k k\u0259ndi t\u0259rk etm\u0259lidirl\u0259r. Erm\u0259ni medias\u0131na istinadla x\u0259b\u0259r verir ki, bu bar\u0259d\u0259 Zabux k\u0259ndinin ba\u015f\u00e7\u0131s\u0131 Andranik \u00c7avu\u015fyan \u201cArmenia Today\u201din m\u00fcxbirin\u0259 m\u00fcsahib\u0259sind\u0259 bildirib. Qaraba\u011fdak\u0131 qondarma reyimin \u201c\u0259razi idar\u0259etm\u0259 v\u0259 infrastruktur naziri\u201d Hayk Xanumyan Zabuxda olub v\u0259 sakinl\u0259r\u0259 k\u0259ndi t\u0259rk etm\u0259l\u0259ri bar\u0259d\u0259 x\u0259b\u0259rdarl\u0131q edib. \u0130ndic\u0259 ald\u0131\u011f\u0131m\u0131z m\u0259lumata g\u00f6r\u0259, La\u00e7\u0131n sakinl\u0259ri\" \/>\n\t\t<meta name=\"twitter:image\" content=\"https:\/\/fedai.az\/wp-content\/uploads\/2022\/08\/iiu7.jpeg\" \/>\n\t\t<script type=\"application\/ld+json\" class=\"aioseo-schema\">\n\t\t\t{\"@context\":\"https:\\\/\\\/schema.org\",\"@graph\":[{\"@type\":\"Article\",\"@id\":\"https:\\\/\\\/fedai.az\\\/?p=77901#article\",\"name\":\"Zabux k\\u0259ndind\\u0259 m\\u0259skunla\\u015fan erm\\u0259nil\\u0259r avqustun 25-d\\u0259k vaxt verildi \\u2014 Erm\\u0259ni h\\u0259yas\\u0131zl\\u0131\\u011f\\u0131 | \\\"F\\u0259dai\\\" q\\u0259zeti\",\"headline\":\"Zabux k\\u0259ndind\\u0259 m\\u0259skunla\\u015fan erm\\u0259nil\\u0259r avqustun 25-d\\u0259k vaxt verildi &#8212; Erm\\u0259ni h\\u0259yas\\u0131zl\\u0131\\u011f\\u0131\",\"author\":{\"@id\":\"https:\\\/\\\/fedai.az\\\/?author=2#author\"},\"publisher\":{\"@id\":\"https:\\\/\\\/fedai.az\\\/#organization\"},\"image\":{\"@type\":\"ImageObject\",\"url\":\"https:\\\/\\\/fedai.az\\\/wp-content\\\/uploads\\\/2022\\\/08\\\/iiu7.jpeg\",\"width\":672,\"height\":496},\"datePublished\":\"2022-08-05T20:14:05+04:00\",\"dateModified\":\"2022-08-05T20:56:44+04:00\",\"inLanguage\":\"ru-RU\",\"mainEntityOfPage\":{\"@id\":\"https:\\\/\\\/fedai.az\\\/?p=77901#webpage\"},\"isPartOf\":{\"@id\":\"https:\\\/\\\/fedai.az\\\/?p=77901#webpage\"},\"articleSection\":\"Qaraba\\u011f\"},{\"@type\":\"BreadcrumbList\",\"@id\":\"https:\\\/\\\/fedai.az\\\/?p=77901#breadcrumblist\",\"itemListElement\":[{\"@type\":\"ListItem\",\"@id\":\"https:\\\/\\\/fedai.az#listItem\",\"position\":1,\"name\":\"Home\",\"item\":\"https:\\\/\\\/fedai.az\",\"nextItem\":{\"@type\":\"ListItem\",\"@id\":\"https:\\\/\\\/fedai.az\\\/?cat=4#listItem\",\"name\":\"Qaraba\\u011f\"}},{\"@type\":\"ListItem\",\"@id\":\"https:\\\/\\\/fedai.az\\\/?cat=4#listItem\",\"position\":2,\"name\":\"Qaraba\\u011f\",\"item\":\"https:\\\/\\\/fedai.az\\\/?cat=4\",\"nextItem\":{\"@type\":\"ListItem\",\"@id\":\"https:\\\/\\\/fedai.az\\\/?p=77901#listItem\",\"name\":\"Zabux k\\u0259ndind\\u0259 m\\u0259skunla\\u015fan erm\\u0259nil\\u0259r avqustun 25-d\\u0259k vaxt verildi &#8212; Erm\\u0259ni h\\u0259yas\\u0131zl\\u0131\\u011f\\u0131\"},\"previousItem\":{\"@type\":\"ListItem\",\"@id\":\"https:\\\/\\\/fedai.az#listItem\",\"name\":\"Home\"}},{\"@type\":\"ListItem\",\"@id\":\"https:\\\/\\\/fedai.az\\\/?p=77901#listItem\",\"position\":3,\"name\":\"Zabux k\\u0259ndind\\u0259 m\\u0259skunla\\u015fan erm\\u0259nil\\u0259r avqustun 25-d\\u0259k vaxt verildi &#8212; Erm\\u0259ni h\\u0259yas\\u0131zl\\u0131\\u011f\\u0131\",\"previousItem\":{\"@type\":\"ListItem\",\"@id\":\"https:\\\/\\\/fedai.az\\\/?cat=4#listItem\",\"name\":\"Qaraba\\u011f\"}}]},{\"@type\":\"Organization\",\"@id\":\"https:\\\/\\\/fedai.az\\\/#organization\",\"name\":\"\\\"F\\u0259dai\\\" q\\u0259zeti\",\"description\":\"Az\\u0259rbaycan V\\u0259t\\u0259n M\\u00fcharib\\u0259si Veteranlar\\u0131 \\u0130ctimai Birliyi\",\"url\":\"https:\\\/\\\/fedai.az\\\/\",\"logo\":{\"@type\":\"ImageObject\",\"url\":\"https:\\\/\\\/fedai.az\\\/wp-content\\\/uploads\\\/2022\\\/09\\\/logo3.png\",\"@id\":\"https:\\\/\\\/fedai.az\\\/?p=77901\\\/#organizationLogo\",\"width\":500,\"height\":100},\"image\":{\"@id\":\"https:\\\/\\\/fedai.az\\\/?p=77901\\\/#organizationLogo\"},\"sameAs\":[\"https:\\\/\\\/instagram.com\\\/fedai.az\",\"https:\\\/\\\/pinterest.com\\\/fedai.az\",\"https:\\\/\\\/youtube.com\\\/fedai.az\",\"https:\\\/\\\/linkedin.com\\\/in\\\/fedai.az\"]},{\"@type\":\"Person\",\"@id\":\"https:\\\/\\\/fedai.az\\\/?author=2#author\",\"url\":\"https:\\\/\\\/fedai.az\\\/?author=2\",\"name\":\"www.Fedai.az\",\"image\":{\"@type\":\"ImageObject\",\"@id\":\"https:\\\/\\\/fedai.az\\\/?p=77901#authorImage\",\"url\":\"https:\\\/\\\/secure.gravatar.com\\\/avatar\\\/d861e138a4bd3ce6812a7aa95e796aa05e165f28ecde9a972c6789a09fcd1daa?s=96&d=mm&r=g\",\"width\":96,\"height\":96,\"caption\":\"www.Fedai.az\"}},{\"@type\":\"WebPage\",\"@id\":\"https:\\\/\\\/fedai.az\\\/?p=77901#webpage\",\"url\":\"https:\\\/\\\/fedai.az\\\/?p=77901\",\"name\":\"Zabux k\\u0259ndind\\u0259 m\\u0259skunla\\u015fan erm\\u0259nil\\u0259r avqustun 25-d\\u0259k vaxt verildi \\u2014 Erm\\u0259ni h\\u0259yas\\u0131zl\\u0131\\u011f\\u0131 | \\\"F\\u0259dai\\\" q\\u0259zeti\",\"description\":\"La\\u00e7\\u0131n rayonunun Zabux k\\u0259ndind\\u0259 m\\u0259skunla\\u015fan erm\\u0259nil\\u0259r avqustun 25-d\\u0259k k\\u0259ndi t\\u0259rk etm\\u0259lidirl\\u0259r. Erm\\u0259ni medias\\u0131na istinadla x\\u0259b\\u0259r verir ki, bu bar\\u0259d\\u0259 Zabux k\\u0259ndinin ba\\u015f\\u00e7\\u0131s\\u0131 Andranik \\u00c7avu\\u015fyan \\u201cArmenia Today\\u201din m\\u00fcxbirin\\u0259 m\\u00fcsahib\\u0259sind\\u0259 bildirib. Qaraba\\u011fdak\\u0131 qondarma reyimin \\u201c\\u0259razi idar\\u0259etm\\u0259 v\\u0259 infrastruktur naziri\\u201d Hayk Xanumyan Zabuxda olub v\\u0259 sakinl\\u0259r\\u0259 k\\u0259ndi t\\u0259rk etm\\u0259l\\u0259ri bar\\u0259d\\u0259 x\\u0259b\\u0259rdarl\\u0131q edib. \\u0130ndic\\u0259 ald\\u0131\\u011f\\u0131m\\u0131z m\\u0259lumata g\\u00f6r\\u0259, La\\u00e7\\u0131n sakinl\\u0259ri\",\"inLanguage\":\"ru-RU\",\"isPartOf\":{\"@id\":\"https:\\\/\\\/fedai.az\\\/#website\"},\"breadcrumb\":{\"@id\":\"https:\\\/\\\/fedai.az\\\/?p=77901#breadcrumblist\"},\"author\":{\"@id\":\"https:\\\/\\\/fedai.az\\\/?author=2#author\"},\"creator\":{\"@id\":\"https:\\\/\\\/fedai.az\\\/?author=2#author\"},\"image\":{\"@type\":\"ImageObject\",\"url\":\"https:\\\/\\\/fedai.az\\\/wp-content\\\/uploads\\\/2022\\\/08\\\/iiu7.jpeg\",\"@id\":\"https:\\\/\\\/fedai.az\\\/?p=77901\\\/#mainImage\",\"width\":672,\"height\":496},\"primaryImageOfPage\":{\"@id\":\"https:\\\/\\\/fedai.az\\\/?p=77901#mainImage\"},\"datePublished\":\"2022-08-05T20:14:05+04:00\",\"dateModified\":\"2022-08-05T20:56:44+04:00\"},{\"@type\":\"WebSite\",\"@id\":\"https:\\\/\\\/fedai.az\\\/#website\",\"url\":\"https:\\\/\\\/fedai.az\\\/\",\"name\":\"\\\"F\\u0259dai\\\" q\\u0259zeti\",\"description\":\"Az\\u0259rbaycan V\\u0259t\\u0259n M\\u00fcharib\\u0259si Veteranlar\\u0131 \\u0130ctimai Birliyi\",\"inLanguage\":\"ru-RU\",\"publisher\":{\"@id\":\"https:\\\/\\\/fedai.az\\\/#organization\"}}]}\n\t\t<\/script>\n\t\t<!-- All in One SEO -->\n\n","aioseo_head_json":{"title":"Zabux k\u0259ndind\u0259 m\u0259skunla\u015fan erm\u0259nil\u0259r avqustun 25-d\u0259k vaxt verildi \u2014 Erm\u0259ni h\u0259yas\u0131zl\u0131\u011f\u0131 | \"F\u0259dai\" q\u0259zeti","description":"La\u00e7\u0131n rayonunun Zabux k\u0259ndind\u0259 m\u0259skunla\u015fan erm\u0259nil\u0259r avqustun 25-d\u0259k k\u0259ndi t\u0259rk etm\u0259lidirl\u0259r. Erm\u0259ni medias\u0131na istinadla x\u0259b\u0259r verir ki, bu bar\u0259d\u0259 Zabux k\u0259ndinin ba\u015f\u00e7\u0131s\u0131 Andranik \u00c7avu\u015fyan \u201cArmenia Today\u201din m\u00fcxbirin\u0259 m\u00fcsahib\u0259sind\u0259 bildirib. Qaraba\u011fdak\u0131 qondarma reyimin \u201c\u0259razi idar\u0259etm\u0259 v\u0259 infrastruktur naziri\u201d Hayk Xanumyan Zabuxda olub v\u0259 sakinl\u0259r\u0259 k\u0259ndi t\u0259rk etm\u0259l\u0259ri bar\u0259d\u0259 x\u0259b\u0259rdarl\u0131q edib. \u0130ndic\u0259 ald\u0131\u011f\u0131m\u0131z m\u0259lumata g\u00f6r\u0259, La\u00e7\u0131n sakinl\u0259ri","canonical_url":"https:\/\/fedai.az\/?p=77901","robots":"max-image-preview:large","keywords":"","webmasterTools":{"miscellaneous":""},"schema":{"@context":"https:\/\/schema.org","@graph":[{"@type":"Article","@id":"https:\/\/fedai.az\/?p=77901#article","name":"Zabux k\u0259ndind\u0259 m\u0259skunla\u015fan erm\u0259nil\u0259r avqustun 25-d\u0259k vaxt verildi \u2014 Erm\u0259ni h\u0259yas\u0131zl\u0131\u011f\u0131 | \"F\u0259dai\" q\u0259zeti","headline":"Zabux k\u0259ndind\u0259 m\u0259skunla\u015fan erm\u0259nil\u0259r avqustun 25-d\u0259k vaxt verildi &#8212; Erm\u0259ni h\u0259yas\u0131zl\u0131\u011f\u0131","author":{"@id":"https:\/\/fedai.az\/?author=2#author"},"publisher":{"@id":"https:\/\/fedai.az\/#organization"},"image":{"@type":"ImageObject","url":"https:\/\/fedai.az\/wp-content\/uploads\/2022\/08\/iiu7.jpeg","width":672,"height":496},"datePublished":"2022-08-05T20:14:05+04:00","dateModified":"2022-08-05T20:56:44+04:00","inLanguage":"ru-RU","mainEntityOfPage":{"@id":"https:\/\/fedai.az\/?p=77901#webpage"},"isPartOf":{"@id":"https:\/\/fedai.az\/?p=77901#webpage"},"articleSection":"Qaraba\u011f"},{"@type":"BreadcrumbList","@id":"https:\/\/fedai.az\/?p=77901#breadcrumblist","itemListElement":[{"@type":"ListItem","@id":"https:\/\/fedai.az#listItem","position":1,"name":"Home","item":"https:\/\/fedai.az","nextItem":{"@type":"ListItem","@id":"https:\/\/fedai.az\/?cat=4#listItem","name":"Qaraba\u011f"}},{"@type":"ListItem","@id":"https:\/\/fedai.az\/?cat=4#listItem","position":2,"name":"Qaraba\u011f","item":"https:\/\/fedai.az\/?cat=4","nextItem":{"@type":"ListItem","@id":"https:\/\/fedai.az\/?p=77901#listItem","name":"Zabux k\u0259ndind\u0259 m\u0259skunla\u015fan erm\u0259nil\u0259r avqustun 25-d\u0259k vaxt verildi &#8212; Erm\u0259ni h\u0259yas\u0131zl\u0131\u011f\u0131"},"previousItem":{"@type":"ListItem","@id":"https:\/\/fedai.az#listItem","name":"Home"}},{"@type":"ListItem","@id":"https:\/\/fedai.az\/?p=77901#listItem","position":3,"name":"Zabux k\u0259ndind\u0259 m\u0259skunla\u015fan erm\u0259nil\u0259r avqustun 25-d\u0259k vaxt verildi &#8212; Erm\u0259ni h\u0259yas\u0131zl\u0131\u011f\u0131","previousItem":{"@type":"ListItem","@id":"https:\/\/fedai.az\/?cat=4#listItem","name":"Qaraba\u011f"}}]},{"@type":"Organization","@id":"https:\/\/fedai.az\/#organization","name":"\"F\u0259dai\" q\u0259zeti","description":"Az\u0259rbaycan V\u0259t\u0259n M\u00fcharib\u0259si Veteranlar\u0131 \u0130ctimai Birliyi","url":"https:\/\/fedai.az\/","logo":{"@type":"ImageObject","url":"https:\/\/fedai.az\/wp-content\/uploads\/2022\/09\/logo3.png","@id":"https:\/\/fedai.az\/?p=77901\/#organizationLogo","width":500,"height":100},"image":{"@id":"https:\/\/fedai.az\/?p=77901\/#organizationLogo"},"sameAs":["https:\/\/instagram.com\/fedai.az","https:\/\/pinterest.com\/fedai.az","https:\/\/youtube.com\/fedai.az","https:\/\/linkedin.com\/in\/fedai.az"]},{"@type":"Person","@id":"https:\/\/fedai.az\/?author=2#author","url":"https:\/\/fedai.az\/?author=2","name":"www.Fedai.az","image":{"@type":"ImageObject","@id":"https:\/\/fedai.az\/?p=77901#authorImage","url":"https:\/\/secure.gravatar.com\/avatar\/d861e138a4bd3ce6812a7aa95e796aa05e165f28ecde9a972c6789a09fcd1daa?s=96&d=mm&r=g","width":96,"height":96,"caption":"www.Fedai.az"}},{"@type":"WebPage","@id":"https:\/\/fedai.az\/?p=77901#webpage","url":"https:\/\/fedai.az\/?p=77901","name":"Zabux k\u0259ndind\u0259 m\u0259skunla\u015fan erm\u0259nil\u0259r avqustun 25-d\u0259k vaxt verildi \u2014 Erm\u0259ni h\u0259yas\u0131zl\u0131\u011f\u0131 | \"F\u0259dai\" q\u0259zeti","description":"La\u00e7\u0131n rayonunun Zabux k\u0259ndind\u0259 m\u0259skunla\u015fan erm\u0259nil\u0259r avqustun 25-d\u0259k k\u0259ndi t\u0259rk etm\u0259lidirl\u0259r. Erm\u0259ni medias\u0131na istinadla x\u0259b\u0259r verir ki, bu bar\u0259d\u0259 Zabux k\u0259ndinin ba\u015f\u00e7\u0131s\u0131 Andranik \u00c7avu\u015fyan \u201cArmenia Today\u201din m\u00fcxbirin\u0259 m\u00fcsahib\u0259sind\u0259 bildirib. Qaraba\u011fdak\u0131 qondarma reyimin \u201c\u0259razi idar\u0259etm\u0259 v\u0259 infrastruktur naziri\u201d Hayk Xanumyan Zabuxda olub v\u0259 sakinl\u0259r\u0259 k\u0259ndi t\u0259rk etm\u0259l\u0259ri bar\u0259d\u0259 x\u0259b\u0259rdarl\u0131q edib. \u0130ndic\u0259 ald\u0131\u011f\u0131m\u0131z m\u0259lumata g\u00f6r\u0259, La\u00e7\u0131n sakinl\u0259ri","inLanguage":"ru-RU","isPartOf":{"@id":"https:\/\/fedai.az\/#website"},"breadcrumb":{"@id":"https:\/\/fedai.az\/?p=77901#breadcrumblist"},"author":{"@id":"https:\/\/fedai.az\/?author=2#author"},"creator":{"@id":"https:\/\/fedai.az\/?author=2#author"},"image":{"@type":"ImageObject","url":"https:\/\/fedai.az\/wp-content\/uploads\/2022\/08\/iiu7.jpeg","@id":"https:\/\/fedai.az\/?p=77901\/#mainImage","width":672,"height":496},"primaryImageOfPage":{"@id":"https:\/\/fedai.az\/?p=77901#mainImage"},"datePublished":"2022-08-05T20:14:05+04:00","dateModified":"2022-08-05T20:56:44+04:00"},{"@type":"WebSite","@id":"https:\/\/fedai.az\/#website","url":"https:\/\/fedai.az\/","name":"\"F\u0259dai\" q\u0259zeti","description":"Az\u0259rbaycan V\u0259t\u0259n M\u00fcharib\u0259si Veteranlar\u0131 \u0130ctimai Birliyi","inLanguage":"ru-RU","publisher":{"@id":"https:\/\/fedai.az\/#organization"}}]},"og:locale":"ru_RU","og:site_name":"&quot;F\u0259dai&quot; q\u0259zeti","og:type":"article","og:title":"Zabux k\u0259ndind\u0259 m\u0259skunla\u015fan erm\u0259nil\u0259r avqustun 25-d\u0259k vaxt verildi \u2014 Erm\u0259ni h\u0259yas\u0131zl\u0131\u011f\u0131 | &quot;F\u0259dai&quot; q\u0259zeti","og:description":"La\u00e7\u0131n rayonunun Zabux k\u0259ndind\u0259 m\u0259skunla\u015fan erm\u0259nil\u0259r avqustun 25-d\u0259k k\u0259ndi t\u0259rk etm\u0259lidirl\u0259r. Erm\u0259ni medias\u0131na istinadla x\u0259b\u0259r verir ki, bu bar\u0259d\u0259 Zabux k\u0259ndinin ba\u015f\u00e7\u0131s\u0131 Andranik \u00c7avu\u015fyan \u201cArmenia Today\u201din m\u00fcxbirin\u0259 m\u00fcsahib\u0259sind\u0259 bildirib. Qaraba\u011fdak\u0131 qondarma reyimin \u201c\u0259razi idar\u0259etm\u0259 v\u0259 infrastruktur naziri\u201d Hayk Xanumyan Zabuxda olub v\u0259 sakinl\u0259r\u0259 k\u0259ndi t\u0259rk etm\u0259l\u0259ri bar\u0259d\u0259 x\u0259b\u0259rdarl\u0131q edib. \u0130ndic\u0259 ald\u0131\u011f\u0131m\u0131z m\u0259lumata g\u00f6r\u0259, La\u00e7\u0131n sakinl\u0259ri","og:url":"https:\/\/fedai.az\/?p=77901","fb:app_id":"696809432257740","og:image":"https:\/\/fedai.az\/wp-content\/uploads\/2022\/08\/iiu7.jpeg","og:image:secure_url":"https:\/\/fedai.az\/wp-content\/uploads\/2022\/08\/iiu7.jpeg","og:image:width":672,"og:image:height":496,"article:published_time":"2022-08-05T16:14:05+00:00","article:modified_time":"2022-08-05T16:56:44+00:00","article:publisher":"https:\/\/facebook.com\/fedai.az","twitter:card":"summary","twitter:site":"@fedai.az","twitter:title":"Zabux k\u0259ndind\u0259 m\u0259skunla\u015fan erm\u0259nil\u0259r avqustun 25-d\u0259k vaxt verildi \u2014 Erm\u0259ni h\u0259yas\u0131zl\u0131\u011f\u0131 | &quot;F\u0259dai&quot; q\u0259zeti","twitter:description":"La\u00e7\u0131n rayonunun Zabux k\u0259ndind\u0259 m\u0259skunla\u015fan erm\u0259nil\u0259r avqustun 25-d\u0259k k\u0259ndi t\u0259rk etm\u0259lidirl\u0259r. Erm\u0259ni medias\u0131na istinadla x\u0259b\u0259r verir ki, bu bar\u0259d\u0259 Zabux k\u0259ndinin ba\u015f\u00e7\u0131s\u0131 Andranik \u00c7avu\u015fyan \u201cArmenia Today\u201din m\u00fcxbirin\u0259 m\u00fcsahib\u0259sind\u0259 bildirib. Qaraba\u011fdak\u0131 qondarma reyimin \u201c\u0259razi idar\u0259etm\u0259 v\u0259 infrastruktur naziri\u201d Hayk Xanumyan Zabuxda olub v\u0259 sakinl\u0259r\u0259 k\u0259ndi t\u0259rk etm\u0259l\u0259ri bar\u0259d\u0259 x\u0259b\u0259rdarl\u0131q edib. \u0130ndic\u0259 ald\u0131\u011f\u0131m\u0131z m\u0259lumata g\u00f6r\u0259, La\u00e7\u0131n sakinl\u0259ri","twitter:image":"https:\/\/fedai.az\/wp-content\/uploads\/2022\/08\/iiu7.jpeg"},"aioseo_meta_data":{"post_id":"77901","title":null,"description":null,"keywords":[],"keyphrases":{"focus":{"keyphrase":"","score":0,"analysis":{"keyphraseInTitle":{"score":0,"maxScore":9,"error":1}}},"additional":[]},"primary_term":null,"canonical_url":null,"og_title":null,"og_description":null,"og_object_type":"default","og_image_type":"default","og_image_url":null,"og_image_width":null,"og_image_height":null,"og_image_custom_url":null,"og_image_custom_fields":null,"og_video":"","og_custom_url":null,"og_article_section":null,"og_article_tags":[],"twitter_use_og":false,"twitter_card":"default","twitter_image_type":"default","twitter_image_url":null,"twitter_image_custom_url":null,"twitter_image_custom_fields":null,"twitter_title":null,"twitter_description":null,"schema":{"blockGraphs":[],"customGraphs":[],"default":{"data":{"Article":{"id":"aioseo-article-63be08a08918e","slug":"article","graphName":"Article","label":"\u0421\u0442\u0430\u0442\u044c\u044f","properties":{"type":"BlogPosting","name":"#post_title","headline":"#post_title","description":"#post_excerpt","image":"","keywords":"","author":{"name":"#author_name","url":"#author_url"},"dates":{"include":true,"datePublished":"","dateModified":""}}},"Course":[],"Dataset":[],"FAQPage":[],"Movie":[],"Person":[],"Product":[],"ProductReview":[],"Car":[],"Recipe":[],"Service":[],"SoftwareApplication":[],"WebPage":[]},"graphName":"Article","isEnabled":true},"graphs":[]},"schema_type":"default","schema_type_options":"{\"article\":{\"articleType\":\"BlogPosting\"},\"course\":{\"name\":\"\",\"description\":\"\",\"provider\":\"\"},\"faq\":{\"pages\":[]},\"product\":{\"reviews\":[]},\"recipe\":{\"ingredients\":[],\"instructions\":[],\"keywords\":[]},\"software\":{\"reviews\":[],\"operatingSystems\":[]},\"webPage\":{\"webPageType\":\"WebPage\"}}","pillar_content":false,"robots_default":true,"robots_noindex":false,"robots_noarchive":false,"robots_nosnippet":false,"robots_nofollow":false,"robots_noimageindex":false,"robots_noodp":false,"robots_notranslate":false,"robots_max_snippet":"-1","robots_max_videopreview":"-1","robots_max_imagepreview":"large","priority":null,"frequency":"default","local_seo":null,"breadcrumb_settings":null,"limit_modified_date":false,"ai":null,"created":"2022-08-05 16:08:55","updated":"2025-06-08 15:35:40","seo_analyzer_scan_date":null,"focus_keyword":null,"additional_keywords":null,"truseo_locale":null},"aioseo_breadcrumb":"<div class=\"aioseo-breadcrumbs\"><span class=\"aioseo-breadcrumb\">\n\t\t\t<a href=\"https:\/\/fedai.az\" title=\"Home\">Home<\/a>\n\t\t<\/span><span class=\"aioseo-breadcrumb-separator\">\u00bb<\/span><span class=\"aioseo-breadcrumb\">\n\t\t\t<a href=\"https:\/\/fedai.az\/?cat=4\" title=\"Qaraba\u011f\">Qaraba\u011f<\/a>\n\t\t<\/span><span class=\"aioseo-breadcrumb-separator\">\u00bb<\/span><span class=\"aioseo-breadcrumb\">\n\t\t\tZabux k\u0259ndind\u0259 m\u0259skunla\u015fan erm\u0259nil\u0259r avqustun 25-d\u0259k vaxt verildi \u2014 Erm\u0259ni h\u0259yas\u0131zl\u0131\u011f\u0131\n\t\t<\/span><\/div>","aioseo_breadcrumb_json":[{"label":"Home","link":"https:\/\/fedai.az"},{"label":"Qaraba\u011f","link":"https:\/\/fedai.az\/?cat=4"},{"label":"Zabux k\u0259ndind\u0259 m\u0259skunla\u015fan erm\u0259nil\u0259r avqustun 25-d\u0259k vaxt verildi &#8212; Erm\u0259ni h\u0259yas\u0131zl\u0131\u011f\u0131","link":"https:\/\/fedai.az\/?p=77901"}],"_links":{"self":[{"href":"https:\/\/fedai.az\/index.php?rest_route=\/wp\/v2\/posts\/77901","targetHints":{"allow":["GET"]}}],"collection":[{"href":"https:\/\/fedai.az\/index.php?rest_route=\/wp\/v2\/posts"}],"about":[{"href":"https:\/\/fedai.az\/index.php?rest_route=\/wp\/v2\/types\/post"}],"author":[{"embeddable":true,"href":"https:\/\/fedai.az\/index.php?rest_route=\/wp\/v2\/users\/2"}],"replies":[{"embeddable":true,"href":"https:\/\/fedai.az\/index.php?rest_route=%2Fwp%2Fv2%2Fcomments&post=77901"}],"version-history":[{"count":2,"href":"https:\/\/fedai.az\/index.php?rest_route=\/wp\/v2\/posts\/77901\/revisions"}],"predecessor-version":[{"id":77904,"href":"https:\/\/fedai.az\/index.php?rest_route=\/wp\/v2\/posts\/77901\/revisions\/77904"}],"wp:featuredmedia":[{"embeddable":true,"href":"https:\/\/fedai.az\/index.php?rest_route=\/wp\/v2\/media\/77902"}],"wp:attachment":[{"href":"https:\/\/fedai.az\/index.php?rest_route=%2Fwp%2Fv2%2Fmedia&parent=77901"}],"wp:term":[{"taxonomy":"category","embeddable":true,"href":"https:\/\/fedai.az\/index.php?rest_route=%2Fwp%2Fv2%2Fcategories&post=77901"},{"taxonomy":"post_tag","embeddable":true,"href":"https:\/\/fedai.az\/index.php?rest_route=%2Fwp%2Fv2%2Ftags&post=77901"}],"curies":[{"name":"wp","href":"https:\/\/api.w.org\/{rel}","templated":true}]}}