{"id":77911,"date":"2022-08-06T00:10:44","date_gmt":"2022-08-05T20:10:44","guid":{"rendered":"https:\/\/fedai.az\/?p=77911"},"modified":"2022-08-06T00:10:47","modified_gmt":"2022-08-05T20:10:47","slug":"putin-v%c9%99-%c9%99rdogan-taxilla-bagli-sovd%c9%99l%c9%99sm%c9%99nin-tam-s%c9%99kild%c9%99-h%c9%99yata-kecirilm%c9%99sin%c9%99-t%c9%99r%c9%99fdardirlar","status":"publish","type":"post","link":"https:\/\/fedai.az\/?p=77911","title":{"rendered":"Putin v\u0259 \u018frdo\u011fan tax\u0131lla ba\u011fl\u0131 s\u00f6vd\u0259l\u0259\u015fm\u0259nin tam \u015f\u0259kild\u0259 h\u0259yata ke\u00e7irilm\u0259sin\u0259 t\u0259r\u0259fdard\u0131rlar"},"content":{"rendered":"\n<p class=\"wp-block-paragraph\"><strong>Rusiya v\u0259 T\u00fcrkiy\u0259 prezidentl\u0259ri Vladimir Putin v\u0259 R\u0259c\u0259b Tayyib \u018frdo\u011fan dan\u0131\u015f\u0131qlar\u0131n yekunlar\u0131na dair birg\u0259 b\u0259yanatda tax\u0131l ixrac\u0131na dair sazi\u015fin, o c\u00fcml\u0259d\u0259n Rusiya \u0259rzaq v\u0259 g\u00fcbr\u0259l\u0259rinin d\u00fcnya bazar\u0131na t\u0259dar\u00fck\u00fcn\u0259 dair hiss\u0259nin tam icras\u0131n\u0131n z\u0259ruriliyini qeyd edibl\u0259r. S\u0259n\u0259din m\u0259tnini Kremlin m\u0259tbuat xidm\u0259ti \u015f\u0259rh edib.<\/strong><\/p>\n\n\n\n<p class=\"wp-block-paragraph\"><br>\u201c\u0130stanbul Paket Sazi\u015finin ruhuna v\u0259 h\u0259rfin\u0259 uy\u011fun olaraq tam icras\u0131n\u0131n t\u0259min edilm\u0259sinin z\u0259ruriliyi, o c\u00fcml\u0259d\u0259n Rusiya tax\u0131l\u0131n\u0131n, g\u00fcbr\u0259l\u0259rin v\u0259 onlar\u0131n istehsal\u0131 \u00fc\u00e7\u00fcn xammal\u0131n mane\u0259siz ixrac\u0131 vur\u011fulan\u0131b\u201d, &#8212; dey\u0259 m\u0259lumatda bildirilir.<\/p>\n\n\n\n<p class=\"wp-block-paragraph\"><br>Bundan \u0259lav\u0259, prezidentl\u0259r a\u015fa\u011f\u0131dak\u0131lar bar\u0259d\u0259 raz\u0131l\u0131\u011fa g\u0259libl\u0259r:<br>&#8212; T\u00fcrkiy\u0259nin Rusiya qaz\u0131na g\u00f6r\u0259 \u00f6d\u0259ni\u015fini qism\u0259n rubla \u00e7evirm\u0259k;<br>&#8212; Suriyada terrora qar\u015f\u0131 birg\u0259 m\u00fcbariz\u0259 aparmaq v\u0259 onun \u0259razi b\u00fct\u00f6vl\u00fcy\u00fcn\u00fc qorumaq;<br>&#8212; Liviyan\u0131n suverenliyini qorumaq;<br>&#8212; Rusiya-T\u00fcrkiy\u0259 Y\u00fcks\u0259k S\u0259viyy\u0259li \u018fm\u0259kda\u015fl\u0131q \u015euras\u0131n\u0131n n\u00f6vb\u0259ti iclas\u0131n\u0131 T\u00fcrkiy\u0259d\u0259 ke\u00e7ir\u0259c\u0259k<\/p>\n\n\n\n<p class=\"wp-block-paragraph\"><br>Ba\u015f nazirin m\u00fcavini Aleksandr Novak jurnalistl\u0259r\u0259 bildirib ki, dan\u0131\u015f\u0131qlarda maliyy\u0259 v\u0259 bank sektoru m\u0259s\u0259l\u0259l\u0259ri qald\u0131r\u0131l\u0131b.<\/p>\n\n\n\n<p class=\"wp-block-paragraph\"><br>Prezidentl\u0259r iqtisadiyyat v\u0259 energetika, ticar\u0259t v\u0259 n\u0259qliyyat, k\u0259nd t\u0259s\u0259rr\u00fcfat\u0131, s\u0259naye, tikinti v\u0259 turizm sah\u0259l\u0259rind\u0259n dan\u0131\u015f\u0131b v\u0259 bu istiqam\u0259tl\u0259rin h\u0259r biri \u00fczr\u0259 \u0259m\u0259kda\u015fl\u0131\u011f\u0131n d\u0259rinl\u0259\u015fdirilm\u0259si bar\u0259d\u0259 raz\u0131l\u0131\u011fa g\u0259libl\u0259r.<\/p>\n\n\n\n<p class=\"wp-block-paragraph\"><br>Putin v\u0259 \u018frdo\u011fan aras\u0131nda dan\u0131\u015f\u0131qlar avqustun 5-d\u0259 Moskva vaxt\u0131 il\u0259 saat 15:20 rad\u0259l\u0259rind\u0259 So\u00e7id\u0259 ba\u015flay\u0131b, g\u00f6r\u00fc\u015f d\u00f6rd saatdan bir q\u0259d\u0259r \u00e7ox davam edib.<\/p>\n","protected":false},"excerpt":{"rendered":"<p>Rusiya v\u0259 T\u00fcrkiy\u0259 prezidentl\u0259ri Vladimir Putin v\u0259 R\u0259c\u0259b Tayyib \u018frdo\u011fan dan\u0131\u015f\u0131qlar\u0131n yekunlar\u0131na dair birg\u0259 b\u0259yanatda tax\u0131l ixrac\u0131na dair sazi\u015fin, o c\u00fcml\u0259d\u0259n Rusiya \u0259rzaq v\u0259<\/p>\n","protected":false},"author":2,"featured_media":77912,"comment_status":"closed","ping_status":"closed","sticky":false,"template":"","format":"standard","meta":{"footnotes":""},"categories":[1],"tags":[],"class_list":["post-77911","post","type-post","status-publish","format-standard","has-post-thumbnail","hentry","category-siyast"],"aioseo_notices":[],"aioseo_head":"\n\t\t<!-- All in One SEO 5.0.0.1 - aioseo.com -->\n\t<meta name=\"description\" content=\"Rusiya v\u0259 T\u00fcrkiy\u0259 prezidentl\u0259ri Vladimir Putin v\u0259 R\u0259c\u0259b Tayyib \u018frdo\u011fan dan\u0131\u015f\u0131qlar\u0131n yekunlar\u0131na dair birg\u0259 b\u0259yanatda tax\u0131l ixrac\u0131na dair sazi\u015fin, o c\u00fcml\u0259d\u0259n Rusiya \u0259rzaq v\u0259 g\u00fcbr\u0259l\u0259rinin d\u00fcnya bazar\u0131na t\u0259dar\u00fck\u00fcn\u0259 dair hiss\u0259nin tam icras\u0131n\u0131n z\u0259ruriliyini qeyd edibl\u0259r. S\u0259n\u0259din m\u0259tnini Kremlin m\u0259tbuat xidm\u0259ti \u015f\u0259rh edib. \u201c\u0130stanbul Paket Sazi\u015finin ruhuna v\u0259 h\u0259rfin\u0259 uy\u011fun olaraq tam icras\u0131n\u0131n t\u0259min edilm\u0259sinin z\u0259ruriliyi,\" \/>\n\t<meta name=\"robots\" content=\"max-image-preview:large\" \/>\n\t<meta name=\"author\" content=\"www.Fedai.az\"\/>\n\t<link rel=\"canonical\" href=\"https:\/\/fedai.az\/?p=77911\" \/>\n\t<meta name=\"generator\" content=\"All in One SEO (AIOSEO) 5.0.0.1\" \/>\n\t\t<meta property=\"og:locale\" content=\"ru_RU\" \/>\n\t\t<meta property=\"og:site_name\" content=\"&quot;F\u0259dai&quot; q\u0259zeti\" \/>\n\t\t<meta property=\"og:type\" content=\"article\" \/>\n\t\t<meta property=\"og:title\" content=\"Putin v\u0259 \u018frdo\u011fan tax\u0131lla ba\u011fl\u0131 s\u00f6vd\u0259l\u0259\u015fm\u0259nin tam \u015f\u0259kild\u0259 h\u0259yata ke\u00e7irilm\u0259sin\u0259 t\u0259r\u0259fdard\u0131rlar | &quot;F\u0259dai&quot; q\u0259zeti\" \/>\n\t\t<meta property=\"og:description\" content=\"Rusiya v\u0259 T\u00fcrkiy\u0259 prezidentl\u0259ri Vladimir Putin v\u0259 R\u0259c\u0259b Tayyib \u018frdo\u011fan dan\u0131\u015f\u0131qlar\u0131n yekunlar\u0131na dair birg\u0259 b\u0259yanatda tax\u0131l ixrac\u0131na dair sazi\u015fin, o c\u00fcml\u0259d\u0259n Rusiya \u0259rzaq v\u0259 g\u00fcbr\u0259l\u0259rinin d\u00fcnya bazar\u0131na t\u0259dar\u00fck\u00fcn\u0259 dair hiss\u0259nin tam icras\u0131n\u0131n z\u0259ruriliyini qeyd edibl\u0259r. S\u0259n\u0259din m\u0259tnini Kremlin m\u0259tbuat xidm\u0259ti \u015f\u0259rh edib. \u201c\u0130stanbul Paket Sazi\u015finin ruhuna v\u0259 h\u0259rfin\u0259 uy\u011fun olaraq tam icras\u0131n\u0131n t\u0259min edilm\u0259sinin z\u0259ruriliyi,\" \/>\n\t\t<meta property=\"og:url\" content=\"https:\/\/fedai.az\/?p=77911\" \/>\n\t\t<meta property=\"fb:app_id\" content=\"696809432257740\" \/>\n\t\t<meta property=\"og:image\" content=\"https:\/\/fedai.az\/wp-content\/uploads\/2022\/08\/1659723501_erdogan_putin.jpg\" \/>\n\t\t<meta property=\"og:image:secure_url\" content=\"https:\/\/fedai.az\/wp-content\/uploads\/2022\/08\/1659723501_erdogan_putin.jpg\" \/>\n\t\t<meta property=\"og:image:width\" content=\"732\" \/>\n\t\t<meta property=\"og:image:height\" content=\"470\" \/>\n\t\t<meta property=\"article:published_time\" content=\"2022-08-05T20:10:44+00:00\" \/>\n\t\t<meta property=\"article:modified_time\" content=\"2022-08-05T20:10:47+00:00\" \/>\n\t\t<meta property=\"article:publisher\" content=\"https:\/\/facebook.com\/fedai.az\" \/>\n\t\t<meta name=\"twitter:card\" content=\"summary\" \/>\n\t\t<meta name=\"twitter:site\" content=\"@fedai.az\" \/>\n\t\t<meta name=\"twitter:title\" content=\"Putin v\u0259 \u018frdo\u011fan tax\u0131lla ba\u011fl\u0131 s\u00f6vd\u0259l\u0259\u015fm\u0259nin tam \u015f\u0259kild\u0259 h\u0259yata ke\u00e7irilm\u0259sin\u0259 t\u0259r\u0259fdard\u0131rlar | &quot;F\u0259dai&quot; q\u0259zeti\" \/>\n\t\t<meta name=\"twitter:description\" content=\"Rusiya v\u0259 T\u00fcrkiy\u0259 prezidentl\u0259ri Vladimir Putin v\u0259 R\u0259c\u0259b Tayyib \u018frdo\u011fan dan\u0131\u015f\u0131qlar\u0131n yekunlar\u0131na dair birg\u0259 b\u0259yanatda tax\u0131l ixrac\u0131na dair sazi\u015fin, o c\u00fcml\u0259d\u0259n Rusiya \u0259rzaq v\u0259 g\u00fcbr\u0259l\u0259rinin d\u00fcnya bazar\u0131na t\u0259dar\u00fck\u00fcn\u0259 dair hiss\u0259nin tam icras\u0131n\u0131n z\u0259ruriliyini qeyd edibl\u0259r. S\u0259n\u0259din m\u0259tnini Kremlin m\u0259tbuat xidm\u0259ti \u015f\u0259rh edib. \u201c\u0130stanbul Paket Sazi\u015finin ruhuna v\u0259 h\u0259rfin\u0259 uy\u011fun olaraq tam icras\u0131n\u0131n t\u0259min edilm\u0259sinin z\u0259ruriliyi,\" \/>\n\t\t<meta name=\"twitter:image\" content=\"https:\/\/fedai.az\/wp-content\/uploads\/2022\/08\/1659723501_erdogan_putin.jpg\" \/>\n\t\t<script type=\"application\/ld+json\" class=\"aioseo-schema\">\n\t\t\t{\"@context\":\"https:\\\/\\\/schema.org\",\"@graph\":[{\"@type\":\"Article\",\"@id\":\"https:\\\/\\\/fedai.az\\\/?p=77911#article\",\"name\":\"Putin v\\u0259 \\u018frdo\\u011fan tax\\u0131lla ba\\u011fl\\u0131 s\\u00f6vd\\u0259l\\u0259\\u015fm\\u0259nin tam \\u015f\\u0259kild\\u0259 h\\u0259yata ke\\u00e7irilm\\u0259sin\\u0259 t\\u0259r\\u0259fdard\\u0131rlar | \\\"F\\u0259dai\\\" q\\u0259zeti\",\"headline\":\"Putin v\\u0259 \\u018frdo\\u011fan tax\\u0131lla ba\\u011fl\\u0131 s\\u00f6vd\\u0259l\\u0259\\u015fm\\u0259nin tam \\u015f\\u0259kild\\u0259 h\\u0259yata ke\\u00e7irilm\\u0259sin\\u0259 t\\u0259r\\u0259fdard\\u0131rlar\",\"author\":{\"@id\":\"https:\\\/\\\/fedai.az\\\/?author=2#author\"},\"publisher\":{\"@id\":\"https:\\\/\\\/fedai.az\\\/#organization\"},\"image\":{\"@type\":\"ImageObject\",\"url\":\"https:\\\/\\\/fedai.az\\\/wp-content\\\/uploads\\\/2022\\\/08\\\/1659723501_erdogan_putin.jpg\",\"width\":732,\"height\":470},\"datePublished\":\"2022-08-06T00:10:44+04:00\",\"dateModified\":\"2022-08-06T00:10:47+04:00\",\"inLanguage\":\"ru-RU\",\"mainEntityOfPage\":{\"@id\":\"https:\\\/\\\/fedai.az\\\/?p=77911#webpage\"},\"isPartOf\":{\"@id\":\"https:\\\/\\\/fedai.az\\\/?p=77911#webpage\"},\"articleSection\":\"Siyas\\u0259t\"},{\"@type\":\"BreadcrumbList\",\"@id\":\"https:\\\/\\\/fedai.az\\\/?p=77911#breadcrumblist\",\"itemListElement\":[{\"@type\":\"ListItem\",\"@id\":\"https:\\\/\\\/fedai.az#listItem\",\"position\":1,\"name\":\"Home\",\"item\":\"https:\\\/\\\/fedai.az\",\"nextItem\":{\"@type\":\"ListItem\",\"@id\":\"https:\\\/\\\/fedai.az\\\/?cat=1#listItem\",\"name\":\"Siyas\\u0259t\"}},{\"@type\":\"ListItem\",\"@id\":\"https:\\\/\\\/fedai.az\\\/?cat=1#listItem\",\"position\":2,\"name\":\"Siyas\\u0259t\",\"item\":\"https:\\\/\\\/fedai.az\\\/?cat=1\",\"nextItem\":{\"@type\":\"ListItem\",\"@id\":\"https:\\\/\\\/fedai.az\\\/?p=77911#listItem\",\"name\":\"Putin v\\u0259 \\u018frdo\\u011fan tax\\u0131lla ba\\u011fl\\u0131 s\\u00f6vd\\u0259l\\u0259\\u015fm\\u0259nin tam \\u015f\\u0259kild\\u0259 h\\u0259yata ke\\u00e7irilm\\u0259sin\\u0259 t\\u0259r\\u0259fdard\\u0131rlar\"},\"previousItem\":{\"@type\":\"ListItem\",\"@id\":\"https:\\\/\\\/fedai.az#listItem\",\"name\":\"Home\"}},{\"@type\":\"ListItem\",\"@id\":\"https:\\\/\\\/fedai.az\\\/?p=77911#listItem\",\"position\":3,\"name\":\"Putin v\\u0259 \\u018frdo\\u011fan tax\\u0131lla ba\\u011fl\\u0131 s\\u00f6vd\\u0259l\\u0259\\u015fm\\u0259nin tam \\u015f\\u0259kild\\u0259 h\\u0259yata ke\\u00e7irilm\\u0259sin\\u0259 t\\u0259r\\u0259fdard\\u0131rlar\",\"previousItem\":{\"@type\":\"ListItem\",\"@id\":\"https:\\\/\\\/fedai.az\\\/?cat=1#listItem\",\"name\":\"Siyas\\u0259t\"}}]},{\"@type\":\"Organization\",\"@id\":\"https:\\\/\\\/fedai.az\\\/#organization\",\"name\":\"\\\"F\\u0259dai\\\" q\\u0259zeti\",\"description\":\"Az\\u0259rbaycan V\\u0259t\\u0259n M\\u00fcharib\\u0259si Veteranlar\\u0131 \\u0130ctimai Birliyi\",\"url\":\"https:\\\/\\\/fedai.az\\\/\",\"logo\":{\"@type\":\"ImageObject\",\"url\":\"https:\\\/\\\/fedai.az\\\/wp-content\\\/uploads\\\/2022\\\/09\\\/logo3.png\",\"@id\":\"https:\\\/\\\/fedai.az\\\/?p=77911\\\/#organizationLogo\",\"width\":500,\"height\":100},\"image\":{\"@id\":\"https:\\\/\\\/fedai.az\\\/?p=77911\\\/#organizationLogo\"},\"sameAs\":[\"https:\\\/\\\/instagram.com\\\/fedai.az\",\"https:\\\/\\\/pinterest.com\\\/fedai.az\",\"https:\\\/\\\/youtube.com\\\/fedai.az\",\"https:\\\/\\\/linkedin.com\\\/in\\\/fedai.az\"]},{\"@type\":\"Person\",\"@id\":\"https:\\\/\\\/fedai.az\\\/?author=2#author\",\"url\":\"https:\\\/\\\/fedai.az\\\/?author=2\",\"name\":\"www.Fedai.az\",\"image\":{\"@type\":\"ImageObject\",\"@id\":\"https:\\\/\\\/fedai.az\\\/?p=77911#authorImage\",\"url\":\"https:\\\/\\\/secure.gravatar.com\\\/avatar\\\/d861e138a4bd3ce6812a7aa95e796aa05e165f28ecde9a972c6789a09fcd1daa?s=96&d=mm&r=g\",\"width\":96,\"height\":96,\"caption\":\"www.Fedai.az\"}},{\"@type\":\"WebPage\",\"@id\":\"https:\\\/\\\/fedai.az\\\/?p=77911#webpage\",\"url\":\"https:\\\/\\\/fedai.az\\\/?p=77911\",\"name\":\"Putin v\\u0259 \\u018frdo\\u011fan tax\\u0131lla ba\\u011fl\\u0131 s\\u00f6vd\\u0259l\\u0259\\u015fm\\u0259nin tam \\u015f\\u0259kild\\u0259 h\\u0259yata ke\\u00e7irilm\\u0259sin\\u0259 t\\u0259r\\u0259fdard\\u0131rlar | \\\"F\\u0259dai\\\" q\\u0259zeti\",\"description\":\"Rusiya v\\u0259 T\\u00fcrkiy\\u0259 prezidentl\\u0259ri Vladimir Putin v\\u0259 R\\u0259c\\u0259b Tayyib \\u018frdo\\u011fan dan\\u0131\\u015f\\u0131qlar\\u0131n yekunlar\\u0131na dair birg\\u0259 b\\u0259yanatda tax\\u0131l ixrac\\u0131na dair sazi\\u015fin, o c\\u00fcml\\u0259d\\u0259n Rusiya \\u0259rzaq v\\u0259 g\\u00fcbr\\u0259l\\u0259rinin d\\u00fcnya bazar\\u0131na t\\u0259dar\\u00fck\\u00fcn\\u0259 dair hiss\\u0259nin tam icras\\u0131n\\u0131n z\\u0259ruriliyini qeyd edibl\\u0259r. S\\u0259n\\u0259din m\\u0259tnini Kremlin m\\u0259tbuat xidm\\u0259ti \\u015f\\u0259rh edib. \\u201c\\u0130stanbul Paket Sazi\\u015finin ruhuna v\\u0259 h\\u0259rfin\\u0259 uy\\u011fun olaraq tam icras\\u0131n\\u0131n t\\u0259min edilm\\u0259sinin z\\u0259ruriliyi,\",\"inLanguage\":\"ru-RU\",\"isPartOf\":{\"@id\":\"https:\\\/\\\/fedai.az\\\/#website\"},\"breadcrumb\":{\"@id\":\"https:\\\/\\\/fedai.az\\\/?p=77911#breadcrumblist\"},\"author\":{\"@id\":\"https:\\\/\\\/fedai.az\\\/?author=2#author\"},\"creator\":{\"@id\":\"https:\\\/\\\/fedai.az\\\/?author=2#author\"},\"image\":{\"@type\":\"ImageObject\",\"url\":\"https:\\\/\\\/fedai.az\\\/wp-content\\\/uploads\\\/2022\\\/08\\\/1659723501_erdogan_putin.jpg\",\"@id\":\"https:\\\/\\\/fedai.az\\\/?p=77911\\\/#mainImage\",\"width\":732,\"height\":470},\"primaryImageOfPage\":{\"@id\":\"https:\\\/\\\/fedai.az\\\/?p=77911#mainImage\"},\"datePublished\":\"2022-08-06T00:10:44+04:00\",\"dateModified\":\"2022-08-06T00:10:47+04:00\"},{\"@type\":\"WebSite\",\"@id\":\"https:\\\/\\\/fedai.az\\\/#website\",\"url\":\"https:\\\/\\\/fedai.az\\\/\",\"name\":\"\\\"F\\u0259dai\\\" q\\u0259zeti\",\"description\":\"Az\\u0259rbaycan V\\u0259t\\u0259n M\\u00fcharib\\u0259si Veteranlar\\u0131 \\u0130ctimai Birliyi\",\"inLanguage\":\"ru-RU\",\"publisher\":{\"@id\":\"https:\\\/\\\/fedai.az\\\/#organization\"}}]}\n\t\t<\/script>\n\t\t<!-- All in One SEO -->\n\n","aioseo_head_json":{"title":"Putin v\u0259 \u018frdo\u011fan tax\u0131lla ba\u011fl\u0131 s\u00f6vd\u0259l\u0259\u015fm\u0259nin tam \u015f\u0259kild\u0259 h\u0259yata ke\u00e7irilm\u0259sin\u0259 t\u0259r\u0259fdard\u0131rlar | \"F\u0259dai\" q\u0259zeti","description":"Rusiya v\u0259 T\u00fcrkiy\u0259 prezidentl\u0259ri Vladimir Putin v\u0259 R\u0259c\u0259b Tayyib \u018frdo\u011fan dan\u0131\u015f\u0131qlar\u0131n yekunlar\u0131na dair birg\u0259 b\u0259yanatda tax\u0131l ixrac\u0131na dair sazi\u015fin, o c\u00fcml\u0259d\u0259n Rusiya \u0259rzaq v\u0259 g\u00fcbr\u0259l\u0259rinin d\u00fcnya bazar\u0131na t\u0259dar\u00fck\u00fcn\u0259 dair hiss\u0259nin tam icras\u0131n\u0131n z\u0259ruriliyini qeyd edibl\u0259r. S\u0259n\u0259din m\u0259tnini Kremlin m\u0259tbuat xidm\u0259ti \u015f\u0259rh edib. \u201c\u0130stanbul Paket Sazi\u015finin ruhuna v\u0259 h\u0259rfin\u0259 uy\u011fun olaraq tam icras\u0131n\u0131n t\u0259min edilm\u0259sinin z\u0259ruriliyi,","canonical_url":"https:\/\/fedai.az\/?p=77911","robots":"max-image-preview:large","keywords":"","webmasterTools":{"miscellaneous":""},"schema":{"@context":"https:\/\/schema.org","@graph":[{"@type":"Article","@id":"https:\/\/fedai.az\/?p=77911#article","name":"Putin v\u0259 \u018frdo\u011fan tax\u0131lla ba\u011fl\u0131 s\u00f6vd\u0259l\u0259\u015fm\u0259nin tam \u015f\u0259kild\u0259 h\u0259yata ke\u00e7irilm\u0259sin\u0259 t\u0259r\u0259fdard\u0131rlar | \"F\u0259dai\" q\u0259zeti","headline":"Putin v\u0259 \u018frdo\u011fan tax\u0131lla ba\u011fl\u0131 s\u00f6vd\u0259l\u0259\u015fm\u0259nin tam \u015f\u0259kild\u0259 h\u0259yata ke\u00e7irilm\u0259sin\u0259 t\u0259r\u0259fdard\u0131rlar","author":{"@id":"https:\/\/fedai.az\/?author=2#author"},"publisher":{"@id":"https:\/\/fedai.az\/#organization"},"image":{"@type":"ImageObject","url":"https:\/\/fedai.az\/wp-content\/uploads\/2022\/08\/1659723501_erdogan_putin.jpg","width":732,"height":470},"datePublished":"2022-08-06T00:10:44+04:00","dateModified":"2022-08-06T00:10:47+04:00","inLanguage":"ru-RU","mainEntityOfPage":{"@id":"https:\/\/fedai.az\/?p=77911#webpage"},"isPartOf":{"@id":"https:\/\/fedai.az\/?p=77911#webpage"},"articleSection":"Siyas\u0259t"},{"@type":"BreadcrumbList","@id":"https:\/\/fedai.az\/?p=77911#breadcrumblist","itemListElement":[{"@type":"ListItem","@id":"https:\/\/fedai.az#listItem","position":1,"name":"Home","item":"https:\/\/fedai.az","nextItem":{"@type":"ListItem","@id":"https:\/\/fedai.az\/?cat=1#listItem","name":"Siyas\u0259t"}},{"@type":"ListItem","@id":"https:\/\/fedai.az\/?cat=1#listItem","position":2,"name":"Siyas\u0259t","item":"https:\/\/fedai.az\/?cat=1","nextItem":{"@type":"ListItem","@id":"https:\/\/fedai.az\/?p=77911#listItem","name":"Putin v\u0259 \u018frdo\u011fan tax\u0131lla ba\u011fl\u0131 s\u00f6vd\u0259l\u0259\u015fm\u0259nin tam \u015f\u0259kild\u0259 h\u0259yata ke\u00e7irilm\u0259sin\u0259 t\u0259r\u0259fdard\u0131rlar"},"previousItem":{"@type":"ListItem","@id":"https:\/\/fedai.az#listItem","name":"Home"}},{"@type":"ListItem","@id":"https:\/\/fedai.az\/?p=77911#listItem","position":3,"name":"Putin v\u0259 \u018frdo\u011fan tax\u0131lla ba\u011fl\u0131 s\u00f6vd\u0259l\u0259\u015fm\u0259nin tam \u015f\u0259kild\u0259 h\u0259yata ke\u00e7irilm\u0259sin\u0259 t\u0259r\u0259fdard\u0131rlar","previousItem":{"@type":"ListItem","@id":"https:\/\/fedai.az\/?cat=1#listItem","name":"Siyas\u0259t"}}]},{"@type":"Organization","@id":"https:\/\/fedai.az\/#organization","name":"\"F\u0259dai\" q\u0259zeti","description":"Az\u0259rbaycan V\u0259t\u0259n M\u00fcharib\u0259si Veteranlar\u0131 \u0130ctimai Birliyi","url":"https:\/\/fedai.az\/","logo":{"@type":"ImageObject","url":"https:\/\/fedai.az\/wp-content\/uploads\/2022\/09\/logo3.png","@id":"https:\/\/fedai.az\/?p=77911\/#organizationLogo","width":500,"height":100},"image":{"@id":"https:\/\/fedai.az\/?p=77911\/#organizationLogo"},"sameAs":["https:\/\/instagram.com\/fedai.az","https:\/\/pinterest.com\/fedai.az","https:\/\/youtube.com\/fedai.az","https:\/\/linkedin.com\/in\/fedai.az"]},{"@type":"Person","@id":"https:\/\/fedai.az\/?author=2#author","url":"https:\/\/fedai.az\/?author=2","name":"www.Fedai.az","image":{"@type":"ImageObject","@id":"https:\/\/fedai.az\/?p=77911#authorImage","url":"https:\/\/secure.gravatar.com\/avatar\/d861e138a4bd3ce6812a7aa95e796aa05e165f28ecde9a972c6789a09fcd1daa?s=96&d=mm&r=g","width":96,"height":96,"caption":"www.Fedai.az"}},{"@type":"WebPage","@id":"https:\/\/fedai.az\/?p=77911#webpage","url":"https:\/\/fedai.az\/?p=77911","name":"Putin v\u0259 \u018frdo\u011fan tax\u0131lla ba\u011fl\u0131 s\u00f6vd\u0259l\u0259\u015fm\u0259nin tam \u015f\u0259kild\u0259 h\u0259yata ke\u00e7irilm\u0259sin\u0259 t\u0259r\u0259fdard\u0131rlar | \"F\u0259dai\" q\u0259zeti","description":"Rusiya v\u0259 T\u00fcrkiy\u0259 prezidentl\u0259ri Vladimir Putin v\u0259 R\u0259c\u0259b Tayyib \u018frdo\u011fan dan\u0131\u015f\u0131qlar\u0131n yekunlar\u0131na dair birg\u0259 b\u0259yanatda tax\u0131l ixrac\u0131na dair sazi\u015fin, o c\u00fcml\u0259d\u0259n Rusiya \u0259rzaq v\u0259 g\u00fcbr\u0259l\u0259rinin d\u00fcnya bazar\u0131na t\u0259dar\u00fck\u00fcn\u0259 dair hiss\u0259nin tam icras\u0131n\u0131n z\u0259ruriliyini qeyd edibl\u0259r. S\u0259n\u0259din m\u0259tnini Kremlin m\u0259tbuat xidm\u0259ti \u015f\u0259rh edib. \u201c\u0130stanbul Paket Sazi\u015finin ruhuna v\u0259 h\u0259rfin\u0259 uy\u011fun olaraq tam icras\u0131n\u0131n t\u0259min edilm\u0259sinin z\u0259ruriliyi,","inLanguage":"ru-RU","isPartOf":{"@id":"https:\/\/fedai.az\/#website"},"breadcrumb":{"@id":"https:\/\/fedai.az\/?p=77911#breadcrumblist"},"author":{"@id":"https:\/\/fedai.az\/?author=2#author"},"creator":{"@id":"https:\/\/fedai.az\/?author=2#author"},"image":{"@type":"ImageObject","url":"https:\/\/fedai.az\/wp-content\/uploads\/2022\/08\/1659723501_erdogan_putin.jpg","@id":"https:\/\/fedai.az\/?p=77911\/#mainImage","width":732,"height":470},"primaryImageOfPage":{"@id":"https:\/\/fedai.az\/?p=77911#mainImage"},"datePublished":"2022-08-06T00:10:44+04:00","dateModified":"2022-08-06T00:10:47+04:00"},{"@type":"WebSite","@id":"https:\/\/fedai.az\/#website","url":"https:\/\/fedai.az\/","name":"\"F\u0259dai\" q\u0259zeti","description":"Az\u0259rbaycan V\u0259t\u0259n M\u00fcharib\u0259si Veteranlar\u0131 \u0130ctimai Birliyi","inLanguage":"ru-RU","publisher":{"@id":"https:\/\/fedai.az\/#organization"}}]},"og:locale":"ru_RU","og:site_name":"&quot;F\u0259dai&quot; q\u0259zeti","og:type":"article","og:title":"Putin v\u0259 \u018frdo\u011fan tax\u0131lla ba\u011fl\u0131 s\u00f6vd\u0259l\u0259\u015fm\u0259nin tam \u015f\u0259kild\u0259 h\u0259yata ke\u00e7irilm\u0259sin\u0259 t\u0259r\u0259fdard\u0131rlar | &quot;F\u0259dai&quot; q\u0259zeti","og:description":"Rusiya v\u0259 T\u00fcrkiy\u0259 prezidentl\u0259ri Vladimir Putin v\u0259 R\u0259c\u0259b Tayyib \u018frdo\u011fan dan\u0131\u015f\u0131qlar\u0131n yekunlar\u0131na dair birg\u0259 b\u0259yanatda tax\u0131l ixrac\u0131na dair sazi\u015fin, o c\u00fcml\u0259d\u0259n Rusiya \u0259rzaq v\u0259 g\u00fcbr\u0259l\u0259rinin d\u00fcnya bazar\u0131na t\u0259dar\u00fck\u00fcn\u0259 dair hiss\u0259nin tam icras\u0131n\u0131n z\u0259ruriliyini qeyd edibl\u0259r. S\u0259n\u0259din m\u0259tnini Kremlin m\u0259tbuat xidm\u0259ti \u015f\u0259rh edib. \u201c\u0130stanbul Paket Sazi\u015finin ruhuna v\u0259 h\u0259rfin\u0259 uy\u011fun olaraq tam icras\u0131n\u0131n t\u0259min edilm\u0259sinin z\u0259ruriliyi,","og:url":"https:\/\/fedai.az\/?p=77911","fb:app_id":"696809432257740","og:image":"https:\/\/fedai.az\/wp-content\/uploads\/2022\/08\/1659723501_erdogan_putin.jpg","og:image:secure_url":"https:\/\/fedai.az\/wp-content\/uploads\/2022\/08\/1659723501_erdogan_putin.jpg","og:image:width":732,"og:image:height":470,"article:published_time":"2022-08-05T20:10:44+00:00","article:modified_time":"2022-08-05T20:10:47+00:00","article:publisher":"https:\/\/facebook.com\/fedai.az","twitter:card":"summary","twitter:site":"@fedai.az","twitter:title":"Putin v\u0259 \u018frdo\u011fan tax\u0131lla ba\u011fl\u0131 s\u00f6vd\u0259l\u0259\u015fm\u0259nin tam \u015f\u0259kild\u0259 h\u0259yata ke\u00e7irilm\u0259sin\u0259 t\u0259r\u0259fdard\u0131rlar | &quot;F\u0259dai&quot; q\u0259zeti","twitter:description":"Rusiya v\u0259 T\u00fcrkiy\u0259 prezidentl\u0259ri Vladimir Putin v\u0259 R\u0259c\u0259b Tayyib \u018frdo\u011fan dan\u0131\u015f\u0131qlar\u0131n yekunlar\u0131na dair birg\u0259 b\u0259yanatda tax\u0131l ixrac\u0131na dair sazi\u015fin, o c\u00fcml\u0259d\u0259n Rusiya \u0259rzaq v\u0259 g\u00fcbr\u0259l\u0259rinin d\u00fcnya bazar\u0131na t\u0259dar\u00fck\u00fcn\u0259 dair hiss\u0259nin tam icras\u0131n\u0131n z\u0259ruriliyini qeyd edibl\u0259r. S\u0259n\u0259din m\u0259tnini Kremlin m\u0259tbuat xidm\u0259ti \u015f\u0259rh edib. \u201c\u0130stanbul Paket Sazi\u015finin ruhuna v\u0259 h\u0259rfin\u0259 uy\u011fun olaraq tam icras\u0131n\u0131n t\u0259min edilm\u0259sinin z\u0259ruriliyi,","twitter:image":"https:\/\/fedai.az\/wp-content\/uploads\/2022\/08\/1659723501_erdogan_putin.jpg"},"aioseo_meta_data":{"post_id":"77911","title":null,"description":null,"keywords":[],"keyphrases":{"focus":{"keyphrase":"","score":0,"analysis":{"keyphraseInTitle":{"score":0,"maxScore":9,"error":1}}},"additional":[]},"primary_term":null,"canonical_url":null,"og_title":null,"og_description":null,"og_object_type":"default","og_image_type":"default","og_image_url":null,"og_image_width":null,"og_image_height":null,"og_image_custom_url":null,"og_image_custom_fields":null,"og_video":"","og_custom_url":null,"og_article_section":null,"og_article_tags":[],"twitter_use_og":false,"twitter_card":"default","twitter_image_type":"default","twitter_image_url":null,"twitter_image_custom_url":null,"twitter_image_custom_fields":null,"twitter_title":null,"twitter_description":null,"schema":{"blockGraphs":[],"customGraphs":[],"default":{"data":{"Article":{"id":"aioseo-article-63be7bcab1bb4","slug":"article","graphName":"Article","label":"\u0421\u0442\u0430\u0442\u044c\u044f","properties":{"type":"BlogPosting","name":"#post_title","headline":"#post_title","description":"#post_excerpt","image":"","keywords":"","author":{"name":"#author_name","url":"#author_url"},"dates":{"include":true,"datePublished":"","dateModified":""}}},"Course":[],"Dataset":[],"FAQPage":[],"Movie":[],"Person":[],"Product":[],"ProductReview":[],"Car":[],"Recipe":[],"Service":[],"SoftwareApplication":[],"WebPage":[]},"graphName":"Article","isEnabled":true},"graphs":[]},"schema_type":"default","schema_type_options":"{\"article\":{\"articleType\":\"BlogPosting\"},\"course\":{\"name\":\"\",\"description\":\"\",\"provider\":\"\"},\"faq\":{\"pages\":[]},\"product\":{\"reviews\":[]},\"recipe\":{\"ingredients\":[],\"instructions\":[],\"keywords\":[]},\"software\":{\"reviews\":[],\"operatingSystems\":[]},\"webPage\":{\"webPageType\":\"WebPage\"}}","pillar_content":false,"robots_default":true,"robots_noindex":false,"robots_noarchive":false,"robots_nosnippet":false,"robots_nofollow":false,"robots_noimageindex":false,"robots_noodp":false,"robots_notranslate":false,"robots_max_snippet":"-1","robots_max_videopreview":"-1","robots_max_imagepreview":"large","priority":null,"frequency":"default","local_seo":null,"breadcrumb_settings":null,"limit_modified_date":false,"ai":null,"created":"2022-08-05 20:09:07","updated":"2025-06-08 15:35:40","seo_analyzer_scan_date":null,"focus_keyword":null,"additional_keywords":null,"truseo_locale":null},"aioseo_breadcrumb":"<div class=\"aioseo-breadcrumbs\"><span class=\"aioseo-breadcrumb\">\n\t\t\t<a href=\"https:\/\/fedai.az\" title=\"Home\">Home<\/a>\n\t\t<\/span><span class=\"aioseo-breadcrumb-separator\">\u00bb<\/span><span class=\"aioseo-breadcrumb\">\n\t\t\t<a href=\"https:\/\/fedai.az\/?cat=1\" title=\"Siyas\u0259t\">Siyas\u0259t<\/a>\n\t\t<\/span><span class=\"aioseo-breadcrumb-separator\">\u00bb<\/span><span class=\"aioseo-breadcrumb\">\n\t\t\tPutin v\u0259 \u018frdo\u011fan tax\u0131lla ba\u011fl\u0131 s\u00f6vd\u0259l\u0259\u015fm\u0259nin tam \u015f\u0259kild\u0259 h\u0259yata ke\u00e7irilm\u0259sin\u0259 t\u0259r\u0259fdard\u0131rlar\n\t\t<\/span><\/div>","aioseo_breadcrumb_json":[{"label":"Home","link":"https:\/\/fedai.az"},{"label":"Siyas\u0259t","link":"https:\/\/fedai.az\/?cat=1"},{"label":"Putin v\u0259 \u018frdo\u011fan tax\u0131lla ba\u011fl\u0131 s\u00f6vd\u0259l\u0259\u015fm\u0259nin tam \u015f\u0259kild\u0259 h\u0259yata ke\u00e7irilm\u0259sin\u0259 t\u0259r\u0259fdard\u0131rlar","link":"https:\/\/fedai.az\/?p=77911"}],"_links":{"self":[{"href":"https:\/\/fedai.az\/index.php?rest_route=\/wp\/v2\/posts\/77911","targetHints":{"allow":["GET"]}}],"collection":[{"href":"https:\/\/fedai.az\/index.php?rest_route=\/wp\/v2\/posts"}],"about":[{"href":"https:\/\/fedai.az\/index.php?rest_route=\/wp\/v2\/types\/post"}],"author":[{"embeddable":true,"href":"https:\/\/fedai.az\/index.php?rest_route=\/wp\/v2\/users\/2"}],"replies":[{"embeddable":true,"href":"https:\/\/fedai.az\/index.php?rest_route=%2Fwp%2Fv2%2Fcomments&post=77911"}],"version-history":[{"count":1,"href":"https:\/\/fedai.az\/index.php?rest_route=\/wp\/v2\/posts\/77911\/revisions"}],"predecessor-version":[{"id":77913,"href":"https:\/\/fedai.az\/index.php?rest_route=\/wp\/v2\/posts\/77911\/revisions\/77913"}],"wp:featuredmedia":[{"embeddable":true,"href":"https:\/\/fedai.az\/index.php?rest_route=\/wp\/v2\/media\/77912"}],"wp:attachment":[{"href":"https:\/\/fedai.az\/index.php?rest_route=%2Fwp%2Fv2%2Fmedia&parent=77911"}],"wp:term":[{"taxonomy":"category","embeddable":true,"href":"https:\/\/fedai.az\/index.php?rest_route=%2Fwp%2Fv2%2Fcategories&post=77911"},{"taxonomy":"post_tag","embeddable":true,"href":"https:\/\/fedai.az\/index.php?rest_route=%2Fwp%2Fv2%2Ftags&post=77911"}],"curies":[{"name":"wp","href":"https:\/\/api.w.org\/{rel}","templated":true}]}}