{"id":77934,"date":"2022-08-06T01:11:25","date_gmt":"2022-08-05T21:11:25","guid":{"rendered":"https:\/\/fedai.az\/?p=77934"},"modified":"2022-08-06T01:11:29","modified_gmt":"2022-08-05T21:11:29","slug":"muharib%c9%99-veteranlarinin-reyestrinin-aparilmasi-qaydasi-t%c9%99sdiq-edilib","status":"publish","type":"post","link":"https:\/\/fedai.az\/?p=77934","title":{"rendered":"\u201cM\u00fcharib\u0259 veteranlar\u0131n\u0131n reyestrinin apar\u0131lmas\u0131 Qaydas\u0131\u201d t\u0259sdiq edilib"},"content":{"rendered":"\n<p><strong>\u201cM\u00fcharib\u0259 veteranlar\u0131n\u0131n reyestrinin apar\u0131lmas\u0131 Qaydas\u0131\u201d t\u0259sdiq edilib.<\/strong><\/p>\n\n\n\n<p>Ba\u015f nazir \u018fli \u018fs\u0259dov bununla ba\u011fl\u0131 q\u0259rar imzalay\u0131b. Q\u0259rara \u0259sas\u0259n, Bu Qayda \u201cVeteranlar haqq\u0131nda\u201d qanuna uy\u011fun olaraq haz\u0131rlan\u0131b v\u0259 m\u00fcharib\u0259 veteranlar\u0131n\u0131n reyestrinin formala\u015fd\u0131r\u0131lmas\u0131n\u0131n, apar\u0131lmas\u0131n\u0131n, inteqrasiyas\u0131n\u0131n v\u0259 arxivl\u0259\u015fdirilm\u0259sinin h\u00fcquqi v\u0259 t\u0259\u015fkilati \u0259saslar\u0131n\u0131 m\u00fc\u0259yy\u0259n edir.<\/p>\n\n\n\n<p>Reyestrin f\u0259aliyy\u0259tinin t\u0259\u015fkili, idar\u0259 olunmas\u0131 v\u0259 t\u0259kmill\u0259\u015fdirilm\u0259si il\u0259 ba\u011fl\u0131 x\u0259rcl\u0259r Az\u0259rbaycan Respublikas\u0131n\u0131n d\u00f6vl\u0259t b\u00fcdc\u0259sind\u0259n ayr\u0131lan v\u0259sait v\u0259 qanunla qada\u011fan olunmayan dig\u0259r m\u0259nb\u0259l\u0259r hesab\u0131na maliyy\u0259l\u0259\u015fdirilir.<\/p>\n","protected":false},"excerpt":{"rendered":"<p>\u201cM\u00fcharib\u0259 veteranlar\u0131n\u0131n reyestrinin apar\u0131lmas\u0131 Qaydas\u0131\u201d t\u0259sdiq edilib. Ba\u015f nazir \u018fli \u018fs\u0259dov bununla ba\u011fl\u0131 q\u0259rar imzalay\u0131b. Q\u0259rara \u0259sas\u0259n, Bu Qayda \u201cVeteranlar haqq\u0131nda\u201d qanuna uy\u011fun olaraq<\/p>\n","protected":false},"author":2,"featured_media":77935,"comment_status":"closed","ping_status":"closed","sticky":false,"template":"","format":"standard","meta":{"footnotes":""},"categories":[12],"tags":[],"class_list":["post-77934","post","type-post","status-publish","format-standard","has-post-thumbnail","hentry","category-sosial"],"aioseo_notices":[],"_links":{"self":[{"href":"https:\/\/fedai.az\/index.php?rest_route=\/wp\/v2\/posts\/77934","targetHints":{"allow":["GET"]}}],"collection":[{"href":"https:\/\/fedai.az\/index.php?rest_route=\/wp\/v2\/posts"}],"about":[{"href":"https:\/\/fedai.az\/index.php?rest_route=\/wp\/v2\/types\/post"}],"author":[{"embeddable":true,"href":"https:\/\/fedai.az\/index.php?rest_route=\/wp\/v2\/users\/2"}],"replies":[{"embeddable":true,"href":"https:\/\/fedai.az\/index.php?rest_route=%2Fwp%2Fv2%2Fcomments&post=77934"}],"version-history":[{"count":1,"href":"https:\/\/fedai.az\/index.php?rest_route=\/wp\/v2\/posts\/77934\/revisions"}],"predecessor-version":[{"id":77936,"href":"https:\/\/fedai.az\/index.php?rest_route=\/wp\/v2\/posts\/77934\/revisions\/77936"}],"wp:featuredmedia":[{"embeddable":true,"href":"https:\/\/fedai.az\/index.php?rest_route=\/wp\/v2\/media\/77935"}],"wp:attachment":[{"href":"https:\/\/fedai.az\/index.php?rest_route=%2Fwp%2Fv2%2Fmedia&parent=77934"}],"wp:term":[{"taxonomy":"category","embeddable":true,"href":"https:\/\/fedai.az\/index.php?rest_route=%2Fwp%2Fv2%2Fcategories&post=77934"},{"taxonomy":"post_tag","embeddable":true,"href":"https:\/\/fedai.az\/index.php?rest_route=%2Fwp%2Fv2%2Ftags&post=77934"}],"curies":[{"name":"wp","href":"https:\/\/api.w.org\/{rel}","templated":true}]}}