{"id":77937,"date":"2022-08-06T01:14:03","date_gmt":"2022-08-05T21:14:03","guid":{"rendered":"https:\/\/fedai.az\/?p=77937"},"modified":"2022-08-06T08:45:15","modified_gmt":"2022-08-06T04:45:15","slug":"nazir-s%c9%99hid-v%c9%99-s%c9%99hid-ail%c9%99si-statusu-il%c9%99-bagli-bu-qaydani-t%c9%99sdiql%c9%99di","status":"publish","type":"post","link":"https:\/\/fedai.az\/?p=77937","title":{"rendered":"Nazir \u015f\u0259hid v\u0259 \u015f\u0259hid ail\u0259si statusu il\u0259 ba\u011fl\u0131 bu qaydan\u0131 T\u018fSD\u0130QL\u018fD\u0130"},"content":{"rendered":"\n<p><strong>\u201c\u015e\u0259hid v\u0259 \u015f\u0259hid ail\u0259si statusu alm\u0131\u015f \u015f\u0259xsl\u0259rin reyestrinin apar\u0131lmas\u0131 Qaydas\u0131\u201d t\u0259sdiq edilib.<\/strong><\/p>\n\n\n\n<p>Bununla ba\u011fl\u0131 Ba\u015f nazir \u018fli \u018fs\u0259dov Q\u0259rar imzalay\u0131b.<\/p>\n\n\n\n<p>Bu Qayda \u201c\u015e\u0259hid ad\u0131n\u0131n \u0259b\u0259dil\u0259\u015fdirilm\u0259si v\u0259 \u015f\u0259hid ail\u0259l\u0259rin\u0259 edil\u0259n g\u00fcz\u0259\u015ftl\u0259r haqq\u0131nda\u201d qanuna uy\u011fun olaraq haz\u0131rlan\u0131b v\u0259 \u015f\u0259hid v\u0259 \u015f\u0259hid ail\u0259si statusu alm\u0131\u015f \u015f\u0259xsl\u0259rin reyestrinin formala\u015fd\u0131r\u0131lmas\u0131n\u0131n, apar\u0131lmas\u0131n\u0131n, inteqrasiyas\u0131n\u0131n v\u0259 arxivl\u0259\u015fdirilm\u0259sinin h\u00fcquqi v\u0259 t\u0259\u015fkilati \u0259saslar\u0131n\u0131 m\u00fc\u0259yy\u0259n edir.<\/p>\n\n\n\n<p>Reyestrin f\u0259aliyy\u0259tinin t\u0259\u015fkili, idar\u0259 olunmas\u0131 v\u0259 t\u0259kmill\u0259\u015fdirilm\u0259si il\u0259 ba\u011fl\u0131 x\u0259rcl\u0259r Az\u0259rbaycan Respublikas\u0131n\u0131n d\u00f6vl\u0259t b\u00fcdc\u0259sind\u0259n ayr\u0131lan v\u0259sait v\u0259 qanunla qada\u011fan olunmayan dig\u0259r m\u0259nb\u0259l\u0259r hesab\u0131na maliyy\u0259l\u0259\u015fdirilir.<\/p>\n\n\n\n<p>Q\u0259rarla Reyestrin f\u0259aliyy\u0259t prinsipl\u0259ri d\u0259 m\u00fc\u0259yy\u0259nl\u0259\u015fib. Reyestr Qaydalarda qeyd edil\u0259n prinsipl\u0259r n\u0259z\u0259r\u0259 al\u0131nmaqla, a\u015fa\u011f\u0131dak\u0131 prinsipl\u0259r \u0259sas\u0131nda formala\u015fd\u0131r\u0131l\u0131r:<\/p>\n\n\n\n<p>-istifad\u0259 rahatl\u0131\u011f\u0131 \u2013 Reyestrd\u0259n istifad\u0259nin v\u0259 m\u0259lumat m\u00fcbadil\u0259sinin rahat, \u0259lav\u0259 \u0259m\u0259liyyatlar apar\u0131lmadan t\u0259min edilm\u0259si;<\/p>\n\n\n\n<p>-fasil\u0259sizlik \u2013 Reyestrd\u0259 apar\u0131lan t\u0259\u015fkilati, inzibati, texniki v\u0259 dig\u0259r d\u0259yi\u015fiklikl\u0259rd\u0259n as\u0131l\u0131 olmayaraq f\u0259aliyy\u0259tin fasil\u0259siz h\u0259yata ke\u00e7irilm\u0259si;<\/p>\n\n\n\n<p>-funksionall\u0131q v\u0259 davaml\u0131 inki\u015faf \u2013 Reyestrin inki\u015faf etdirilm\u0259si imkan\u0131n\u0131 t\u0259min ed\u0259n proqram-texniki komponentl\u0259rin olmas\u0131 v\u0259 \u0259n son texnologiyalardan istifad\u0259 edilm\u0259kl\u0259 Reyestrin daim t\u0259kmill\u0259\u015fdirilm\u0259si;<\/p>\n\n\n\n<p>-operativlik \u2013 Reyestrd\u0259 m\u0259lumatlar\u0131n yarad\u0131lmas\u0131, toplan\u0131lmas\u0131, i\u015fl\u0259nilm\u0259si, saxlan\u0131lmas\u0131 v\u0259 axtar\u0131\u015f\u0131 i\u015fl\u0259rinin s\u00fcr\u0259tli \u015f\u0259kild\u0259 h\u0259yata ke\u00e7irilm\u0259si;<\/p>\n\n\n\n<p>-s\u0259rb\u0259stlik \u2013 Reyestrin f\u0259aliyy\u0259tinin onda apar\u0131lan t\u0259\u015fkilati, inzibati, texniki v\u0259 dig\u0259r d\u0259yi\u015fiklikl\u0259rd\u0259n as\u0131l\u0131 olmamas\u0131;<\/p>\n\n\n\n<p>-\u015f\u0259ffafl\u0131q \u2013 Reyestrin f\u0259aliyy\u0259tind\u0259 a\u015fkarl\u0131\u011f\u0131n v\u0259 hesabatl\u0131l\u0131\u011f\u0131n t\u0259min edilm\u0259si, h\u0259yata ke\u00e7iril\u0259n prosedurlar\u0131n v\u0259 onlar\u0131n n\u0259tic\u0259l\u0259rinin izl\u0259nilm\u0259si imkan\u0131n\u0131n m\u00f6vcudlu\u011fu.<\/p>\n\n\n\n<p>-Reyestrin strukturuna a\u015fa\u011f\u0131dak\u0131 modullar daxildir: -m\u0259lumatlar\u0131n daxil edilm\u0259si modulu;<\/p>\n\n\n\n<p>-m\u0259lumatlara bax\u0131\u015f modulu;<\/p>\n\n\n\n<p>-. hesabatlar modulu.<\/p>\n\n\n\n<p>Reyestrin strukturuna daxil olan modullar vasit\u0259sil\u0259 a\u015fa\u011f\u0131dak\u0131lar t\u0259min edilir:<\/p>\n\n\n\n<p>&#8212; \u201cm\u0259lumatlar\u0131n daxil edilm\u0259si\u201d modulu vasit\u0259sil\u0259 \u015f\u0259hid v\u0259 \u015f\u0259hid ail\u0259si statusu alm\u0131\u015f \u015f\u0259xsl\u0259r bar\u0259d\u0259 bu Qaydada g\u00f6st\u0259ril\u0259n m\u0259lumatlar\u0131n daxil edilm\u0259si;<\/p>\n\n\n\n<p>-\u201cm\u0259lumatlara bax\u0131\u015f modulu\u201d vasit\u0259sil\u0259 Reyestrd\u0259 toplan\u0131lm\u0131\u015f m\u0259lumatlar \u00fczr\u0259 axtar\u0131\u015f edilm\u0259si v\u0259 m\u0259lumatlara bax\u0131lmas\u0131;<\/p>\n\n\n\n<p>-\u201chesabatlar modulu\u201d vasit\u0259sil\u0259 m\u00fcxt\u0259lif parametrl\u0259r\u0259 g\u00f6r\u0259 hesabatlar\u0131n t\u0259rtib edilm\u0259si.<\/p>\n","protected":false},"excerpt":{"rendered":"<p>\u201c\u015e\u0259hid v\u0259 \u015f\u0259hid ail\u0259si statusu alm\u0131\u015f \u015f\u0259xsl\u0259rin reyestrinin apar\u0131lmas\u0131 Qaydas\u0131\u201d t\u0259sdiq edilib. Bununla ba\u011fl\u0131 Ba\u015f nazir \u018fli \u018fs\u0259dov Q\u0259rar imzalay\u0131b. Bu Qayda \u201c\u015e\u0259hid ad\u0131n\u0131n<\/p>\n","protected":false},"author":2,"featured_media":77938,"comment_status":"closed","ping_status":"closed","sticky":false,"template":"","format":"standard","meta":{"footnotes":""},"categories":[12],"tags":[],"class_list":["post-77937","post","type-post","status-publish","format-standard","has-post-thumbnail","hentry","category-sosial"],"aioseo_notices":[],"_links":{"self":[{"href":"https:\/\/fedai.az\/index.php?rest_route=\/wp\/v2\/posts\/77937","targetHints":{"allow":["GET"]}}],"collection":[{"href":"https:\/\/fedai.az\/index.php?rest_route=\/wp\/v2\/posts"}],"about":[{"href":"https:\/\/fedai.az\/index.php?rest_route=\/wp\/v2\/types\/post"}],"author":[{"embeddable":true,"href":"https:\/\/fedai.az\/index.php?rest_route=\/wp\/v2\/users\/2"}],"replies":[{"embeddable":true,"href":"https:\/\/fedai.az\/index.php?rest_route=%2Fwp%2Fv2%2Fcomments&post=77937"}],"version-history":[{"count":2,"href":"https:\/\/fedai.az\/index.php?rest_route=\/wp\/v2\/posts\/77937\/revisions"}],"predecessor-version":[{"id":77940,"href":"https:\/\/fedai.az\/index.php?rest_route=\/wp\/v2\/posts\/77937\/revisions\/77940"}],"wp:featuredmedia":[{"embeddable":true,"href":"https:\/\/fedai.az\/index.php?rest_route=\/wp\/v2\/media\/77938"}],"wp:attachment":[{"href":"https:\/\/fedai.az\/index.php?rest_route=%2Fwp%2Fv2%2Fmedia&parent=77937"}],"wp:term":[{"taxonomy":"category","embeddable":true,"href":"https:\/\/fedai.az\/index.php?rest_route=%2Fwp%2Fv2%2Fcategories&post=77937"},{"taxonomy":"post_tag","embeddable":true,"href":"https:\/\/fedai.az\/index.php?rest_route=%2Fwp%2Fv2%2Ftags&post=77937"}],"curies":[{"name":"wp","href":"https:\/\/api.w.org\/{rel}","templated":true}]}}