{"id":78018,"date":"2022-08-07T03:09:38","date_gmt":"2022-08-06T23:09:38","guid":{"rendered":"https:\/\/fedai.az\/?p=78018"},"modified":"2022-08-07T03:09:42","modified_gmt":"2022-08-06T23:09:42","slug":"%c9%99rdogan-turkiy%c9%99nin-milli-masinini-surdu","status":"publish","type":"post","link":"https:\/\/fedai.az\/?p=78018","title":{"rendered":"\u018frdo\u011fan T\u00fcrkiy\u0259nin milli ma\u015f\u0131n\u0131n\u0131 s\u00fcrd\u00fc"},"content":{"rendered":"\n<p><strong>T\u00fcrkiy\u0259 Prezidenti R\u0259c\u0259b Tayyib \u018frdo\u011fan \u00f6lk\u0259nin milli avtomobili TOGG-u idar\u0259 edib.<\/strong><\/p>\n\n\n\n<p>Bu bar\u0259d\u0259 d\u00f6vl\u0259t ba\u015f\u00e7\u0131s\u0131 sosial \u015f\u0259b\u0259k\u0259 hesab\u0131nda bildirib.<\/p>\n\n\n\n<p><br>\u201cC\u0259nn\u0259t V\u0259t\u0259nimizin yollar\u0131nda&#8230;Yerli v\u0259 milli\u201d, &#8212; \u018frdo\u011fan tvitterd\u0259 hesab\u0131nda yazaraq avtomobili idar\u0259 etm\u0259sini \u0259ks etdir\u0259n fotolar\u0131 payla\u015f\u0131b.<\/p>\n\n\n\n<p>Qeyd ed\u0259k ki, daha \u0259vv\u0259l T\u00fcrkiy\u0259 Prezidenti amerikal\u0131 sahibkar, &#171;Tesla&#187; v\u0259 &#171;SpaceX&#187; \u015firk\u0259tl\u0259rinin r\u0259hb\u0259ri \u0130lon Maskla videokonfrans ke\u00e7irib. Dan\u0131\u015f\u0131qlarda kosmik v\u0259 mobil texnologiyalar\u0131 sah\u0259sind\u0259 \u0259m\u0259kda\u015fl\u0131\u011f\u0131n perspektivl\u0259ri il\u0259 yana\u015f\u0131 m\u00f6vcud avtomobill\u0259rin inki\u015faf\u0131 \u00fc\u00e7\u00fcn g\u0259l\u0259c\u0259k add\u0131mlara toxunulub.<\/p>\n\n\n\n<p>Bel\u0259 ki, T\u00fcrkiy\u0259 yax\u0131n ill\u0259rd\u0259 k\u00fctl\u0259vi istehsal etm\u0259k niyy\u0259tind\u0259 oldu\u011fu TOGG elektrik avtomobili \u00fc\u00e7\u00fcn litium-ion batareyalar\u0131 \u0259ld\u0259 ed\u0259 bil\u0259c\u0259k.<\/p>\n\n\n\n<figure class=\"wp-block-image size-large is-resized\"><img loading=\"lazy\" decoding=\"async\" src=\"https:\/\/fedai.az\/wp-content\/uploads\/2022\/08\/fzfjbubxoacpsrq.jpg\" alt=\"\" class=\"wp-image-78019\" width=\"1025\" height=\"683\" srcset=\"https:\/\/fedai.az\/wp-content\/uploads\/2022\/08\/fzfjbubxoacpsrq.jpg 900w, https:\/\/fedai.az\/wp-content\/uploads\/2022\/08\/fzfjbubxoacpsrq-300x200.jpg 300w, https:\/\/fedai.az\/wp-content\/uploads\/2022\/08\/fzfjbubxoacpsrq-150x100.jpg 150w, https:\/\/fedai.az\/wp-content\/uploads\/2022\/08\/fzfjbubxoacpsrq-768x512.jpg 768w\" sizes=\"auto, (max-width: 1025px) 100vw, 1025px\" \/><\/figure>\n","protected":false},"excerpt":{"rendered":"<p>T\u00fcrkiy\u0259 Prezidenti R\u0259c\u0259b Tayyib \u018frdo\u011fan \u00f6lk\u0259nin milli avtomobili TOGG-u idar\u0259 edib. Bu bar\u0259d\u0259 d\u00f6vl\u0259t ba\u015f\u00e7\u0131s\u0131 sosial \u015f\u0259b\u0259k\u0259 hesab\u0131nda bildirib. \u201cC\u0259nn\u0259t V\u0259t\u0259nimizin yollar\u0131nda&#8230;Yerli v\u0259 milli\u201d,<\/p>\n","protected":false},"author":2,"featured_media":78020,"comment_status":"closed","ping_status":"closed","sticky":false,"template":"","format":"standard","meta":{"footnotes":""},"categories":[3],"tags":[],"class_list":["post-78018","post","type-post","status-publish","format-standard","has-post-thumbnail","hentry","category-gundm"],"aioseo_notices":[],"_links":{"self":[{"href":"https:\/\/fedai.az\/index.php?rest_route=\/wp\/v2\/posts\/78018","targetHints":{"allow":["GET"]}}],"collection":[{"href":"https:\/\/fedai.az\/index.php?rest_route=\/wp\/v2\/posts"}],"about":[{"href":"https:\/\/fedai.az\/index.php?rest_route=\/wp\/v2\/types\/post"}],"author":[{"embeddable":true,"href":"https:\/\/fedai.az\/index.php?rest_route=\/wp\/v2\/users\/2"}],"replies":[{"embeddable":true,"href":"https:\/\/fedai.az\/index.php?rest_route=%2Fwp%2Fv2%2Fcomments&post=78018"}],"version-history":[{"count":1,"href":"https:\/\/fedai.az\/index.php?rest_route=\/wp\/v2\/posts\/78018\/revisions"}],"predecessor-version":[{"id":78021,"href":"https:\/\/fedai.az\/index.php?rest_route=\/wp\/v2\/posts\/78018\/revisions\/78021"}],"wp:featuredmedia":[{"embeddable":true,"href":"https:\/\/fedai.az\/index.php?rest_route=\/wp\/v2\/media\/78020"}],"wp:attachment":[{"href":"https:\/\/fedai.az\/index.php?rest_route=%2Fwp%2Fv2%2Fmedia&parent=78018"}],"wp:term":[{"taxonomy":"category","embeddable":true,"href":"https:\/\/fedai.az\/index.php?rest_route=%2Fwp%2Fv2%2Fcategories&post=78018"},{"taxonomy":"post_tag","embeddable":true,"href":"https:\/\/fedai.az\/index.php?rest_route=%2Fwp%2Fv2%2Ftags&post=78018"}],"curies":[{"name":"wp","href":"https:\/\/api.w.org\/{rel}","templated":true}]}}