{"id":78111,"date":"2022-08-08T21:28:34","date_gmt":"2022-08-08T17:28:34","guid":{"rendered":"https:\/\/fedai.az\/?p=78111"},"modified":"2022-08-08T21:28:37","modified_gmt":"2022-08-08T17:28:37","slug":"%c9%99rdogan-pasinyanla-telefonla-danisdi-az%c9%99rbaycan-torpaqlarinin-azad-olunmasi","status":"publish","type":"post","link":"https:\/\/fedai.az\/?p=78111","title":{"rendered":"\u018frdo\u011fan Pa\u015finyanla telefonla dan\u0131\u015fd\u0131: &#171;Az\u0259rbaycan torpaqlar\u0131n\u0131n azad olunmas\u0131&#8230;&#187;"},"content":{"rendered":"\n<p><strong>Qurban bayram\u0131nda Erm\u0259nistan na\u015f naziri Nikol Pa\u015finyanla \u00e7ox konstruktiv telefon dan\u0131\u015f\u0131\u011f\u0131 apard\u0131q.<\/strong><\/p>\n\n\n\n<p>Bu bar\u0259d\u0259 T\u00fcrkiy\u0259 Prezidenti R\u0259c\u0259b Tayyib \u018frdo\u011fan 13-c\u00fc S\u0259firl\u0259r Konfrans\u0131nda bildirib.<\/p>\n\n\n\n<p>&#171;Erm\u0259nistan\u0131n prosesl\u0259ri do\u011fru qiym\u0259tl\u0259ndir\u0259r\u0259k Az\u0259rbaycan v\u0259 T\u00fcrkiy\u0259nin s\u0259mimi \u00e7a\u011f\u0131r\u0131\u015flar\u0131na qar\u015f\u0131l\u0131q verm\u0259si il\u0259 b\u00f6lg\u0259mizin sabitliy\u0259 qovu\u015faca\u011f\u0131na inan\u0131ram&#187;, dey\u0259 \u018frdo\u011fan vur\u011fulay\u0131b.<\/p>\n\n\n\n<p>T\u00fcrkiy\u0259 Prezidento qeyd edib ki, Erm\u0259nistan\u0131n Az\u0259rbaycana qar\u015f\u0131 30 il davam ed\u0259n i\u015f\u011fal v\u0259 soyq\u0131r\u0131m\u0131 siyas\u0259ti qar\u015f\u0131s\u0131nda beyn\u0259lxalq ictimaiyy\u0259t he\u00e7 bir add\u0131m atmay\u0131b.<\/p>\n\n\n\n<p>&#171;D\u00f6y\u00fc\u015f meydan\u0131nda g\u00fccl\u00fc olmadan, dan\u0131\u015f\u0131qlar masas\u0131 arxas\u0131nda n\u0259y\u0259s\u0259 nail olma\u011f\u0131n \u00e7\u0259tinliyi ortadad\u0131r. Az\u0259rbaycan torpaqlar\u0131n\u0131n i\u015f\u011faldan azad olunmas\u0131 bunun bariz n\u00fcmun\u0259sidir&#187;, dey\u0259 \u018frdo\u011fan bildirib.<\/p>\n\n\n\n<p>M\u0259nb\u0259: Qaynarinfo.az<\/p>\n","protected":false},"excerpt":{"rendered":"<p>Qurban bayram\u0131nda Erm\u0259nistan na\u015f naziri Nikol Pa\u015finyanla \u00e7ox konstruktiv telefon dan\u0131\u015f\u0131\u011f\u0131 apard\u0131q. Bu bar\u0259d\u0259 T\u00fcrkiy\u0259 Prezidenti R\u0259c\u0259b Tayyib \u018frdo\u011fan 13-c\u00fc S\u0259firl\u0259r Konfrans\u0131nda bildirib. &#171;Erm\u0259nistan\u0131n<\/p>\n","protected":false},"author":2,"featured_media":78112,"comment_status":"closed","ping_status":"closed","sticky":false,"template":"","format":"standard","meta":{"footnotes":""},"categories":[1],"tags":[],"class_list":["post-78111","post","type-post","status-publish","format-standard","has-post-thumbnail","hentry","category-siyast"],"aioseo_notices":[],"_links":{"self":[{"href":"https:\/\/fedai.az\/index.php?rest_route=\/wp\/v2\/posts\/78111","targetHints":{"allow":["GET"]}}],"collection":[{"href":"https:\/\/fedai.az\/index.php?rest_route=\/wp\/v2\/posts"}],"about":[{"href":"https:\/\/fedai.az\/index.php?rest_route=\/wp\/v2\/types\/post"}],"author":[{"embeddable":true,"href":"https:\/\/fedai.az\/index.php?rest_route=\/wp\/v2\/users\/2"}],"replies":[{"embeddable":true,"href":"https:\/\/fedai.az\/index.php?rest_route=%2Fwp%2Fv2%2Fcomments&post=78111"}],"version-history":[{"count":1,"href":"https:\/\/fedai.az\/index.php?rest_route=\/wp\/v2\/posts\/78111\/revisions"}],"predecessor-version":[{"id":78113,"href":"https:\/\/fedai.az\/index.php?rest_route=\/wp\/v2\/posts\/78111\/revisions\/78113"}],"wp:featuredmedia":[{"embeddable":true,"href":"https:\/\/fedai.az\/index.php?rest_route=\/wp\/v2\/media\/78112"}],"wp:attachment":[{"href":"https:\/\/fedai.az\/index.php?rest_route=%2Fwp%2Fv2%2Fmedia&parent=78111"}],"wp:term":[{"taxonomy":"category","embeddable":true,"href":"https:\/\/fedai.az\/index.php?rest_route=%2Fwp%2Fv2%2Fcategories&post=78111"},{"taxonomy":"post_tag","embeddable":true,"href":"https:\/\/fedai.az\/index.php?rest_route=%2Fwp%2Fv2%2Ftags&post=78111"}],"curies":[{"name":"wp","href":"https:\/\/api.w.org\/{rel}","templated":true}]}}