{"id":78116,"date":"2022-08-09T00:04:46","date_gmt":"2022-08-08T20:04:46","guid":{"rendered":"https:\/\/fedai.az\/?p=78116"},"modified":"2022-08-09T00:04:47","modified_gmt":"2022-08-08T20:04:47","slug":"peskov-%c9%99rdogani-t%c9%99rifl%c9%99di-sonra-sikay%c9%99tl%c9%99ndi-ukrayna-numay%c9%99nd%c9%99-hey%c9%99ti-sanki-radardan-itir","status":"publish","type":"post","link":"https:\/\/fedai.az\/?p=78116","title":{"rendered":"Peskov \u018frdo\u011fan\u0131 t\u0259rifl\u0259di, sonra \u015fikay\u0259tl\u0259ndi \u2013 \u201cUkrayna n\u00fcmay\u0259nd\u0259 hey\u0259ti sanki \u201cradardan itir\u201d"},"content":{"rendered":"\n<p><strong>\u201cHaz\u0131rda Moskva v\u0259 Kiyev aras\u0131nda d\u00f6vl\u0259t ba\u015f\u00e7\u0131lar\u0131 s\u0259viyy\u0259sind\u0259 g\u00f6r\u00fc\u015f\u00fcn ke\u00e7irilm\u0259si ehtimal\u0131 azd\u0131r\u201d.<\/strong><\/p>\n\n\n\n<p>Bunu Kremlin s\u00f6z\u00e7\u00fcs\u00fc Peskov deyib.<\/p>\n\n\n\n<p><strong>\u201cRusiya v\u0259 Ukrayna n\u00fcmay\u0259nd\u0259 hey\u0259tl\u0259ri aras\u0131nda dan\u0131\u015f\u0131qlar \u00fc\u00e7\u00fcn \u00e7ox yax\u015f\u0131 \u015f\u0259raitin yarad\u0131lmas\u0131nda \u018frdo\u011fan\u0131n b\u00f6y\u00fck rol oynad\u0131\u011f\u0131n\u0131 bilirik. Buna baxmayaraq, Ukrayna n\u00fcmay\u0259nd\u0259 hey\u0259ti sanki \u201cradardan itir\u201d. Haz\u0131rda he\u00e7 bir dan\u0131\u015f\u0131qlar prosesi getmir\u201d,<\/strong>&nbsp;dey\u0259 o bildirib.<\/p>\n\n\n\n<p>T\u00fcrkiy\u0259nin s\u00fclh dan\u0131\u015f\u0131qlar\u0131nda vasit\u0259\u00e7ilik t\u0259klifl\u0259ri il\u0259 ba\u011fl\u0131 suala cavab olaraq Peskov deyib ki, t\u0259r\u0259fl\u0259r \u201cev tap\u015f\u0131r\u0131\u011f\u0131n\u0131 yerin\u0259 yetir\u0259rs\u0259\u201d iki lider g\u00f6r\u00fc\u015f\u0259 bil\u0259r.<\/p>\n\n\n\n<p><strong>Xat\u0131rladaq ki, Ukrayna prezidenti Zelenki daha \u0259vv\u0259l, m\u00fcharib\u0259 il\u0259 ba\u011fl\u0131 g\u00f6r\u00fc\u015fm\u0259k ist\u0259diyi t\u0259k \u015f\u0259xsin yaln\u0131z Rusiya prezidenti Vladimir Putin oldu\u011funu demi\u015fdi.<\/strong><\/p>\n\n\n\n<p>M\u0259nb\u0259: 7Times<\/p>\n","protected":false},"excerpt":{"rendered":"<p>\u201cHaz\u0131rda Moskva v\u0259 Kiyev aras\u0131nda d\u00f6vl\u0259t ba\u015f\u00e7\u0131lar\u0131 s\u0259viyy\u0259sind\u0259 g\u00f6r\u00fc\u015f\u00fcn ke\u00e7irilm\u0259si ehtimal\u0131 azd\u0131r\u201d. Bunu Kremlin s\u00f6z\u00e7\u00fcs\u00fc Peskov deyib. \u201cRusiya v\u0259 Ukrayna n\u00fcmay\u0259nd\u0259 hey\u0259tl\u0259ri aras\u0131nda dan\u0131\u015f\u0131qlar<\/p>\n","protected":false},"author":2,"featured_media":78117,"comment_status":"closed","ping_status":"closed","sticky":false,"template":"","format":"standard","meta":{"footnotes":""},"categories":[1],"tags":[],"class_list":["post-78116","post","type-post","status-publish","format-standard","has-post-thumbnail","hentry","category-siyast"],"aioseo_notices":[],"_links":{"self":[{"href":"https:\/\/fedai.az\/index.php?rest_route=\/wp\/v2\/posts\/78116","targetHints":{"allow":["GET"]}}],"collection":[{"href":"https:\/\/fedai.az\/index.php?rest_route=\/wp\/v2\/posts"}],"about":[{"href":"https:\/\/fedai.az\/index.php?rest_route=\/wp\/v2\/types\/post"}],"author":[{"embeddable":true,"href":"https:\/\/fedai.az\/index.php?rest_route=\/wp\/v2\/users\/2"}],"replies":[{"embeddable":true,"href":"https:\/\/fedai.az\/index.php?rest_route=%2Fwp%2Fv2%2Fcomments&post=78116"}],"version-history":[{"count":1,"href":"https:\/\/fedai.az\/index.php?rest_route=\/wp\/v2\/posts\/78116\/revisions"}],"predecessor-version":[{"id":78118,"href":"https:\/\/fedai.az\/index.php?rest_route=\/wp\/v2\/posts\/78116\/revisions\/78118"}],"wp:featuredmedia":[{"embeddable":true,"href":"https:\/\/fedai.az\/index.php?rest_route=\/wp\/v2\/media\/78117"}],"wp:attachment":[{"href":"https:\/\/fedai.az\/index.php?rest_route=%2Fwp%2Fv2%2Fmedia&parent=78116"}],"wp:term":[{"taxonomy":"category","embeddable":true,"href":"https:\/\/fedai.az\/index.php?rest_route=%2Fwp%2Fv2%2Fcategories&post=78116"},{"taxonomy":"post_tag","embeddable":true,"href":"https:\/\/fedai.az\/index.php?rest_route=%2Fwp%2Fv2%2Ftags&post=78116"}],"curies":[{"name":"wp","href":"https:\/\/api.w.org\/{rel}","templated":true}]}}