{"id":78119,"date":"2022-08-09T00:12:24","date_gmt":"2022-08-08T20:12:24","guid":{"rendered":"https:\/\/fedai.az\/?p=78119"},"modified":"2022-08-09T00:12:43","modified_gmt":"2022-08-08T20:12:43","slug":"s%c9%99hid-s%c9%99hid-ail%c9%99l%c9%99ri-v%c9%99-muharib%c9%99-veteranlari-il%c9%99-bagli-qayda-t%c9%99sdiql%c9%99ndi","status":"publish","type":"post","link":"https:\/\/fedai.az\/?p=78119","title":{"rendered":"\u015e\u0259hid ail\u0259l\u0259ri v\u0259 m\u00fcharib\u0259 veteranlar\u0131 il\u0259 ba\u011fl\u0131 QAYDA T\u018fSD\u0130QL\u018fND\u0130"},"content":{"rendered":"\n<p><strong>Az\u0259rbaycan Respublikas\u0131 Nazirl\u0259r Kabinetinin Q\u0259rarlar\u0131 il\u0259 \u201c\u015e\u0259hid v\u0259 \u015f\u0259hid ail\u0259si statusu alm\u0131\u015f \u015f\u0259xsl\u0259rin reyestrinin apar\u0131lmas\u0131 Qaydas\u0131\u201d v\u0259 \u201cM\u00fcharib\u0259 veteranlar\u0131n\u0131n reyestrinin apar\u0131lmas\u0131 Qaydas\u0131\u201d t\u0259sdiq edilib. Q\u0259rarlar Az\u0259rbaycan Respublikas\u0131 Prezidentinin 2021-ci il 17 iyun tarixli F\u0259rmanlar\u0131n\u0131n icras\u0131n\u0131n t\u0259min edilm\u0259si m\u0259qs\u0259dil\u0259 q\u0259bul edilib. Yeni qaydalara \u0259sas\u0259n \u018fm\u0259k v\u0259 \u018fhalinin Sosial M\u00fcdafi\u0259si Nazirliyinin M\u0259rk\u0259zl\u0259\u015fdirilmi\u015f elektron informasiya sistemind\u0259 m\u00fcharib\u0259 veteranlar\u0131n\u0131n, \u015f\u0259hid v\u0259 \u015f\u0259hid ail\u0259si statusu alm\u0131\u015f \u015f\u0259xsl\u0259rin reyestrl\u0259ri elektron formada apar\u0131lacaq.<\/strong><\/p>\n\n\n\n<p>Nazirlikd\u0259n veril\u0259n x\u0259b\u0259r\u0259 g\u00f6r\u0259, reyestrin \u0259sas t\u0259yinat\u0131 \u015f\u0259hidl\u0259r, \u015f\u0259hid ail\u0259si \u00fczvl\u0259ri, m\u00fcharib\u0259 \u0259lill\u0259ri v\u0259 veteranlar\u0131 bar\u0259d\u0259 vahid informasiya bazas\u0131n\u0131n yarad\u0131lmas\u0131, onlarla \u0259laq\u0259dar m\u00fcvafiq m\u0259lumatlar\u0131n toplan\u0131lmas\u0131, i\u015fl\u0259nm\u0259si, saxlan\u0131lmas\u0131 v\u0259 axtar\u0131\u015f\u0131n\u0131n avtomatla\u015fd\u0131r\u0131lmas\u0131d\u0131r.<\/p>\n\n\n\n<p>\u015e\u0259hidl\u0259r, \u015f\u0259hid ail\u0259 \u00fczvl\u0259ri, m\u00fcharib\u0259 \u0259lill\u0259ri v\u0259 veteranlar\u0131n\u0131n elektron qaydada vahid informasiya bazas\u0131n\u0131n yarad\u0131lmas\u0131 g\u0259l\u0259c\u0259kd\u0259 m\u00fcvafiq kateqoriyalardan olan \u015f\u0259xsl\u0259rin d\u00f6vl\u0259t orqanlar\u0131na m\u00fcraci\u0259tl\u0259ri zaman\u0131 statuslar\u0131n\u0131n real vaxt rejimind\u0259 operativ m\u00fc\u0259yy\u0259nl\u0259\u015fdirilm\u0259sin\u0259 \u015f\u0259rait yaradacaq, sosial t\u0259minat h\u00fcquqlar\u0131na \u00e7evik v\u0259 proaktiv qaydada bax\u0131lmas\u0131na imkan ver\u0259c\u0259k.<\/p>\n","protected":false},"excerpt":{"rendered":"<p>Az\u0259rbaycan Respublikas\u0131 Nazirl\u0259r Kabinetinin Q\u0259rarlar\u0131 il\u0259 \u201c\u015e\u0259hid v\u0259 \u015f\u0259hid ail\u0259si statusu alm\u0131\u015f \u015f\u0259xsl\u0259rin reyestrinin apar\u0131lmas\u0131 Qaydas\u0131\u201d v\u0259 \u201cM\u00fcharib\u0259 veteranlar\u0131n\u0131n reyestrinin apar\u0131lmas\u0131 Qaydas\u0131\u201d t\u0259sdiq edilib.<\/p>\n","protected":false},"author":2,"featured_media":74770,"comment_status":"closed","ping_status":"closed","sticky":false,"template":"","format":"standard","meta":{"footnotes":""},"categories":[12],"tags":[],"class_list":["post-78119","post","type-post","status-publish","format-standard","has-post-thumbnail","hentry","category-sosial"],"aioseo_notices":[],"_links":{"self":[{"href":"https:\/\/fedai.az\/index.php?rest_route=\/wp\/v2\/posts\/78119","targetHints":{"allow":["GET"]}}],"collection":[{"href":"https:\/\/fedai.az\/index.php?rest_route=\/wp\/v2\/posts"}],"about":[{"href":"https:\/\/fedai.az\/index.php?rest_route=\/wp\/v2\/types\/post"}],"author":[{"embeddable":true,"href":"https:\/\/fedai.az\/index.php?rest_route=\/wp\/v2\/users\/2"}],"replies":[{"embeddable":true,"href":"https:\/\/fedai.az\/index.php?rest_route=%2Fwp%2Fv2%2Fcomments&post=78119"}],"version-history":[{"count":2,"href":"https:\/\/fedai.az\/index.php?rest_route=\/wp\/v2\/posts\/78119\/revisions"}],"predecessor-version":[{"id":78121,"href":"https:\/\/fedai.az\/index.php?rest_route=\/wp\/v2\/posts\/78119\/revisions\/78121"}],"wp:featuredmedia":[{"embeddable":true,"href":"https:\/\/fedai.az\/index.php?rest_route=\/wp\/v2\/media\/74770"}],"wp:attachment":[{"href":"https:\/\/fedai.az\/index.php?rest_route=%2Fwp%2Fv2%2Fmedia&parent=78119"}],"wp:term":[{"taxonomy":"category","embeddable":true,"href":"https:\/\/fedai.az\/index.php?rest_route=%2Fwp%2Fv2%2Fcategories&post=78119"},{"taxonomy":"post_tag","embeddable":true,"href":"https:\/\/fedai.az\/index.php?rest_route=%2Fwp%2Fv2%2Ftags&post=78119"}],"curies":[{"name":"wp","href":"https:\/\/api.w.org\/{rel}","templated":true}]}}