{"id":78122,"date":"2022-08-09T00:16:42","date_gmt":"2022-08-08T20:16:42","guid":{"rendered":"https:\/\/fedai.az\/?p=78122"},"modified":"2022-08-09T00:16:52","modified_gmt":"2022-08-08T20:16:52","slug":"h%c9%99rbcil%c9%99rin-pensiyasi-il%c9%99-bagli-yeni-q%c9%99rar","status":"publish","type":"post","link":"https:\/\/fedai.az\/?p=78122","title":{"rendered":"H\u0259rb\u00e7il\u0259rin pensiyas\u0131 il\u0259 ba\u011fl\u0131 yeni q\u0259rar"},"content":{"rendered":"\n<p><strong>\u201c\u018fm\u0259k pensiyalar\u0131 haqq\u0131nda\u201d qanuna \u0259sas\u0259n pensiya t\u0259yin edilm\u0259si \u00fc\u00e7\u00fcn h\u0259rbi qulluq\u00e7unun v\u0259 ya v\u0259fat etmi\u015f h\u0259rbi qulluq\u00e7unun ail\u0259 \u00fczvl\u0259rinin m\u00fcraci\u0259t etdiyi vaxt t\u0259minat x\u0259rcliyinin hesabland\u0131\u011f\u0131 h\u0259rbi xidm\u0259t v\u0259zif\u0259si m\u00f6vcud olmad\u0131qda h\u0259rbi qulluq\u00e7ular\u0131n v\u0259zif\u0259l\u0259rinin m\u00f6vcud h\u0259rbi xidm\u0259t v\u0259zif\u0259l\u0259rin\u0259 uy\u011funla\u015fd\u0131r\u0131lmas\u0131 siyah\u0131s\u0131na d\u0259yi\u015fiklik edilib.<\/strong><\/p>\n\n\n\n<p>Teleqraf.com x\u0259b\u0259r verir ki, bu, Nazirl\u0259r Kabinetinin 2013-c\u00fc il 27 fevral tarixli 30 n\u00f6mr\u0259li q\u0259rar\u0131na edil\u0259n d\u0259yi\u015fiklikd\u0259 \u0259ksini tap\u0131b.<\/p>\n\n\n\n<p>Q\u0259rara \u0259sas\u0259n, siyah\u0131da Az\u0259rbaycan Respublikas\u0131n\u0131n H\u0259rbi Komissarl\u0131qlar\u0131 (Nax\u00e7\u0131van Muxtar Respublikas\u0131 istisna olmaqla) (Pensiya t\u0259yin edilm\u0259si \u00fc\u00e7\u00fcn h\u0259rbi qulluq\u00e7unun v\u0259 ya v\u0259fat etmi\u015f h\u0259rbi qulluq\u00e7unun ail\u0259 \u00fczvl\u0259rinin m\u00fcraci\u0259t etdiyi vaxt m\u00f6vcud olmayan h\u0259rbi xidm\u0259t v\u0259zif\u0259si) v\u0259 Az\u0259rbaycan Respublikas\u0131n\u0131n S\u0259f\u0259rb\u0259rlik v\u0259 H\u0259rbi Xidm\u0259t\u0259 \u00c7a\u011f\u0131r\u0131\u015f \u00fczr\u0259 D\u00f6vl\u0259t Xidm\u0259ti (Nax\u00e7\u0131van Muxtar Respublikas\u0131 istisna olmaqla) (M\u00f6vcud h\u0259rbi xidm\u0259t v\u0259zif\u0259si) yeni redaksiyada verilib.<\/p>\n\n\n\n<p>Yeni siyah\u0131 il\u0259 tan\u0131\u015f olmaq \u00fc\u00e7\u00fcn ***<a href=\"https:\/\/nk.gov.az\/az\/document\/6305\/\" target=\"_blank\" rel=\"noreferrer noopener\">\u00a0link\u0259<\/a>\u00a0daxil olun.<\/p>\n","protected":false},"excerpt":{"rendered":"<p>\u201c\u018fm\u0259k pensiyalar\u0131 haqq\u0131nda\u201d qanuna \u0259sas\u0259n pensiya t\u0259yin edilm\u0259si \u00fc\u00e7\u00fcn h\u0259rbi qulluq\u00e7unun v\u0259 ya v\u0259fat etmi\u015f h\u0259rbi qulluq\u00e7unun ail\u0259 \u00fczvl\u0259rinin m\u00fcraci\u0259t etdiyi vaxt t\u0259minat x\u0259rcliyinin<\/p>\n","protected":false},"author":2,"featured_media":76054,"comment_status":"closed","ping_status":"closed","sticky":false,"template":"","format":"standard","meta":{"footnotes":""},"categories":[12],"tags":[],"class_list":["post-78122","post","type-post","status-publish","format-standard","has-post-thumbnail","hentry","category-sosial"],"aioseo_notices":[],"_links":{"self":[{"href":"https:\/\/fedai.az\/index.php?rest_route=\/wp\/v2\/posts\/78122","targetHints":{"allow":["GET"]}}],"collection":[{"href":"https:\/\/fedai.az\/index.php?rest_route=\/wp\/v2\/posts"}],"about":[{"href":"https:\/\/fedai.az\/index.php?rest_route=\/wp\/v2\/types\/post"}],"author":[{"embeddable":true,"href":"https:\/\/fedai.az\/index.php?rest_route=\/wp\/v2\/users\/2"}],"replies":[{"embeddable":true,"href":"https:\/\/fedai.az\/index.php?rest_route=%2Fwp%2Fv2%2Fcomments&post=78122"}],"version-history":[{"count":2,"href":"https:\/\/fedai.az\/index.php?rest_route=\/wp\/v2\/posts\/78122\/revisions"}],"predecessor-version":[{"id":78124,"href":"https:\/\/fedai.az\/index.php?rest_route=\/wp\/v2\/posts\/78122\/revisions\/78124"}],"wp:featuredmedia":[{"embeddable":true,"href":"https:\/\/fedai.az\/index.php?rest_route=\/wp\/v2\/media\/76054"}],"wp:attachment":[{"href":"https:\/\/fedai.az\/index.php?rest_route=%2Fwp%2Fv2%2Fmedia&parent=78122"}],"wp:term":[{"taxonomy":"category","embeddable":true,"href":"https:\/\/fedai.az\/index.php?rest_route=%2Fwp%2Fv2%2Fcategories&post=78122"},{"taxonomy":"post_tag","embeddable":true,"href":"https:\/\/fedai.az\/index.php?rest_route=%2Fwp%2Fv2%2Ftags&post=78122"}],"curies":[{"name":"wp","href":"https:\/\/api.w.org\/{rel}","templated":true}]}}