{"id":78125,"date":"2022-08-09T00:31:45","date_gmt":"2022-08-08T20:31:45","guid":{"rendered":"https:\/\/fedai.az\/?p=78125"},"modified":"2022-08-09T00:31:49","modified_gmt":"2022-08-08T20:31:49","slug":"pasinyanla-cox-konstruktiv-gorusumuz-oldu-%c9%99rdogan","status":"publish","type":"post","link":"https:\/\/fedai.az\/?p=78125","title":{"rendered":"Pa\u015finyanla \u00e7ox konstruktiv g\u00f6r\u00fc\u015f\u00fcm\u00fcz oldu &#8212; \u018frdo\u011fan"},"content":{"rendered":"\n<p><strong>Az\u0259rbaycanl\u0131 qarda\u015flar\u0131m\u0131z ill\u0259rdir itkil\u0259rinin ac\u0131s\u0131 il\u0259 ya\u015fama\u011fa m\u0259cbur qald\u0131. 44 g\u00fcnl\u00fck m\u00fcbariz\u0259 n\u0259tic\u0259sind\u0259 Qaraba\u011f \u00f6z azadl\u0131\u011f\u0131n\u0131 b\u0259rpa etdi v\u0259 30 illik i\u015f\u011fala son qoyuldu.<\/strong><\/p>\n\n\n\n<p>Bu s\u00f6zl\u0259ri T\u00fcrkiy\u0259 Prezidenti R\u0259c\u0259b Tayyib \u018frdo\u011fan deyib.<\/p>\n\n\n\n<p>&#171;Bu tarixi f\u00fcrs\u0259tin bo\u015fa getm\u0259m\u0259si \u00fc\u00e7\u00fcn \u00e7ox \u00e7al\u0131\u015f\u0131r\u0131q. Qafqazda davaml\u0131 s\u00fclh yolunda m\u00fch\u00fcm nailiyy\u0259tl\u0259r \u0259ld\u0259 etdik. Pa\u015finyanla \u00e7ox konstruktiv g\u00f6r\u00fc\u015f\u00fcm\u00fcz oldu. Erm\u0259nistan\u0131n \u00e7a\u011f\u0131r\u0131\u015flara cavab verm\u0259si il\u0259 regionumuzun q\u0131sa zamanda sabitl\u0259\u015f\u0259c\u0259yin\u0259 inan\u0131ram&#187;, &#8212; \u018frdo\u011fan bildirib.<\/p>\n","protected":false},"excerpt":{"rendered":"<p>Az\u0259rbaycanl\u0131 qarda\u015flar\u0131m\u0131z ill\u0259rdir itkil\u0259rinin ac\u0131s\u0131 il\u0259 ya\u015fama\u011fa m\u0259cbur qald\u0131. 44 g\u00fcnl\u00fck m\u00fcbariz\u0259 n\u0259tic\u0259sind\u0259 Qaraba\u011f \u00f6z azadl\u0131\u011f\u0131n\u0131 b\u0259rpa etdi v\u0259 30 illik i\u015f\u011fala son qoyuldu.<\/p>\n","protected":false},"author":2,"featured_media":78126,"comment_status":"closed","ping_status":"closed","sticky":false,"template":"","format":"standard","meta":{"footnotes":""},"categories":[1],"tags":[],"class_list":["post-78125","post","type-post","status-publish","format-standard","has-post-thumbnail","hentry","category-siyast"],"aioseo_notices":[],"_links":{"self":[{"href":"https:\/\/fedai.az\/index.php?rest_route=\/wp\/v2\/posts\/78125","targetHints":{"allow":["GET"]}}],"collection":[{"href":"https:\/\/fedai.az\/index.php?rest_route=\/wp\/v2\/posts"}],"about":[{"href":"https:\/\/fedai.az\/index.php?rest_route=\/wp\/v2\/types\/post"}],"author":[{"embeddable":true,"href":"https:\/\/fedai.az\/index.php?rest_route=\/wp\/v2\/users\/2"}],"replies":[{"embeddable":true,"href":"https:\/\/fedai.az\/index.php?rest_route=%2Fwp%2Fv2%2Fcomments&post=78125"}],"version-history":[{"count":1,"href":"https:\/\/fedai.az\/index.php?rest_route=\/wp\/v2\/posts\/78125\/revisions"}],"predecessor-version":[{"id":78127,"href":"https:\/\/fedai.az\/index.php?rest_route=\/wp\/v2\/posts\/78125\/revisions\/78127"}],"wp:featuredmedia":[{"embeddable":true,"href":"https:\/\/fedai.az\/index.php?rest_route=\/wp\/v2\/media\/78126"}],"wp:attachment":[{"href":"https:\/\/fedai.az\/index.php?rest_route=%2Fwp%2Fv2%2Fmedia&parent=78125"}],"wp:term":[{"taxonomy":"category","embeddable":true,"href":"https:\/\/fedai.az\/index.php?rest_route=%2Fwp%2Fv2%2Fcategories&post=78125"},{"taxonomy":"post_tag","embeddable":true,"href":"https:\/\/fedai.az\/index.php?rest_route=%2Fwp%2Fv2%2Ftags&post=78125"}],"curies":[{"name":"wp","href":"https:\/\/api.w.org\/{rel}","templated":true}]}}