{"id":78128,"date":"2022-08-09T00:46:39","date_gmt":"2022-08-08T20:46:39","guid":{"rendered":"https:\/\/fedai.az\/?p=78128"},"modified":"2022-08-09T00:46:43","modified_gmt":"2022-08-08T20:46:43","slug":"az%c9%99rbaycan-keyfiyy%c9%99tli-yol-c%c9%99kib-erm%c9%99ni-jurnalist","status":"publish","type":"post","link":"https:\/\/fedai.az\/?p=78128","title":{"rendered":"Az\u0259rbaycan keyfiyy\u0259tli yol \u00e7\u0259kib &#8212; Erm\u0259ni jurnalist"},"content":{"rendered":"\n<p><strong>Erm\u0259ni m\u00fcxalif\u0259t\u00e7i, jurnalist Nairi Ohikyan \u00f6z\u00fcn\u00fcn \u201cFacebook\u201d s\u0259hif\u0259sind\u0259 Az\u0259rbaycan\u0131n La\u00e7\u0131n d\u0259hlizin\u0259 alternativ \u00e7\u0259kdiyi yolla&nbsp;ba\u011fl\u0131 post payla\u015f\u0131b.<\/strong><\/p>\n\n\n\n<p>O, yolun keyfiyy\u0259tli oldu\u011funu deyib, eyni zamanda Erm\u0259nistan\u0131n 9 ayda bir yolu\u00a0\u00e7\u0259k\u0259 bilm\u0259m\u0259sind\u0259n \u015fikay\u0259tl\u0259nib.<\/p>\n\n\n\n<p>\u201cAz\u0259rbaycanl\u0131lar t\u0259r\u0259find\u0259n La\u00e7\u0131n d\u0259hlizin\u0259 alternativ olan yeni yol art\u0131q haz\u0131rd\u0131r.&nbsp;M\u0259n h\u0259qiq\u0259t\u0259n \u015fahid oldum ki, Az\u0259rbaycan keyfiyy\u0259tli yol \u00e7\u0259kib. Haz\u0131rda yola Rusiya s\u00fclhm\u0259raml\u0131lar\u0131 n\u0259zar\u0259t edir. Amma t\u0259\u0259ss\u00fcfl\u0259r olsun ki, Erm\u0259nistan 9 ayda yolun 6 kilometrini&nbsp;tamamlaya bilm\u0259yib. Az\u0259rbaycan is\u0259 bu m\u00fcdd\u0259t \u0259rzind\u0259 30 kilometr\u0259&nbsp;q\u0259d\u0259r yol&nbsp;\u00e7\u0259kib\u201d, &#8212; dey\u0259 erm\u0259ni jurnalist bildirib.<\/p>\n\n\n\n<p>Qeyd ed\u0259k ki, Az\u0259rbaycan t\u0259r\u0259finin \u00e7\u0259kdiyi yeni yol Erm\u0259nistanla s\u0259rh\u0259dd\u0259n &#8212; Gorusun Kornidzor k\u0259ndind\u0259n ba\u015flay\u0131r, La\u00e7\u0131ndan yan ke\u00e7\u0259r\u0259k \u015eu\u015fa rayonunun Ki\u00e7ik Qalad\u0259r\u0259si v\u0259 B\u00f6y\u00fck Qalad\u0259r\u0259si k\u0259ndl\u0259rin\u0259d\u0259k uzanmaqla Tur\u015fsu k\u0259ndind\u0259 m\u00f6vcud magistralla k\u0259si\u015fir. Yeni yol La\u00e7\u0131n rayonunun 6 k\u0259ndind\u0259n ke\u00e7ir.<\/p>\n\n\n\n<p>Erm\u0259nil\u0259r yeni yolun a\u00e7\u0131l\u0131\u015f\u0131ndan sonra La\u00e7\u0131n \u015f\u0259h\u0259rinin tamamil\u0259 Az\u0259rbaycan\u0131n n\u0259zar\u0259tin\u0259 ke\u00e7\u0259c\u0259yind\u0259n ciddi \u015f\u0259kild\u0259 narahatd\u0131rlar. Bu halda 30 ildir La\u00e7\u0131n \u015f\u0259h\u0259rinin m\u0259rk\u0259zind\u0259 m\u00fcv\u0259qq\u0259ti m\u0259skunla\u015fm\u0131\u015f erm\u0259nil\u0259rin oran\u0131 t\u0259rk etm\u0259si d\u0259 ger\u00e7\u0259kl\u0259\u015f\u0259c\u0259k. Eyni zamanda, haz\u0131rda Zabuxda qanunsuz m\u0259skunla\u015fm\u0131\u015f 50-d\u0259n \u00e7ox erm\u0259ni ail\u0259sinin d\u0259 oran\u0131 t\u0259rk ed\u0259c\u0259yi g\u00f6zl\u0259nilir.<\/p>\n\n\n\n<p>M\u0259nb\u0259: Redaktor.az<\/p>\n","protected":false},"excerpt":{"rendered":"<p>Erm\u0259ni m\u00fcxalif\u0259t\u00e7i, jurnalist Nairi Ohikyan \u00f6z\u00fcn\u00fcn \u201cFacebook\u201d s\u0259hif\u0259sind\u0259 Az\u0259rbaycan\u0131n La\u00e7\u0131n d\u0259hlizin\u0259 alternativ \u00e7\u0259kdiyi yolla&nbsp;ba\u011fl\u0131 post payla\u015f\u0131b. O, yolun keyfiyy\u0259tli oldu\u011funu deyib, eyni zamanda Erm\u0259nistan\u0131n<\/p>\n","protected":false},"author":2,"featured_media":78129,"comment_status":"closed","ping_status":"closed","sticky":false,"template":"","format":"standard","meta":{"footnotes":""},"categories":[4],"tags":[],"class_list":["post-78128","post","type-post","status-publish","format-standard","has-post-thumbnail","hentry","category-qarabag"],"aioseo_notices":[],"_links":{"self":[{"href":"https:\/\/fedai.az\/index.php?rest_route=\/wp\/v2\/posts\/78128","targetHints":{"allow":["GET"]}}],"collection":[{"href":"https:\/\/fedai.az\/index.php?rest_route=\/wp\/v2\/posts"}],"about":[{"href":"https:\/\/fedai.az\/index.php?rest_route=\/wp\/v2\/types\/post"}],"author":[{"embeddable":true,"href":"https:\/\/fedai.az\/index.php?rest_route=\/wp\/v2\/users\/2"}],"replies":[{"embeddable":true,"href":"https:\/\/fedai.az\/index.php?rest_route=%2Fwp%2Fv2%2Fcomments&post=78128"}],"version-history":[{"count":1,"href":"https:\/\/fedai.az\/index.php?rest_route=\/wp\/v2\/posts\/78128\/revisions"}],"predecessor-version":[{"id":78130,"href":"https:\/\/fedai.az\/index.php?rest_route=\/wp\/v2\/posts\/78128\/revisions\/78130"}],"wp:featuredmedia":[{"embeddable":true,"href":"https:\/\/fedai.az\/index.php?rest_route=\/wp\/v2\/media\/78129"}],"wp:attachment":[{"href":"https:\/\/fedai.az\/index.php?rest_route=%2Fwp%2Fv2%2Fmedia&parent=78128"}],"wp:term":[{"taxonomy":"category","embeddable":true,"href":"https:\/\/fedai.az\/index.php?rest_route=%2Fwp%2Fv2%2Fcategories&post=78128"},{"taxonomy":"post_tag","embeddable":true,"href":"https:\/\/fedai.az\/index.php?rest_route=%2Fwp%2Fv2%2Ftags&post=78128"}],"curies":[{"name":"wp","href":"https:\/\/api.w.org\/{rel}","templated":true}]}}