{"id":78131,"date":"2022-08-09T01:04:11","date_gmt":"2022-08-08T21:04:11","guid":{"rendered":"https:\/\/fedai.az\/?p=78131"},"modified":"2022-08-09T01:04:14","modified_gmt":"2022-08-08T21:04:14","slug":"cavusoglu-dost-da-dusm%c9%99n-d%c9%99-bilsin-ki-can-az%c9%99rbaycan-hec-vaxt-t%c9%99k-deyil","status":"publish","type":"post","link":"https:\/\/fedai.az\/?p=78131","title":{"rendered":"\u00c7avu\u015fo\u011flu: \u201cDost da, d\u00fc\u015fm\u0259n d\u0259 bilsin ki, can Az\u0259rbaycan he\u00e7 vaxt t\u0259k deyil\u201d"},"content":{"rendered":"\n<p><strong>\u201cDost da, d\u00fc\u015fm\u0259n d\u0259 bilsin ki, can Az\u0259rbaycan he\u00e7 vaxt t\u0259k deyil\u201d.<\/strong><\/p>\n\n\n\n<p>Bunu T\u00fcrkiy\u0259nin xarici i\u015fl\u0259r naziri M\u00f6vlud \u00c7avu\u015fo\u011flu \u201cTwitter\u201d hesab\u0131nda yaz\u0131b.<\/p>\n\n\n\n<p>\u201c\u015eu\u015fa b\u0259yannam\u0259si il\u0259 m\u00fctt\u0259fiqliyimiz daha da m\u00f6hk\u0259ml\u0259ndi\u201d, &#8212; T\u00fcrkiy\u0259nin xarici siyas\u0259t idar\u0259sinin r\u0259hb\u0259ri \u0259lav\u0259 edib.<\/p>\n\n\n\n<figure class=\"wp-block-embed is-type-rich is-provider-twitter wp-block-embed-twitter\"><div class=\"wp-block-embed__wrapper\">\n<blockquote class=\"twitter-tweet\" data-width=\"550\" data-dnt=\"true\"><p lang=\"tr\" dir=\"ltr\">Can <a href=\"https:\/\/twitter.com\/hashtag\/Azerbaycan?src=hash&amp;ref_src=twsrc%5Etfw\">#Azerbaycan<\/a>\u2019\u0131n D\u0131\u015fi\u015fleri Bakan\u0131 karde\u015fim <a href=\"https:\/\/twitter.com\/bayramov_jeyhun?ref_src=twsrc%5Etfw\">@bayramov_jeyhun<\/a>&#39;u B\u00fcy\u00fckel\u00e7iler Konferans\u0131\u2019nda a\u011f\u0131rlad\u0131k. <br> <br>M\u00fcttefikli\u011fimiz \u015eu\u015fa Beyannamesi&#39;yle daha da per\u00e7inlendi.<br><br>Dost da d\u00fc\u015fman da bilsin ki Can Azerbaycan asla yaln\u0131z de\u011fildir. \ud83c\uddf9\ud83c\uddf7\ud83c\udde6\ud83c\uddff<a href=\"https:\/\/twitter.com\/hashtag\/BKON2022?src=hash&amp;ref_src=twsrc%5Etfw\">#BKON2022<\/a> <a href=\"https:\/\/twitter.com\/hashtag\/tekmilletikidevlet?src=hash&amp;ref_src=twsrc%5Etfw\">#tekmilletikidevlet<\/a> <a href=\"https:\/\/twitter.com\/hashtag\/2023eDo%C4%9Fru?src=hash&amp;ref_src=twsrc%5Etfw\">#2023eDo\u011fru<\/a> <a href=\"https:\/\/t.co\/kpCjOov9p5\">pic.twitter.com\/kpCjOov9p5<\/a><\/p>&mdash; Mevl\u00fct \u00c7avu\u015fo\u011flu (@MevlutCavusoglu) <a href=\"https:\/\/twitter.com\/MevlutCavusoglu\/status\/1556688149459468288?ref_src=twsrc%5Etfw\">August 8, 2022<\/a><\/blockquote><script async src=\"https:\/\/platform.twitter.com\/widgets.js\" charset=\"utf-8\"><\/script>\n<\/div><\/figure>\n","protected":false},"excerpt":{"rendered":"<p>\u201cDost da, d\u00fc\u015fm\u0259n d\u0259 bilsin ki, can Az\u0259rbaycan he\u00e7 vaxt t\u0259k deyil\u201d. Bunu T\u00fcrkiy\u0259nin xarici i\u015fl\u0259r naziri M\u00f6vlud \u00c7avu\u015fo\u011flu \u201cTwitter\u201d hesab\u0131nda yaz\u0131b. \u201c\u015eu\u015fa b\u0259yannam\u0259si<\/p>\n","protected":false},"author":2,"featured_media":78132,"comment_status":"closed","ping_status":"closed","sticky":false,"template":"","format":"standard","meta":{"footnotes":""},"categories":[1],"tags":[],"class_list":["post-78131","post","type-post","status-publish","format-standard","has-post-thumbnail","hentry","category-siyast"],"aioseo_notices":[],"_links":{"self":[{"href":"https:\/\/fedai.az\/index.php?rest_route=\/wp\/v2\/posts\/78131","targetHints":{"allow":["GET"]}}],"collection":[{"href":"https:\/\/fedai.az\/index.php?rest_route=\/wp\/v2\/posts"}],"about":[{"href":"https:\/\/fedai.az\/index.php?rest_route=\/wp\/v2\/types\/post"}],"author":[{"embeddable":true,"href":"https:\/\/fedai.az\/index.php?rest_route=\/wp\/v2\/users\/2"}],"replies":[{"embeddable":true,"href":"https:\/\/fedai.az\/index.php?rest_route=%2Fwp%2Fv2%2Fcomments&post=78131"}],"version-history":[{"count":1,"href":"https:\/\/fedai.az\/index.php?rest_route=\/wp\/v2\/posts\/78131\/revisions"}],"predecessor-version":[{"id":78133,"href":"https:\/\/fedai.az\/index.php?rest_route=\/wp\/v2\/posts\/78131\/revisions\/78133"}],"wp:featuredmedia":[{"embeddable":true,"href":"https:\/\/fedai.az\/index.php?rest_route=\/wp\/v2\/media\/78132"}],"wp:attachment":[{"href":"https:\/\/fedai.az\/index.php?rest_route=%2Fwp%2Fv2%2Fmedia&parent=78131"}],"wp:term":[{"taxonomy":"category","embeddable":true,"href":"https:\/\/fedai.az\/index.php?rest_route=%2Fwp%2Fv2%2Fcategories&post=78131"},{"taxonomy":"post_tag","embeddable":true,"href":"https:\/\/fedai.az\/index.php?rest_route=%2Fwp%2Fv2%2Ftags&post=78131"}],"curies":[{"name":"wp","href":"https:\/\/api.w.org\/{rel}","templated":true}]}}