{"id":78137,"date":"2022-08-09T01:32:26","date_gmt":"2022-08-08T21:32:26","guid":{"rendered":"https:\/\/fedai.az\/?p=78137"},"modified":"2022-08-09T01:32:29","modified_gmt":"2022-08-08T21:32:29","slug":"k%c9%99rki-v%c9%99-qazaxin-7-k%c9%99ndi-d%c9%99-geri-qaytarilacaq-sahnazaryan","status":"publish","type":"post","link":"https:\/\/fedai.az\/?p=78137","title":{"rendered":"K\u0259rki v\u0259 Qazax\u0131n 7 k\u0259ndi d\u0259 geri qaytar\u0131lacaq &#8212; \u015eahnazaryan"},"content":{"rendered":"\n<p><strong>Sosial \u015f\u0259b\u0259k\u0259d\u0259 La\u00e7\u0131n \u015f\u0259h\u0259ri, Zabux v\u0259 Sus k\u0259ndl\u0259rinin t\u0259hvil verilm\u0259sind\u0259n dan\u0131\u015f\u0131l\u0131r. Halbuki bu 10 noyabr kapitulyasiyas\u0131 il\u0259 \u00e7oxdan h\u0259ll edilib.<\/strong><\/p>\n\n\n\n<p>Bu fikirl\u0259ri Qrant-Melik \u015eahnazaryan deyib.<\/p>\n\n\n\n<p>O, La\u00e7\u0131n rayonunun 1 dekabr 2020-ci ild\u0259 geri qaytar\u0131ld\u0131\u011f\u0131n\u0131, La\u00e7\u0131n \u015f\u0259h\u0259ri v\u0259 d\u0259hliz \u00fcz\u0259rind\u0259ki k\u0259ndl\u0259rin d\u0259 el\u0259 o zaman geri veril\u0259c\u0259yinin b\u0259lli oldu\u011funu vur\u011fulay\u0131b. Qeyd edib ki, \u0259slind\u0259 K\u0259rki v\u0259 Qazax\u0131n 7 k\u0259ndi d\u0259 geri qaytar\u0131lacaq.<\/p>\n\n\n\n<p>Qrant-Melik \u015eahnazaryan buna haz\u0131rla\u015fmaq laz\u0131m g\u0259ldiyini, etiraz\u0131n is\u0259 \u0130r\u0259vana edilm\u0259li oldu\u011funu bildirib.<\/p>\n","protected":false},"excerpt":{"rendered":"<p>Sosial \u015f\u0259b\u0259k\u0259d\u0259 La\u00e7\u0131n \u015f\u0259h\u0259ri, Zabux v\u0259 Sus k\u0259ndl\u0259rinin t\u0259hvil verilm\u0259sind\u0259n dan\u0131\u015f\u0131l\u0131r. Halbuki bu 10 noyabr kapitulyasiyas\u0131 il\u0259 \u00e7oxdan h\u0259ll edilib. Bu fikirl\u0259ri Qrant-Melik \u015eahnazaryan<\/p>\n","protected":false},"author":2,"featured_media":78138,"comment_status":"closed","ping_status":"closed","sticky":false,"template":"","format":"standard","meta":{"footnotes":""},"categories":[4],"tags":[],"class_list":["post-78137","post","type-post","status-publish","format-standard","has-post-thumbnail","hentry","category-qarabag"],"aioseo_notices":[],"_links":{"self":[{"href":"https:\/\/fedai.az\/index.php?rest_route=\/wp\/v2\/posts\/78137","targetHints":{"allow":["GET"]}}],"collection":[{"href":"https:\/\/fedai.az\/index.php?rest_route=\/wp\/v2\/posts"}],"about":[{"href":"https:\/\/fedai.az\/index.php?rest_route=\/wp\/v2\/types\/post"}],"author":[{"embeddable":true,"href":"https:\/\/fedai.az\/index.php?rest_route=\/wp\/v2\/users\/2"}],"replies":[{"embeddable":true,"href":"https:\/\/fedai.az\/index.php?rest_route=%2Fwp%2Fv2%2Fcomments&post=78137"}],"version-history":[{"count":1,"href":"https:\/\/fedai.az\/index.php?rest_route=\/wp\/v2\/posts\/78137\/revisions"}],"predecessor-version":[{"id":78139,"href":"https:\/\/fedai.az\/index.php?rest_route=\/wp\/v2\/posts\/78137\/revisions\/78139"}],"wp:featuredmedia":[{"embeddable":true,"href":"https:\/\/fedai.az\/index.php?rest_route=\/wp\/v2\/media\/78138"}],"wp:attachment":[{"href":"https:\/\/fedai.az\/index.php?rest_route=%2Fwp%2Fv2%2Fmedia&parent=78137"}],"wp:term":[{"taxonomy":"category","embeddable":true,"href":"https:\/\/fedai.az\/index.php?rest_route=%2Fwp%2Fv2%2Fcategories&post=78137"},{"taxonomy":"post_tag","embeddable":true,"href":"https:\/\/fedai.az\/index.php?rest_route=%2Fwp%2Fv2%2Ftags&post=78137"}],"curies":[{"name":"wp","href":"https:\/\/api.w.org\/{rel}","templated":true}]}}