{"id":78160,"date":"2022-08-09T02:51:45","date_gmt":"2022-08-08T22:51:45","guid":{"rendered":"https:\/\/fedai.az\/?p=78160"},"modified":"2022-08-09T02:51:49","modified_gmt":"2022-08-08T22:51:49","slug":"avropa-ittifaqi-turkiy%c9%99y%c9%99-sanksiya-t%c9%99tbiq-ed%c9%99-bil%c9%99r","status":"publish","type":"post","link":"https:\/\/fedai.az\/?p=78160","title":{"rendered":"Avropa \u0130ttifaq\u0131 T\u00fcrkiy\u0259y\u0259 sanksiya t\u0259tbiq ed\u0259 bil\u0259r"},"content":{"rendered":"\n<p><strong>Avropa \u0130ttifaq\u0131nda T\u00fcrkiy\u0259y\u0259 qar\u015f\u0131 sanksiyalar\u0131n t\u0259tbiqinin m\u00fcmk\u00fcnl\u00fcy\u00fc m\u00fczakir\u0259 olunur v\u0259 buna s\u0259b\u0259b kimi r\u0259smi Ankaran\u0131n i\u015f\u011fal\u00e7\u0131 \u00f6lk\u0259 il\u0259 \u0259m\u0259kda\u015fl\u0131\u011f\u0131 g\u00f6st\u0259rilir.<\/strong><\/p>\n\n\n\n<p>Bu bar\u0259d\u0259 Britaniyan\u0131n &#171;Financial Times&#187; n\u0259\u015fri m\u0259nb\u0259y\u0259 \u0259saslanaraq m\u0259lumat yay\u0131b.<\/p>\n\n\n\n<p>N\u0259\u015frin yazd\u0131\u011f\u0131na g\u00f6r\u0259, Avropan\u0131n y\u00fcks\u0259k r\u00fctb\u0259li r\u0259smil\u0259ri iki \u00f6lk\u0259nin enerji, maliyy\u0259 v\u0259 ticar\u0259t sah\u0259l\u0259rind\u0259 mehriban m\u00fcnasib\u0259tind\u0259n narahatd\u0131rlar.<\/p>\n\n\n\n<p>T\u00fcrkiy\u0259y\u0259 qar\u015f\u0131 sanksiyalar\u0131n t\u0259tbiqi il\u0259 ba\u011fl\u0131 r\u0259smi dan\u0131\u015f\u0131qlar h\u0259l\u0259 apar\u0131lmay\u0131b, lakin n\u0259\u015frd\u0259ki m\u0259nb\u0259l\u0259r\u0259 g\u00f6r\u0259, onlar\u0131n avropal\u0131 r\u0259smil\u0259ri Ankaran\u0131 buna g\u00f6r\u0259 nec\u0259 \u201cc\u0259zaland\u0131racaqlar\u0131na\u201d art\u0131q q\u0259rar veribl\u0259r \u2013 Q\u0259rb \u015firk\u0259tl\u0259rin\u0259 v\u0259 banklar\u0131na t\u0259zyiq g\u00f6st\u0259rm\u0259k planla\u015fd\u0131r\u0131l\u0131r.&nbsp;<\/p>\n","protected":false},"excerpt":{"rendered":"<p>Avropa \u0130ttifaq\u0131nda T\u00fcrkiy\u0259y\u0259 qar\u015f\u0131 sanksiyalar\u0131n t\u0259tbiqinin m\u00fcmk\u00fcnl\u00fcy\u00fc m\u00fczakir\u0259 olunur v\u0259 buna s\u0259b\u0259b kimi r\u0259smi Ankaran\u0131n i\u015f\u011fal\u00e7\u0131 \u00f6lk\u0259 il\u0259 \u0259m\u0259kda\u015fl\u0131\u011f\u0131 g\u00f6st\u0259rilir. Bu bar\u0259d\u0259 Britaniyan\u0131n &#171;Financial<\/p>\n","protected":false},"author":2,"featured_media":78161,"comment_status":"closed","ping_status":"closed","sticky":false,"template":"","format":"standard","meta":{"footnotes":""},"categories":[13],"tags":[],"class_list":["post-78160","post","type-post","status-publish","format-standard","has-post-thumbnail","hentry","category-xarici"],"aioseo_notices":[],"_links":{"self":[{"href":"https:\/\/fedai.az\/index.php?rest_route=\/wp\/v2\/posts\/78160","targetHints":{"allow":["GET"]}}],"collection":[{"href":"https:\/\/fedai.az\/index.php?rest_route=\/wp\/v2\/posts"}],"about":[{"href":"https:\/\/fedai.az\/index.php?rest_route=\/wp\/v2\/types\/post"}],"author":[{"embeddable":true,"href":"https:\/\/fedai.az\/index.php?rest_route=\/wp\/v2\/users\/2"}],"replies":[{"embeddable":true,"href":"https:\/\/fedai.az\/index.php?rest_route=%2Fwp%2Fv2%2Fcomments&post=78160"}],"version-history":[{"count":1,"href":"https:\/\/fedai.az\/index.php?rest_route=\/wp\/v2\/posts\/78160\/revisions"}],"predecessor-version":[{"id":78162,"href":"https:\/\/fedai.az\/index.php?rest_route=\/wp\/v2\/posts\/78160\/revisions\/78162"}],"wp:featuredmedia":[{"embeddable":true,"href":"https:\/\/fedai.az\/index.php?rest_route=\/wp\/v2\/media\/78161"}],"wp:attachment":[{"href":"https:\/\/fedai.az\/index.php?rest_route=%2Fwp%2Fv2%2Fmedia&parent=78160"}],"wp:term":[{"taxonomy":"category","embeddable":true,"href":"https:\/\/fedai.az\/index.php?rest_route=%2Fwp%2Fv2%2Fcategories&post=78160"},{"taxonomy":"post_tag","embeddable":true,"href":"https:\/\/fedai.az\/index.php?rest_route=%2Fwp%2Fv2%2Ftags&post=78160"}],"curies":[{"name":"wp","href":"https:\/\/api.w.org\/{rel}","templated":true}]}}