{"id":78465,"date":"2022-08-14T01:06:17","date_gmt":"2022-08-13T21:06:17","guid":{"rendered":"https:\/\/fedai.az\/?p=78465"},"modified":"2022-08-14T01:06:21","modified_gmt":"2022-08-13T21:06:21","slug":"%c9%99razini-t%c9%99rk-ed%c9%99n-qanunsuz-h%c9%99rbi-birl%c9%99sm%c9%99-%c9%99raziy%c9%99-od-vurub","status":"publish","type":"post","link":"https:\/\/fedai.az\/?p=78465","title":{"rendered":"\u018frazini t\u0259rk ed\u0259n qanunsuz h\u0259rbi birl\u0259\u015fm\u0259 \u0259raziy\u0259 od vurub"},"content":{"rendered":"\n<p><strong>Erm\u0259nil\u0259r Qaraba\u011fda me\u015f\u0259y\u0259 od vurub: yay\u0131lan videoda yand\u0131r\u0131lan \u0259razinin Xocal\u0131n\u0131n k\u0259ndi oldu\u011fu deyilir.<\/strong><\/p>\n\n\n\n<p>Halbuki avqustun 25-n\u0259 q\u0259d\u0259r La\u00e7\u0131n\u0131n bo\u015fald\u0131laca\u011f\u0131 g\u00f6zl\u0259nilir v\u0259 oradak\u0131 erm\u0259nil\u0259r\u0259 evl\u0259ri, yaxud \u0259razini yand\u0131rmas\u0131na imkan verilmir. Me\u015f\u0259nin Xocal\u0131da yand\u0131r\u0131lmas\u0131 is\u0259 \u201cerm\u0259nil\u0259r Xocal\u0131n\u0131 da t\u0259rk edir\u201d sual\u0131n\u0131 yarad\u0131r.<\/p>\n\n\n\n<p>B\u00f6y\u00fck ehtimalla Xocal\u0131dan \u00e7\u0131xar\u0131lan erm\u0259ni ordusunun qal\u0131qlar\u0131d\u0131r. \u018fliyev d\u0259 son m\u00fcsahib\u0259sind\u0259 erm\u0259ni silahl\u0131 d\u0259st\u0259l\u0259rin \u00e7\u0131xar\u0131lma\u011fa ba\u015flanmas\u0131ndan dan\u0131\u015fd\u0131. G\u00f6r\u00fcn\u00fcr, \u0259razid\u0259n \u00e7\u0131xar\u0131lan erm\u0259ni silahl\u0131 d\u0259st\u0259l\u0259ri xisl\u0259tl\u0259rin\u0259 sadiq qalaraq, son d\u0259f\u0259 ziyan vurur.<\/p>\n\n\n\n<p>M\u0259nb\u0259: Axar.az<\/p>\n\n\n\n<figure class=\"wp-block-embed is-type-video is-provider-youtube wp-block-embed-youtube wp-embed-aspect-4-3 wp-has-aspect-ratio\"><div class=\"wp-block-embed__wrapper\">\n<iframe loading=\"lazy\" title=\"Erm\u0259nil\u0259r Xocal\u0131dan da \u00e7\u0131x\u0131r?\" width=\"715\" height=\"536\" src=\"https:\/\/www.youtube.com\/embed\/WuwpiecUYcA?feature=oembed\" frameborder=\"0\" allow=\"accelerometer; autoplay; clipboard-write; encrypted-media; gyroscope; picture-in-picture\" allowfullscreen><\/iframe>\n<\/div><\/figure>\n","protected":false},"excerpt":{"rendered":"<p>Erm\u0259nil\u0259r Qaraba\u011fda me\u015f\u0259y\u0259 od vurub: yay\u0131lan videoda yand\u0131r\u0131lan \u0259razinin Xocal\u0131n\u0131n k\u0259ndi oldu\u011fu deyilir. Halbuki avqustun 25-n\u0259 q\u0259d\u0259r La\u00e7\u0131n\u0131n bo\u015fald\u0131laca\u011f\u0131 g\u00f6zl\u0259nilir v\u0259 oradak\u0131 erm\u0259nil\u0259r\u0259 evl\u0259ri,<\/p>\n","protected":false},"author":2,"featured_media":78466,"comment_status":"closed","ping_status":"closed","sticky":false,"template":"","format":"standard","meta":{"footnotes":""},"categories":[4],"tags":[],"class_list":["post-78465","post","type-post","status-publish","format-standard","has-post-thumbnail","hentry","category-qarabag"],"aioseo_notices":[],"_links":{"self":[{"href":"https:\/\/fedai.az\/index.php?rest_route=\/wp\/v2\/posts\/78465","targetHints":{"allow":["GET"]}}],"collection":[{"href":"https:\/\/fedai.az\/index.php?rest_route=\/wp\/v2\/posts"}],"about":[{"href":"https:\/\/fedai.az\/index.php?rest_route=\/wp\/v2\/types\/post"}],"author":[{"embeddable":true,"href":"https:\/\/fedai.az\/index.php?rest_route=\/wp\/v2\/users\/2"}],"replies":[{"embeddable":true,"href":"https:\/\/fedai.az\/index.php?rest_route=%2Fwp%2Fv2%2Fcomments&post=78465"}],"version-history":[{"count":1,"href":"https:\/\/fedai.az\/index.php?rest_route=\/wp\/v2\/posts\/78465\/revisions"}],"predecessor-version":[{"id":78467,"href":"https:\/\/fedai.az\/index.php?rest_route=\/wp\/v2\/posts\/78465\/revisions\/78467"}],"wp:featuredmedia":[{"embeddable":true,"href":"https:\/\/fedai.az\/index.php?rest_route=\/wp\/v2\/media\/78466"}],"wp:attachment":[{"href":"https:\/\/fedai.az\/index.php?rest_route=%2Fwp%2Fv2%2Fmedia&parent=78465"}],"wp:term":[{"taxonomy":"category","embeddable":true,"href":"https:\/\/fedai.az\/index.php?rest_route=%2Fwp%2Fv2%2Fcategories&post=78465"},{"taxonomy":"post_tag","embeddable":true,"href":"https:\/\/fedai.az\/index.php?rest_route=%2Fwp%2Fv2%2Ftags&post=78465"}],"curies":[{"name":"wp","href":"https:\/\/api.w.org\/{rel}","templated":true}]}}