{"id":78471,"date":"2022-08-14T01:18:25","date_gmt":"2022-08-13T21:18:25","guid":{"rendered":"https:\/\/fedai.az\/?p=78471"},"modified":"2022-08-14T01:18:29","modified_gmt":"2022-08-13T21:18:29","slug":"uzd%c9%99niraq-arayikin-yeni-s%c9%99rs%c9%99mliyi-guclu-silahlanmaq-v%c9%99-qarabagin-must%c9%99qilliyind%c9%99n-donm%c9%99m%c9%99k-lazimdir","status":"publish","type":"post","link":"https:\/\/fedai.az\/?p=78471","title":{"rendered":"\u00dczd\u0259niraq Arayikin yeni s\u0259rs\u0259mliyi: &#171;G\u00fccl\u00fc silahlanmaq v\u0259 Qaraba\u011f\u0131n m\u00fcst\u0259qilliyind\u0259n d\u00f6nm\u0259m\u0259k laz\u0131md\u0131r&#187;"},"content":{"rendered":"\n<p><strong>Qaraba\u011fdak\u0131 erm\u0259ni quldur d\u0259st\u0259sinin ba\u015f\u00e7\u0131s\u0131 Arayik Arutyunyan yen\u0259 s\u0259rs\u0259m a\u00e7\u0131qlama verib.<\/strong><\/p>\n\n\n\n<p>Avqustun 13-d\u0259 Xocav\u0259nd rayonunun \u00c7artar k\u0259ndind\u0259 bir qrup separat\u00e7\u0131 il\u0259 g\u00f6r\u00fc\u015f\u0259n Arutyunyan onlara \u201c\u00fcr\u0259k-dir\u0259k\u201d verm\u0259y\u0259 \u00e7al\u0131\u015f\u0131b.<\/p>\n\n\n\n<p>\u201cVaxta\u015f\u0131r\u0131 t\u0259xribat xarakterli h\u0259r\u0259k\u0259tl\u0259r Qaraba\u011f\u0131 erm\u0259nil\u0259rd\u0259n azad etm\u0259y\u0259, h\u0259m \u00fc\u00e7t\u0259r\u0259fli b\u0259yanatla b\u0259rq\u0259rar olmu\u015f k\u00f6vr\u0259k s\u00fclh\u00fc, h\u0259m d\u0259 bu s\u00fclh\u00fc qorumaq funksiyas\u0131n\u0131 \u00f6z \u00fcz\u0259rin\u0259 g\u00f6t\u00fcrm\u00fc\u015f Rusiya s\u00fclhm\u0259raml\u0131 q\u00fcvv\u0259l\u0259rinin missiyas\u0131n\u0131 d\u0259y\u0259rd\u0259n salma\u011fa y\u00f6n\u0259lib.<\/p>\n\n\n\n<p>M\u00f6hk\u0259m t\u0259mkinl\u0259 silahlanmaq v\u0259 Qaraba\u011f\u0131n m\u00fcst\u0259qillik yolundan d\u00f6nm\u0259m\u0259k laz\u0131md\u0131r. Hakimiyy\u0259t sabit g\u0259l\u0259c\u0259y\u0259 z\u0259man\u0259t verir v\u0259 firavan h\u0259yat \u00fc\u00e7\u00fcn laz\u0131m olan \u015f\u0259raiti t\u0259min ed\u0259c\u0259k, m\u00f6vcud t\u0259hl\u00fck\u0259sizlik probleml\u0259rinin h\u0259llind\u0259 m\u00fcmk\u00fcn olan b\u00fct\u00fcn s\u0259yl\u0259ri davam etdir\u0259c\u0259k\u201d, \u2013 separat\u00e7\u0131 t\u00f6r-t\u00f6k\u00fcnt\u00fcl\u0259rinin lideri deyib.<\/p>\n\n\n\n<p><strong>Xuraman Etibarl\u0131,<\/strong><\/p>\n\n\n\n<p>M\u0259nb\u0259: KONKRET.az<\/p>\n","protected":false},"excerpt":{"rendered":"<p>Qaraba\u011fdak\u0131 erm\u0259ni quldur d\u0259st\u0259sinin ba\u015f\u00e7\u0131s\u0131 Arayik Arutyunyan yen\u0259 s\u0259rs\u0259m a\u00e7\u0131qlama verib. Avqustun 13-d\u0259 Xocav\u0259nd rayonunun \u00c7artar k\u0259ndind\u0259 bir qrup separat\u00e7\u0131 il\u0259 g\u00f6r\u00fc\u015f\u0259n Arutyunyan onlara<\/p>\n","protected":false},"author":2,"featured_media":78472,"comment_status":"closed","ping_status":"closed","sticky":false,"template":"","format":"standard","meta":{"footnotes":""},"categories":[4],"tags":[],"class_list":["post-78471","post","type-post","status-publish","format-standard","has-post-thumbnail","hentry","category-qarabag"],"aioseo_notices":[],"_links":{"self":[{"href":"https:\/\/fedai.az\/index.php?rest_route=\/wp\/v2\/posts\/78471","targetHints":{"allow":["GET"]}}],"collection":[{"href":"https:\/\/fedai.az\/index.php?rest_route=\/wp\/v2\/posts"}],"about":[{"href":"https:\/\/fedai.az\/index.php?rest_route=\/wp\/v2\/types\/post"}],"author":[{"embeddable":true,"href":"https:\/\/fedai.az\/index.php?rest_route=\/wp\/v2\/users\/2"}],"replies":[{"embeddable":true,"href":"https:\/\/fedai.az\/index.php?rest_route=%2Fwp%2Fv2%2Fcomments&post=78471"}],"version-history":[{"count":1,"href":"https:\/\/fedai.az\/index.php?rest_route=\/wp\/v2\/posts\/78471\/revisions"}],"predecessor-version":[{"id":78473,"href":"https:\/\/fedai.az\/index.php?rest_route=\/wp\/v2\/posts\/78471\/revisions\/78473"}],"wp:featuredmedia":[{"embeddable":true,"href":"https:\/\/fedai.az\/index.php?rest_route=\/wp\/v2\/media\/78472"}],"wp:attachment":[{"href":"https:\/\/fedai.az\/index.php?rest_route=%2Fwp%2Fv2%2Fmedia&parent=78471"}],"wp:term":[{"taxonomy":"category","embeddable":true,"href":"https:\/\/fedai.az\/index.php?rest_route=%2Fwp%2Fv2%2Fcategories&post=78471"},{"taxonomy":"post_tag","embeddable":true,"href":"https:\/\/fedai.az\/index.php?rest_route=%2Fwp%2Fv2%2Ftags&post=78471"}],"curies":[{"name":"wp","href":"https:\/\/api.w.org\/{rel}","templated":true}]}}