{"id":78596,"date":"2022-08-15T02:32:02","date_gmt":"2022-08-14T22:32:02","guid":{"rendered":"https:\/\/fedai.az\/?p=78596"},"modified":"2022-08-15T02:33:06","modified_gmt":"2022-08-14T22:33:06","slug":"avmvib-masalli-rayon-sob%c9%99si-t%c9%99ltif-edib","status":"publish","type":"post","link":"https:\/\/fedai.az\/?p=78596","title":{"rendered":"AVMV\u0130B Masall\u0131 rayon \u015f\u00f6b\u0259si t\u0259ltif edib"},"content":{"rendered":"\n<p><strong>Az\u0259rbaycan V\u0259t\u0259n M\u00fcharib\u0259si Veteranlar\u0131 \u0130ctimai Birliyi (AVMV\u0130B) Masall\u0131 rayon \u015f\u00f6b\u0259sinin f\u0259xri \u00fczv\u00fc olan Salayev V\u00fcsal Adna o\u011fluna AVMV\u0130B-nin t\u0259sis etdiyi Xatir\u0259 medal\u0131 v\u0259 \u00fczvl\u00fck v\u0259siq\u0259si t\u0259qdim olundu.<\/strong><\/p>\n\n\n\n<p><br>T\u0259dbird\u0259 \u015f\u0259hid atas\u0131 \u0130badov Cabir Xano\u011flan o\u011flu, V\u0259t\u0259n M\u00fcharib\u0259si Veteran\u0131 C\u0259f\u0259rov K\u0259nan \u018fmi\u015f o\u011flu, \u018fkb\u0259rov El\u00e7in S\u0259ft\u0259r o\u011flu, C\u0259f\u0259rov \u018fmi\u015f S\u0259ft\u0259r o\u011flu i\u015ftirak etdil\u0259r.<\/p>\n\n\n\n<figure class=\"wp-block-gallery columns-2 is-cropped wp-block-gallery-1 is-layout-flex wp-block-gallery-is-layout-flex\"><ul class=\"blocks-gallery-grid\"><li class=\"blocks-gallery-item\"><figure><img loading=\"lazy\" decoding=\"async\" width=\"768\" height=\"1024\" src=\"https:\/\/fedai.az\/wp-content\/uploads\/2022\/08\/298351965_465597891811234_2297437516764689410_n.jpg\" alt=\"\" data-id=\"78597\" data-link=\"https:\/\/fedai.az\/?attachment_id=78597\" class=\"wp-image-78597\" srcset=\"https:\/\/fedai.az\/wp-content\/uploads\/2022\/08\/298351965_465597891811234_2297437516764689410_n.jpg 768w, https:\/\/fedai.az\/wp-content\/uploads\/2022\/08\/298351965_465597891811234_2297437516764689410_n-225x300.jpg 225w, https:\/\/fedai.az\/wp-content\/uploads\/2022\/08\/298351965_465597891811234_2297437516764689410_n-113x150.jpg 113w\" sizes=\"auto, (max-width: 768px) 100vw, 768px\" \/><\/figure><\/li><li class=\"blocks-gallery-item\"><figure><img loading=\"lazy\" decoding=\"async\" width=\"768\" height=\"1024\" src=\"https:\/\/fedai.az\/wp-content\/uploads\/2022\/08\/297760668_439096888269757_3004996604935487693_n.jpg\" alt=\"\" data-id=\"78598\" data-link=\"https:\/\/fedai.az\/?attachment_id=78598\" class=\"wp-image-78598\" srcset=\"https:\/\/fedai.az\/wp-content\/uploads\/2022\/08\/297760668_439096888269757_3004996604935487693_n.jpg 768w, https:\/\/fedai.az\/wp-content\/uploads\/2022\/08\/297760668_439096888269757_3004996604935487693_n-225x300.jpg 225w, https:\/\/fedai.az\/wp-content\/uploads\/2022\/08\/297760668_439096888269757_3004996604935487693_n-113x150.jpg 113w\" sizes=\"auto, (max-width: 768px) 100vw, 768px\" \/><\/figure><\/li><\/ul><\/figure>\n\n\n\n<p>Az\u0259rbaycan V\u0259t\u0259n M\u00fcharib\u0259si Veteranlar\u0131 \u0130ctimai Birliyi (AVMV\u0130B) Masall\u0131 rayon \u015f\u00f6b\u0259si s\u0259drinin t\u0259\u015fkilati m\u0259s\u0259l\u0259l\u0259r \u00fczr\u0259 m\u00fcavini Samir \u018fkb\u0259rov V\u00fcsal Salayevi t\u0259brik ed\u0259r\u0259k, onun 44 g\u00fcnl\u00fck V\u0259t\u0259n m\u00fcharib\u0259sind\u0259 ordumuza g\u00f6st\u0259rdiyi yard\u0131mlar, \u015f\u0259hid ail\u0259l\u0259ri v\u0259 m\u00fcharib\u0259 veteranlar\u0131 il\u0259 ba\u011fl\u0131 g\u00f6rd\u00fcy\u00fc i\u015fl\u0259rd\u0259n s\u00f6z a\u00e7d\u0131.<\/p>\n\n\n\n<p><strong>T\u0259brik edirik!<\/strong><\/p>\n\n\n\n<p><strong>Enur S\u0259lim<\/strong><\/p>\n","protected":false},"excerpt":{"rendered":"<p>Az\u0259rbaycan V\u0259t\u0259n M\u00fcharib\u0259si Veteranlar\u0131 \u0130ctimai Birliyi (AVMV\u0130B) Masall\u0131 rayon \u015f\u00f6b\u0259sinin f\u0259xri \u00fczv\u00fc olan Salayev V\u00fcsal Adna o\u011fluna AVMV\u0130B-nin t\u0259sis etdiyi Xatir\u0259 medal\u0131 v\u0259 \u00fczvl\u00fck<\/p>\n","protected":false},"author":2,"featured_media":78600,"comment_status":"closed","ping_status":"closed","sticky":false,"template":"","format":"standard","meta":{"footnotes":""},"categories":[5],"tags":[],"class_list":["post-78596","post","type-post","status-publish","format-standard","has-post-thumbnail","hentry","category-veteran"],"aioseo_notices":[],"_links":{"self":[{"href":"https:\/\/fedai.az\/index.php?rest_route=\/wp\/v2\/posts\/78596","targetHints":{"allow":["GET"]}}],"collection":[{"href":"https:\/\/fedai.az\/index.php?rest_route=\/wp\/v2\/posts"}],"about":[{"href":"https:\/\/fedai.az\/index.php?rest_route=\/wp\/v2\/types\/post"}],"author":[{"embeddable":true,"href":"https:\/\/fedai.az\/index.php?rest_route=\/wp\/v2\/users\/2"}],"replies":[{"embeddable":true,"href":"https:\/\/fedai.az\/index.php?rest_route=%2Fwp%2Fv2%2Fcomments&post=78596"}],"version-history":[{"count":2,"href":"https:\/\/fedai.az\/index.php?rest_route=\/wp\/v2\/posts\/78596\/revisions"}],"predecessor-version":[{"id":78602,"href":"https:\/\/fedai.az\/index.php?rest_route=\/wp\/v2\/posts\/78596\/revisions\/78602"}],"wp:featuredmedia":[{"embeddable":true,"href":"https:\/\/fedai.az\/index.php?rest_route=\/wp\/v2\/media\/78600"}],"wp:attachment":[{"href":"https:\/\/fedai.az\/index.php?rest_route=%2Fwp%2Fv2%2Fmedia&parent=78596"}],"wp:term":[{"taxonomy":"category","embeddable":true,"href":"https:\/\/fedai.az\/index.php?rest_route=%2Fwp%2Fv2%2Fcategories&post=78596"},{"taxonomy":"post_tag","embeddable":true,"href":"https:\/\/fedai.az\/index.php?rest_route=%2Fwp%2Fv2%2Ftags&post=78596"}],"curies":[{"name":"wp","href":"https:\/\/api.w.org\/{rel}","templated":true}]}}