{"id":78603,"date":"2022-08-15T02:40:41","date_gmt":"2022-08-14T22:40:41","guid":{"rendered":"https:\/\/fedai.az\/?p=78603"},"modified":"2022-08-15T02:40:45","modified_gmt":"2022-08-14T22:40:45","slug":"putinl%c9%99-%c9%99rdoganin-%c9%99m%c9%99kdasligi-nato-da-ciddi-qiciq-yaradir-the-new-york-times","status":"publish","type":"post","link":"https:\/\/fedai.az\/?p=78603","title":{"rendered":"Putinl\u0259 \u018frdo\u011fan\u0131n \u0259m\u0259kda\u015fl\u0131\u011f\u0131 NATO-da ciddi q\u0131c\u0131q yarad\u0131r &#8212; \u201cThe New York Times\u201d"},"content":{"rendered":"\n<p><strong>Rusiya v\u0259 T\u00fcrkiy\u0259 liderl\u0259ri Vladimir Putin v\u0259 R\u0259c\u0259b Tayyib \u018frdo\u011fan\u0131n \u0259m\u0259kda\u015fl\u0131\u011f\u0131 NATO-da b\u00f6y\u00fck q\u0131c\u0131q yarad\u0131r.<\/strong><\/p>\n\n\n\n<p>Bu fikri Stiven Erlanger \u201cThe New York Times\u201d \u00fc\u00e7\u00fcn yazd\u0131\u011f\u0131 m\u0259qal\u0259d\u0259 qeyd edib.<\/p>\n\n\n\n<p>M\u0259tnd\u0259 deyilir ki, bu \u0259laq\u0259l\u0259r Q\u0259rbin b\u00fct\u00fcn g\u00fcc\u00fc il\u0259 qurma\u011fa \u00e7al\u0131\u015fd\u0131\u011f\u0131 sanksiya b\u0259ndind\u0259 \u0259h\u0259miyy\u0259tli bir bo\u015fluq yarad\u0131r.<\/p>\n\n\n\n<p>Erlanger \u0259lav\u0259 edib ki, Ankara Moskvaya qar\u015f\u0131 sanksiyalara qo\u015fulmay\u0131b, Rusiya banklar\u0131 il\u0259 i\u015fl\u0259m\u0259k imkanlar\u0131n\u0131 axtar\u0131r, h\u0259m\u00e7inin Rusiyan\u0131n kredit kartlar\u0131 il\u0259 \u00f6d\u0259ni\u015fl\u0259ri q\u0259bul edir.<\/p>\n\n\n\n<p>Bir m\u00fcdd\u0259t \u0259vv\u0259l AB\u015e-\u0131n NATO-dak\u0131 ke\u00e7mi\u015f n\u00fcmay\u0259nd\u0259si \u0130vo Daalder demi\u015fdi ki, Putinin \u015eimali Atlantika Alyans\u0131na daxil olan \u00f6lk\u0259l\u0259rin r\u0259smil\u0259ri il\u0259 dostluq m\u00fcnasib\u0259tl\u0259ri var. X\u00fcsusi\u0259 \u018frdo\u011fan\u0131n, Macar\u0131stan\u0131n ba\u015f naziri Viktor Orban\u0131n, h\u0259m\u00e7inin \u0130taliyan\u0131n ke\u00e7mi\u015f ba\u015f naziri Silvio Berluskoninin ad\u0131 \u00e7\u0259kilir. <\/p>\n\n\n\n<p>M\u0259nb\u0259: Bizim.media<\/p>\n","protected":false},"excerpt":{"rendered":"<p>Rusiya v\u0259 T\u00fcrkiy\u0259 liderl\u0259ri Vladimir Putin v\u0259 R\u0259c\u0259b Tayyib \u018frdo\u011fan\u0131n \u0259m\u0259kda\u015fl\u0131\u011f\u0131 NATO-da b\u00f6y\u00fck q\u0131c\u0131q yarad\u0131r. Bu fikri Stiven Erlanger \u201cThe New York Times\u201d \u00fc\u00e7\u00fcn<\/p>\n","protected":false},"author":2,"featured_media":78090,"comment_status":"closed","ping_status":"closed","sticky":false,"template":"","format":"standard","meta":{"footnotes":""},"categories":[1],"tags":[],"class_list":["post-78603","post","type-post","status-publish","format-standard","has-post-thumbnail","hentry","category-siyast"],"aioseo_notices":[],"_links":{"self":[{"href":"https:\/\/fedai.az\/index.php?rest_route=\/wp\/v2\/posts\/78603","targetHints":{"allow":["GET"]}}],"collection":[{"href":"https:\/\/fedai.az\/index.php?rest_route=\/wp\/v2\/posts"}],"about":[{"href":"https:\/\/fedai.az\/index.php?rest_route=\/wp\/v2\/types\/post"}],"author":[{"embeddable":true,"href":"https:\/\/fedai.az\/index.php?rest_route=\/wp\/v2\/users\/2"}],"replies":[{"embeddable":true,"href":"https:\/\/fedai.az\/index.php?rest_route=%2Fwp%2Fv2%2Fcomments&post=78603"}],"version-history":[{"count":1,"href":"https:\/\/fedai.az\/index.php?rest_route=\/wp\/v2\/posts\/78603\/revisions"}],"predecessor-version":[{"id":78604,"href":"https:\/\/fedai.az\/index.php?rest_route=\/wp\/v2\/posts\/78603\/revisions\/78604"}],"wp:featuredmedia":[{"embeddable":true,"href":"https:\/\/fedai.az\/index.php?rest_route=\/wp\/v2\/media\/78090"}],"wp:attachment":[{"href":"https:\/\/fedai.az\/index.php?rest_route=%2Fwp%2Fv2%2Fmedia&parent=78603"}],"wp:term":[{"taxonomy":"category","embeddable":true,"href":"https:\/\/fedai.az\/index.php?rest_route=%2Fwp%2Fv2%2Fcategories&post=78603"},{"taxonomy":"post_tag","embeddable":true,"href":"https:\/\/fedai.az\/index.php?rest_route=%2Fwp%2Fv2%2Ftags&post=78603"}],"curies":[{"name":"wp","href":"https:\/\/api.w.org\/{rel}","templated":true}]}}