{"id":78631,"date":"2022-08-16T00:04:33","date_gmt":"2022-08-15T20:04:33","guid":{"rendered":"https:\/\/fedai.az\/?p=78631"},"modified":"2022-08-16T00:04:36","modified_gmt":"2022-08-15T20:04:36","slug":"pensiyalar-avqustun-16-da-tam-od%c9%99nil%c9%99r%c9%99k-yekunlasdirilacaq","status":"publish","type":"post","link":"https:\/\/fedai.az\/?p=78631","title":{"rendered":"Pensiyalar avqustun 16-da tam \u00f6d\u0259nil\u0259r\u0259k yekunla\u015fd\u0131r\u0131lacaq"},"content":{"rendered":"\n<p>Respublika \u00fczr\u0259 pensiyalar\u0131n avqustun 16-da tam \u00f6d\u0259nil\u0259r\u0259k yekunla\u015fd\u0131r\u0131lmas\u0131 n\u0259z\u0259rd\u0259 tutulub.<\/p>\n\n\n\n<p>Bu bar\u0259d\u0259 D\u00f6vl\u0259t Sosial M\u00fcdafi\u0259 Fondundan x\u0259b\u0259r verilib.<\/p>\n\n\n\n<p>Bildirilib ki, h\u0259min g\u00fcn g\u00fcz\u0259\u015ftli \u015f\u0259rtl\u0259rl\u0259 pensiya h\u00fcququna malik \u015f\u0259xsl\u0259rin d\u0259 pensiyalar\u0131 \u00f6d\u0259nil\u0259c\u0259k. <\/p>\n\n\n\n<p>Art\u0131q \u00f6d\u0259ni\u015fl\u0259r\u0259 h\u0259yata ke\u00e7irilib.<\/p>\n","protected":false},"excerpt":{"rendered":"<p>Respublika \u00fczr\u0259 pensiyalar\u0131n avqustun 16-da tam \u00f6d\u0259nil\u0259r\u0259k yekunla\u015fd\u0131r\u0131lmas\u0131 n\u0259z\u0259rd\u0259 tutulub. Bu bar\u0259d\u0259 D\u00f6vl\u0259t Sosial M\u00fcdafi\u0259 Fondundan x\u0259b\u0259r verilib. Bildirilib ki, h\u0259min g\u00fcn g\u00fcz\u0259\u015ftli \u015f\u0259rtl\u0259rl\u0259<\/p>\n","protected":false},"author":2,"featured_media":71130,"comment_status":"closed","ping_status":"closed","sticky":false,"template":"","format":"standard","meta":{"footnotes":""},"categories":[12],"tags":[],"class_list":["post-78631","post","type-post","status-publish","format-standard","has-post-thumbnail","hentry","category-sosial"],"aioseo_notices":[],"_links":{"self":[{"href":"https:\/\/fedai.az\/index.php?rest_route=\/wp\/v2\/posts\/78631","targetHints":{"allow":["GET"]}}],"collection":[{"href":"https:\/\/fedai.az\/index.php?rest_route=\/wp\/v2\/posts"}],"about":[{"href":"https:\/\/fedai.az\/index.php?rest_route=\/wp\/v2\/types\/post"}],"author":[{"embeddable":true,"href":"https:\/\/fedai.az\/index.php?rest_route=\/wp\/v2\/users\/2"}],"replies":[{"embeddable":true,"href":"https:\/\/fedai.az\/index.php?rest_route=%2Fwp%2Fv2%2Fcomments&post=78631"}],"version-history":[{"count":1,"href":"https:\/\/fedai.az\/index.php?rest_route=\/wp\/v2\/posts\/78631\/revisions"}],"predecessor-version":[{"id":78632,"href":"https:\/\/fedai.az\/index.php?rest_route=\/wp\/v2\/posts\/78631\/revisions\/78632"}],"wp:featuredmedia":[{"embeddable":true,"href":"https:\/\/fedai.az\/index.php?rest_route=\/wp\/v2\/media\/71130"}],"wp:attachment":[{"href":"https:\/\/fedai.az\/index.php?rest_route=%2Fwp%2Fv2%2Fmedia&parent=78631"}],"wp:term":[{"taxonomy":"category","embeddable":true,"href":"https:\/\/fedai.az\/index.php?rest_route=%2Fwp%2Fv2%2Fcategories&post=78631"},{"taxonomy":"post_tag","embeddable":true,"href":"https:\/\/fedai.az\/index.php?rest_route=%2Fwp%2Fv2%2Ftags&post=78631"}],"curies":[{"name":"wp","href":"https:\/\/api.w.org\/{rel}","templated":true}]}}