{"id":78633,"date":"2022-08-16T00:09:54","date_gmt":"2022-08-15T20:09:54","guid":{"rendered":"https:\/\/fedai.az\/?p=78633"},"modified":"2022-08-16T00:09:56","modified_gmt":"2022-08-15T20:09:56","slug":"caliber-basqaldan-erm%c9%99nistana-v%c9%99-butun-dunyaya-mesajlar","status":"publish","type":"post","link":"https:\/\/fedai.az\/?p=78633","title":{"rendered":"\u201cCaliber\u201d: Basqaldan Erm\u0259nistana v\u0259 b\u00fct\u00fcn d\u00fcnyaya mesajlar"},"content":{"rendered":"\n<p><strong>Avqustun 12-d\u0259 Az\u0259rbaycan Prezidenti&nbsp;\u0130lham \u018fliyev&nbsp;\u0130smay\u0131ll\u0131 rayonunun Basqal k\u0259ndind\u0259 olub v\u0259 burada Az\u0259rbaycan Televiziyas\u0131na m\u00fcsahib\u0259 verib.&nbsp;Az\u0259rbaycan d\u00f6vl\u0259tinin ba\u015f\u00e7\u0131s\u0131n\u0131n \u0259slind\u0259 haz\u0131rk\u0131 v\u0259ziyy\u0259t bar\u0259d\u0259 deyil, g\u0259l\u0259c\u0259k haqq\u0131nda dan\u0131\u015fmas\u0131 diqq\u0259t \u00e7\u0259kib.<\/strong><\/p>\n\n\n\n<p>\u0130lham \u018fliyev Az\u0259rbaycan\u0131n v\u0259 onun C\u0259nubi Qafqazdak\u0131 qon\u015fular\u0131n\u0131n nec\u0259 ya\u015fayaca\u011f\u0131ndan, regionda s\u00fclh\u00fcn m\u00f6hk\u0259m v\u0259 sabit olmas\u0131 \u00fc\u00e7\u00fcn n\u0259 etm\u0259k laz\u0131m oldu\u011fundan dan\u0131\u015f\u0131b.<\/p>\n\n\n\n<p>Daha \u0259trafl\u0131 \u201cCaliber\u201din \u201cYouTube\u201d kanal\u0131nda yay\u0131mlanan yeni s\u00fcjetind\u0259:<\/p>\n\n\n\n<figure class=\"wp-block-embed is-type-video is-provider-youtube wp-block-embed-youtube wp-embed-aspect-16-9 wp-has-aspect-ratio\"><div class=\"wp-block-embed__wrapper\">\n<iframe loading=\"lazy\" title=\"\u041c\u0435\u0441\u0441\u0435\u0434\u0436\u0438 \u0410\u0440\u043c\u0435\u043d\u0438\u0438 \u0438 \u0432\u0441\u0435\u043c\u0443 \u043c\u0438\u0440\u0443 \u0438\u0437 \u0411\u0430\u0441\u0433\u0430\u043b\u0430\" width=\"715\" height=\"402\" src=\"https:\/\/www.youtube.com\/embed\/LHZPWazyZ-g?feature=oembed\" frameborder=\"0\" allow=\"accelerometer; autoplay; clipboard-write; encrypted-media; gyroscope; picture-in-picture\" allowfullscreen><\/iframe>\n<\/div><\/figure>\n","protected":false},"excerpt":{"rendered":"<p>Avqustun 12-d\u0259 Az\u0259rbaycan Prezidenti&nbsp;\u0130lham \u018fliyev&nbsp;\u0130smay\u0131ll\u0131 rayonunun Basqal k\u0259ndind\u0259 olub v\u0259 burada Az\u0259rbaycan Televiziyas\u0131na m\u00fcsahib\u0259 verib.&nbsp;Az\u0259rbaycan d\u00f6vl\u0259tinin ba\u015f\u00e7\u0131s\u0131n\u0131n \u0259slind\u0259 haz\u0131rk\u0131 v\u0259ziyy\u0259t bar\u0259d\u0259 deyil, g\u0259l\u0259c\u0259k haqq\u0131nda<\/p>\n","protected":false},"author":2,"featured_media":78438,"comment_status":"closed","ping_status":"closed","sticky":false,"template":"","format":"standard","meta":{"footnotes":""},"categories":[3],"tags":[],"class_list":["post-78633","post","type-post","status-publish","format-standard","has-post-thumbnail","hentry","category-gundm"],"aioseo_notices":[],"_links":{"self":[{"href":"https:\/\/fedai.az\/index.php?rest_route=\/wp\/v2\/posts\/78633","targetHints":{"allow":["GET"]}}],"collection":[{"href":"https:\/\/fedai.az\/index.php?rest_route=\/wp\/v2\/posts"}],"about":[{"href":"https:\/\/fedai.az\/index.php?rest_route=\/wp\/v2\/types\/post"}],"author":[{"embeddable":true,"href":"https:\/\/fedai.az\/index.php?rest_route=\/wp\/v2\/users\/2"}],"replies":[{"embeddable":true,"href":"https:\/\/fedai.az\/index.php?rest_route=%2Fwp%2Fv2%2Fcomments&post=78633"}],"version-history":[{"count":1,"href":"https:\/\/fedai.az\/index.php?rest_route=\/wp\/v2\/posts\/78633\/revisions"}],"predecessor-version":[{"id":78634,"href":"https:\/\/fedai.az\/index.php?rest_route=\/wp\/v2\/posts\/78633\/revisions\/78634"}],"wp:featuredmedia":[{"embeddable":true,"href":"https:\/\/fedai.az\/index.php?rest_route=\/wp\/v2\/media\/78438"}],"wp:attachment":[{"href":"https:\/\/fedai.az\/index.php?rest_route=%2Fwp%2Fv2%2Fmedia&parent=78633"}],"wp:term":[{"taxonomy":"category","embeddable":true,"href":"https:\/\/fedai.az\/index.php?rest_route=%2Fwp%2Fv2%2Fcategories&post=78633"},{"taxonomy":"post_tag","embeddable":true,"href":"https:\/\/fedai.az\/index.php?rest_route=%2Fwp%2Fv2%2Ftags&post=78633"}],"curies":[{"name":"wp","href":"https:\/\/api.w.org\/{rel}","templated":true}]}}