{"id":78635,"date":"2022-08-16T00:12:32","date_gmt":"2022-08-15T20:12:32","guid":{"rendered":"https:\/\/fedai.az\/?p=78635"},"modified":"2022-08-16T00:13:02","modified_gmt":"2022-08-15T20:13:02","slug":"indi-qarsinizda-borc-dil%c9%99n%c9%99n-yox-dunyaya-numun%c9%99-olan-turkiy%c9%99-var-%c9%99rdogan","status":"publish","type":"post","link":"https:\/\/fedai.az\/?p=78635","title":{"rendered":"\u201c\u0130ndi qar\u015f\u0131n\u0131zda borc dil\u0259n\u0259n yox, D\u00dcNYAYA N\u00dcMUN\u018f olan T\u00dcRK\u0130Y\u018f var\u201d &#8212; \u018frdo\u011fan"},"content":{"rendered":"\n<p><strong>\u201cBu g\u00fcn T\u00fcrkiy\u0259 \u0259m\u0259liyyat ke\u00e7ir\u0259nd\u0259 he\u00e7 kimd\u0259n icaz\u0259 alm\u0131r\u201d.<\/strong><\/p>\n\n\n\n<p>Bunu T\u00fcrkiy\u0259 Prezidenti R\u0259c\u0259b Tayyib \u018frdo\u011fan deyib.<\/p>\n\n\n\n<p>\u201cBug\u00fcnk\u00fc T\u00fcrkiy\u0259 21 il \u0259vv\u0259ll\u0259 m\u00fcqayis\u0259d\u0259 b\u0259rab\u0259r imkanlara malik olan daha azad \u00f6lk\u0259dir. Bu g\u00fcn Beyn\u0259lxalq Valyuta Fondunun qap\u0131s\u0131nda borc dil\u0259n\u0259n yox, inki\u015faf v\u0259 humanitar yard\u0131mlar bax\u0131m\u0131ndan d\u00fcnyaya n\u00fcmun\u0259 olan T\u00fcrkiy\u0259 var. He\u00e7 kimd\u0259n icaz\u0259 almadan \u0259m\u0259liyyat ke\u00e7ir\u0259n, ordusu g\u00fccl\u00fc olan T\u00fcrkiy\u0259 var. Bunlar ill\u0259rdir s\u0131x\u0131\u015fd\u0131r\u0131lan \u00f6lk\u0259mizin potensial\u0131n\u0131n \u0259n b\u00f6y\u00fck g\u00f6st\u0259ricil\u0259ridir. Son 21 ild\u0259 \u00f6lk\u0259miz\u0259 qazand\u0131rd\u0131qlar\u0131m\u0131za baxanda R\u0259bbimiz\u0259 h\u0259md edirik\u201d, &#8212; T\u00fcrkiy\u0259 lideri bildirib.<\/p>\n\n\n\n<p>M\u0259nb\u0259: Publika.az<\/p>\n","protected":false},"excerpt":{"rendered":"<p>\u201cBu g\u00fcn T\u00fcrkiy\u0259 \u0259m\u0259liyyat ke\u00e7ir\u0259nd\u0259 he\u00e7 kimd\u0259n icaz\u0259 alm\u0131r\u201d. Bunu T\u00fcrkiy\u0259 Prezidenti R\u0259c\u0259b Tayyib \u018frdo\u011fan deyib. \u201cBug\u00fcnk\u00fc T\u00fcrkiy\u0259 21 il \u0259vv\u0259ll\u0259 m\u00fcqayis\u0259d\u0259 b\u0259rab\u0259r imkanlara<\/p>\n","protected":false},"author":2,"featured_media":78306,"comment_status":"closed","ping_status":"closed","sticky":false,"template":"","format":"standard","meta":{"footnotes":""},"categories":[1],"tags":[],"class_list":["post-78635","post","type-post","status-publish","format-standard","has-post-thumbnail","hentry","category-siyast"],"aioseo_notices":[],"_links":{"self":[{"href":"https:\/\/fedai.az\/index.php?rest_route=\/wp\/v2\/posts\/78635","targetHints":{"allow":["GET"]}}],"collection":[{"href":"https:\/\/fedai.az\/index.php?rest_route=\/wp\/v2\/posts"}],"about":[{"href":"https:\/\/fedai.az\/index.php?rest_route=\/wp\/v2\/types\/post"}],"author":[{"embeddable":true,"href":"https:\/\/fedai.az\/index.php?rest_route=\/wp\/v2\/users\/2"}],"replies":[{"embeddable":true,"href":"https:\/\/fedai.az\/index.php?rest_route=%2Fwp%2Fv2%2Fcomments&post=78635"}],"version-history":[{"count":2,"href":"https:\/\/fedai.az\/index.php?rest_route=\/wp\/v2\/posts\/78635\/revisions"}],"predecessor-version":[{"id":78637,"href":"https:\/\/fedai.az\/index.php?rest_route=\/wp\/v2\/posts\/78635\/revisions\/78637"}],"wp:featuredmedia":[{"embeddable":true,"href":"https:\/\/fedai.az\/index.php?rest_route=\/wp\/v2\/media\/78306"}],"wp:attachment":[{"href":"https:\/\/fedai.az\/index.php?rest_route=%2Fwp%2Fv2%2Fmedia&parent=78635"}],"wp:term":[{"taxonomy":"category","embeddable":true,"href":"https:\/\/fedai.az\/index.php?rest_route=%2Fwp%2Fv2%2Fcategories&post=78635"},{"taxonomy":"post_tag","embeddable":true,"href":"https:\/\/fedai.az\/index.php?rest_route=%2Fwp%2Fv2%2Ftags&post=78635"}],"curies":[{"name":"wp","href":"https:\/\/api.w.org\/{rel}","templated":true}]}}