{"id":78638,"date":"2022-08-16T00:16:57","date_gmt":"2022-08-15T20:16:57","guid":{"rendered":"https:\/\/fedai.az\/?p=78638"},"modified":"2022-08-16T00:17:01","modified_gmt":"2022-08-15T20:17:01","slug":"zabuxda-bas-ver%c9%99nl%c9%99rl%c9%99-bagli-icra-numay%c9%99nd%c9%99sind%c9%99n-aciqlama","status":"publish","type":"post","link":"https:\/\/fedai.az\/?p=78638","title":{"rendered":"Zabuxda ba\u015f ver\u0259nl\u0259rl\u0259 ba\u011fl\u0131 icra n\u00fcmay\u0259nd\u0259sind\u0259n a\u00e7\u0131qlama"},"content":{"rendered":"\n<p><strong>La\u00e7\u0131n Rayon \u0130cra Hakimiyy\u0259ti ba\u015f\u00e7\u0131s\u0131n\u0131n Zabux inzibati \u0259razisi \u00fczr\u0259 n\u00fcmay\u0259nd\u0259si Elsev\u0259r \u018fliyev olduqca maraql\u0131 a\u00e7\u0131qlamalar verib.<\/strong><\/p>\n\n\n\n<p>O bildirib ki, Zabux inzibati \u0259razi vahidi 4 k\u0259ndi \u0259hat\u0259 edir. Bunlar Zabux, Sus, Q\u0131z\u0131lca v\u0259 B\u0259ylik k\u0259ndl\u0259ridir. Bu k\u0259ndl\u0259rin he\u00e7 birind\u0259 erm\u0259ni \u0259hali ya\u015famay\u0131b. Erm\u0259nil\u0259r o k\u0259ndl\u0259r 1992-ci ild\u0259 i\u015f\u011fal olunduqdan sonrak\u0131 ill\u0259rd\u0259 qanunsuz olaraq m\u0259skunla\u015fd\u0131r\u0131l\u0131b:<\/p>\n\n\n\n<p>\u201cH\u0259min k\u0259ndl\u0259rin \u0259razisind\u0259 7-8-ci \u0259sr\u0259 aid az\u0259rbaycanl\u0131lara m\u0259xsus abid\u0259l\u0259r var idi. Abid\u0259l\u0259rin ham\u0131s\u0131n\u0131 erm\u0259nil\u0259r da\u011f\u0131d\u0131b m\u0259hv edibl\u0259r. Erm\u0259nil\u0259r Zabuxda v\u0259 dig\u0259r k\u0259ndl\u0259rd\u0259ki az\u0259rbaycanl\u0131lara m\u0259xsus evl\u0259ri s\u00f6k\u00fcbl\u0259r, yand\u0131r\u0131blar. Zabuxda indi qoyub k\u00f6\u00e7d\u00fckl\u0259ri evl\u0259rin \u0259ks\u0259riyy\u0259tini az\u0259rbaycanll\u0131lar\u0131n &#8212; bizim ata-babalar\u0131m\u0131z\u0131n q\u0259birl\u0259ri olan q\u0259biristanl\u0131\u011f\u0131n \u00fcz\u0259rind\u0259 in\u015fa edibl\u0259r. Q\u0259birl\u0259ri traktorla k\u00fcr\u00fcy\u00fcb, da\u011f\u0131d\u0131b q\u0259biristanl\u0131qda \u00f6zl\u0259rin\u0259 evl\u0259r tikibl\u0259r. \u0130ndi oradan k\u00f6\u00e7\u00fcrl\u0259r. H\u0259l\u0259 ki, h\u0259mi evl\u0259ri yand\u0131rd\u0131rd\u0131qlar\u0131 bar\u0259d\u0259 m\u0259lumatlar olmasa da, k\u00f6\u00e7\u0259rk\u0259n qap\u0131-p\u0259nc\u0259r\u0259l\u0259ri s\u00f6k\u00fcb apard\u0131qlar\u0131 haqda informasiyalar var. C\u0259h\u0259nn\u0259m\u0259 s\u00f6ks\u00fcnl\u0259r! Biz\u0259 onlar\u0131n bizim ata-babalar\u0131m\u0131z\u0131n q\u0259birl\u0259ri \u00fcz\u0259rind\u0259 tikdikl\u0259ri evl\u0259r laz\u0131m deyil. Biz\u0259 torpa\u011f\u0131m\u0131z laz\u0131md\u0131r. Bizim camaat do\u011fma k\u0259ndl\u0259rimiz\u0259 qay\u0131tmaq ist\u0259yir v\u0259 qay\u0131dacaq. Ancaq bizim camaat q\u0259biristanl\u0131\u011f\u0131m\u0131z\u0131n \u00fcst\u00fcnd\u0259 erm\u0259nil\u0259rin tikdikl\u0259ri evl\u0259rd\u0259 ya\u015famaq ist\u0259mirl\u0259r. \u0130nsanlar ata-babalar\u0131n\u0131n q\u0259birl\u0259ri olmu\u015f yerin \u00fcz\u0259rind\u0259 nec\u0259 ya\u015faya bil\u0259rl\u0259r?! M\u0259s\u0259l\u0259nin bax bu c\u00fcr \u00e7ox ciddi m\u0259n\u0259vi-psixoloji t\u0259r\u0259fi var. Q\u0259biristanl\u0131q olmu\u015f \u0259razid\u0259n k\u0259narda tikilmi\u015f evl\u0259rd\u0259 is\u0259 ya\u015famaq olar. M\u0259nc\u0259, q\u0259biristanl\u0131qda tikilmi\u015f evl\u0259r s\u00f6k\u00fcl\u0259c\u0259k. \u015e\u00fcbh\u0259siz ki, k\u0259ndl\u0259r biz\u0259 t\u0259hvil verildikd\u0259n sonra m\u00fcvafiq qurumlar \u0259razid\u0259, evl\u0259rd\u0259 mina olub-olmad\u0131\u011f\u0131n\u0131 da ara\u015fd\u0131racaqlar\u201d.<\/p>\n\n\n\n<p>\u0130cra n\u00fcmay\u0259nd\u0259si onu da qeyd edib ki, ke\u00e7\u0259n ay\u0131n statistikas\u0131na g\u00f6r\u0259, 4 k\u0259ndd\u0259n ibar\u0259t Zabux k\u0259nd n\u00fcmay\u0259nd\u0259l\u0259yi 489 ail\u0259d\u0259n, 1652 n\u0259f\u0259rd\u0259n ibar\u0259tdir:<br>\u201cBu \u0259hali 1992-ci ild\u0259ki erm\u0259ni i\u015f\u011fal\u0131ndan sonra 33 rayonda m\u0259skunla\u015f\u0131b. Daha \u00e7ox m\u0259skunla\u015fma Ab\u015feron, A\u011fcab\u0259di, B\u0259rd\u0259 rayonlar\u0131ndad\u0131r\u201d.<\/p>\n\n\n\n<p>\u201cZabuxda qanunsuz m\u0259skunla\u015fm\u0131\u015f erm\u0259nil\u0259r Az\u0259rbaycan v\u0259t\u0259nda\u015fl\u0131\u011f\u0131n\u0131 q\u0259bul edib orada ya\u015famaq ist\u0259s\u0259l\u0259r, Zabuxun yerli \u0259halisinin m\u00fcnasib\u0259ti nec\u0259 olar\u201d sual\u0131na icra n\u00fcmay\u0259nd\u0259si bel\u0259 cavab verib:<\/p>\n\n\n\n<p><br>\u201cM\u0259n\u0259 bel\u0259 g\u0259lir ki, he\u00e7 kim bunu yax\u015f\u0131 qar\u015f\u0131lamaz. \u00c7\u00fcnki \u0259vv\u0259la erm\u0259nil\u0259r Zabuxda qanunsuz m\u0259skunla\u015f\u0131blar. \u0130kincisi, m\u0259nc\u0259 k\u0259ndimizin camaat\u0131 ata-babalar\u0131n\u0131n q\u0259birl\u0259rinin \u00fcz\u0259rind\u0259 ev tikib ya\u015fayan erm\u0259nil\u0259rl\u0259rl\u0259 bir k\u0259ndd\u0259 ya\u015fama\u011fa raz\u0131 olmazlar. Hans\u0131sa erm\u0259ni Az\u0259rbaycan v\u0259t\u0259nda\u015fl\u0131\u011f\u0131n\u0131 q\u0259bul ed\u0259rs\u0259, onu erm\u0259nil\u0259rin kompakt ya\u015fad\u0131\u011f\u0131 \u0259razil\u0259rimiz\u0259 yerl\u0259\u015fdirm\u0259k olar\u201d.<\/p>\n\n\n\n<p>M\u0259nb\u0259: Musavat.com<\/p>\n","protected":false},"excerpt":{"rendered":"<p>La\u00e7\u0131n Rayon \u0130cra Hakimiyy\u0259ti ba\u015f\u00e7\u0131s\u0131n\u0131n Zabux inzibati \u0259razisi \u00fczr\u0259 n\u00fcmay\u0259nd\u0259si Elsev\u0259r \u018fliyev olduqca maraql\u0131 a\u00e7\u0131qlamalar verib. O bildirib ki, Zabux inzibati \u0259razi vahidi 4<\/p>\n","protected":false},"author":2,"featured_media":78063,"comment_status":"closed","ping_status":"closed","sticky":false,"template":"","format":"standard","meta":{"footnotes":""},"categories":[4],"tags":[],"class_list":["post-78638","post","type-post","status-publish","format-standard","has-post-thumbnail","hentry","category-qarabag"],"aioseo_notices":[],"_links":{"self":[{"href":"https:\/\/fedai.az\/index.php?rest_route=\/wp\/v2\/posts\/78638","targetHints":{"allow":["GET"]}}],"collection":[{"href":"https:\/\/fedai.az\/index.php?rest_route=\/wp\/v2\/posts"}],"about":[{"href":"https:\/\/fedai.az\/index.php?rest_route=\/wp\/v2\/types\/post"}],"author":[{"embeddable":true,"href":"https:\/\/fedai.az\/index.php?rest_route=\/wp\/v2\/users\/2"}],"replies":[{"embeddable":true,"href":"https:\/\/fedai.az\/index.php?rest_route=%2Fwp%2Fv2%2Fcomments&post=78638"}],"version-history":[{"count":1,"href":"https:\/\/fedai.az\/index.php?rest_route=\/wp\/v2\/posts\/78638\/revisions"}],"predecessor-version":[{"id":78639,"href":"https:\/\/fedai.az\/index.php?rest_route=\/wp\/v2\/posts\/78638\/revisions\/78639"}],"wp:featuredmedia":[{"embeddable":true,"href":"https:\/\/fedai.az\/index.php?rest_route=\/wp\/v2\/media\/78063"}],"wp:attachment":[{"href":"https:\/\/fedai.az\/index.php?rest_route=%2Fwp%2Fv2%2Fmedia&parent=78638"}],"wp:term":[{"taxonomy":"category","embeddable":true,"href":"https:\/\/fedai.az\/index.php?rest_route=%2Fwp%2Fv2%2Fcategories&post=78638"},{"taxonomy":"post_tag","embeddable":true,"href":"https:\/\/fedai.az\/index.php?rest_route=%2Fwp%2Fv2%2Ftags&post=78638"}],"curies":[{"name":"wp","href":"https:\/\/api.w.org\/{rel}","templated":true}]}}