{"id":78653,"date":"2022-08-16T01:34:45","date_gmt":"2022-08-15T21:34:45","guid":{"rendered":"https:\/\/fedai.az\/?p=78653"},"modified":"2022-08-16T01:34:49","modified_gmt":"2022-08-15T21:34:49","slug":"yerevanin-surmalu-bazarinda-terror-akti-olmayib-armen-pambuxcyan","status":"publish","type":"post","link":"https:\/\/fedai.az\/?p=78653","title":{"rendered":"Yerevan\u0131n S\u00fcrmalu bazar\u0131nda terror akt\u0131 olmay\u0131b: Armen Pambux\u00e7yan"},"content":{"rendered":"\n<p><strong>\u201cPartlay\u0131\u015f videosuna baxanda ayd\u0131n olur ki, he\u00e7 bir terrordan s\u00f6hb\u0259t ged\u0259 bilm\u0259z, \u00e7\u00fcnki \u0259vv\u0259lc\u0259 bir n\u00f6v yan\u011f\u0131n olub, sonra t\u00fcst\u00fc qalx\u0131b, sonra is\u0259 partlay\u0131\u015f olub. \u0130\u00e7\u0259rid\u0259 alov olub, alov partlay\u0131c\u0131ya da ke\u00e7ib\u201d, &#8212; Erm\u0259nistan\u0131n f\u00f6vq\u0259lad\u0259 hallar naziri Armen Pambux\u00e7yan bu g\u00fcn jurnalistl\u0259r\u0259 m\u00fcsahib\u0259sind\u0259 Surmalu bazar\u0131nda ba\u015f ver\u0259n partlay\u0131\u015f\u0131n terror akt\u0131 olmas\u0131 bar\u0259d\u0259 sosial \u015f\u0259b\u0259k\u0259l\u0259rd\u0259 yay\u0131lan m\u0259lumat\u0131 \u015f\u0259rh ed\u0259rk\u0259n deyib.<\/strong><\/p>\n\n\n\n<p>Bu partlay\u0131\u015fdan \u0259vv\u0259l metro stansiyalar\u0131nda, b\u0259l\u0259diyy\u0259d\u0259 v\u0259 ba\u015fqa yerl\u0259rd\u0259 partlay\u0131c\u0131lar\u0131n qoyulmas\u0131 il\u0259 ba\u011fl\u0131 anonim m\u0259lumatlar var idi.<\/p>\n\n\n\n<p>Nazir bildirib ki, b\u0259l\u0259diyy\u0259 \u0259razisind\u0259 b\u00fct\u00fcn metro stansiyalar\u0131na bomba qoyulmas\u0131 x\u0259b\u0259ri son vaxtlar 3-c\u00fcd\u00fcr. \u201cD\u00fcn\u0259n m\u0259ktubun m\u00fc\u0259llifi m\u0259suliyy\u0259ti \u00f6z \u00fcz\u0259rin\u0259 g\u00f6t\u00fcrd\u00fc, d\u00fcn\u0259n \u00fcz\u00fcm\u00fcn t\u0259qdis m\u0259rasimi ke\u00e7irildi, kils\u0259y\u0259, zooparka bomba qoyulmas\u0131 il\u0259 ba\u011fl\u0131 x\u0259b\u0259r g\u0259ldi. Bu \u00e7\u0259tin \u015f\u0259raitd\u0259 q\u00fcvv\u0259l\u0259r t\u0259qdim etdik, polis v\u0259 Milli T\u0259hl\u00fck\u0259sizlik Xidm\u0259ti il\u0259 birlikd\u0259 tam ara\u015fd\u0131rma apara bildik v\u0259 he\u00e7 bir bomba tap\u0131lmad\u0131\u201d.<\/p>\n\n\n\n<p>\u201cS\u00fcrm\u0259l\u00fc\u201d ticar\u0259t m\u0259rk\u0259zinin \u0259razisind\u0259 apar\u0131lan yan\u011f\u0131n-axtar\u0131\u015f v\u0259 xilasetm\u0259 \u0259m\u0259liyyatlar\u0131, itkin d\u00fc\u015fm\u00fc\u015f qohumlar\u0131n \u015fikay\u0259tl\u0259ri il\u0259 ba\u011fl\u0131 nazir bildirib ki, d\u00fcn\u0259n xilasetm\u0259 xidm\u0259tinin direktoru v\u0259 m\u00fcavinl\u0259ri n\u00f6vb\u0259t\u00e7ilikd\u0259 olub, 3-c\u00fc v\u0259 4-c\u00fc zonalar tam t\u0259mizl\u0259nib.<\/p>\n\n\n\n<p>\u201c\u018fg\u0259r i\u015f apar\u0131lmasayd\u0131, bu hiss\u0259 tam t\u0259mizl\u0259nm\u0259zdi\u201d.<\/p>\n\n\n\n<p>Pambux\u00e7yan \u0259min edib ki, onlar n\u00f6vb\u0259li i\u015fl\u0259yirl\u0259r, n\u0259 kadr, n\u0259 d\u0259 texniki resurslar \u00e7at\u0131\u015fmazl\u0131\u011f\u0131 yoxdur.<\/p>\n\n\n\n<p>M\u0259nb\u0259: Aravot.am<\/p>\n","protected":false},"excerpt":{"rendered":"<p>\u201cPartlay\u0131\u015f videosuna baxanda ayd\u0131n olur ki, he\u00e7 bir terrordan s\u00f6hb\u0259t ged\u0259 bilm\u0259z, \u00e7\u00fcnki \u0259vv\u0259lc\u0259 bir n\u00f6v yan\u011f\u0131n olub, sonra t\u00fcst\u00fc qalx\u0131b, sonra is\u0259 partlay\u0131\u015f<\/p>\n","protected":false},"author":2,"featured_media":78654,"comment_status":"closed","ping_status":"closed","sticky":false,"template":"","format":"standard","meta":{"footnotes":""},"categories":[13],"tags":[],"class_list":["post-78653","post","type-post","status-publish","format-standard","has-post-thumbnail","hentry","category-xarici"],"aioseo_notices":[],"_links":{"self":[{"href":"https:\/\/fedai.az\/index.php?rest_route=\/wp\/v2\/posts\/78653","targetHints":{"allow":["GET"]}}],"collection":[{"href":"https:\/\/fedai.az\/index.php?rest_route=\/wp\/v2\/posts"}],"about":[{"href":"https:\/\/fedai.az\/index.php?rest_route=\/wp\/v2\/types\/post"}],"author":[{"embeddable":true,"href":"https:\/\/fedai.az\/index.php?rest_route=\/wp\/v2\/users\/2"}],"replies":[{"embeddable":true,"href":"https:\/\/fedai.az\/index.php?rest_route=%2Fwp%2Fv2%2Fcomments&post=78653"}],"version-history":[{"count":1,"href":"https:\/\/fedai.az\/index.php?rest_route=\/wp\/v2\/posts\/78653\/revisions"}],"predecessor-version":[{"id":78655,"href":"https:\/\/fedai.az\/index.php?rest_route=\/wp\/v2\/posts\/78653\/revisions\/78655"}],"wp:featuredmedia":[{"embeddable":true,"href":"https:\/\/fedai.az\/index.php?rest_route=\/wp\/v2\/media\/78654"}],"wp:attachment":[{"href":"https:\/\/fedai.az\/index.php?rest_route=%2Fwp%2Fv2%2Fmedia&parent=78653"}],"wp:term":[{"taxonomy":"category","embeddable":true,"href":"https:\/\/fedai.az\/index.php?rest_route=%2Fwp%2Fv2%2Fcategories&post=78653"},{"taxonomy":"post_tag","embeddable":true,"href":"https:\/\/fedai.az\/index.php?rest_route=%2Fwp%2Fv2%2Ftags&post=78653"}],"curies":[{"name":"wp","href":"https:\/\/api.w.org\/{rel}","templated":true}]}}