{"id":78659,"date":"2022-08-16T02:08:06","date_gmt":"2022-08-15T22:08:06","guid":{"rendered":"https:\/\/fedai.az\/?p=78659"},"modified":"2022-08-16T02:08:09","modified_gmt":"2022-08-15T22:08:09","slug":"bizim-latin-%c9%99lifbamiz","status":"publish","type":"post","link":"https:\/\/fedai.az\/?p=78659","title":{"rendered":"Bizim Lat\u0131n \u0259lifbam\u0131z&#8230;"},"content":{"rendered":"\n<ul class=\"wp-block-list\"><li><strong><span class=\"has-inline-color has-vivid-red-color\">\u0130LHAM\u0130 C\u018fF\u018fRSOY<\/span><\/strong><\/li><\/ul>\n\n\n\n<p>Veril\u0259n proqnozlara g\u00f6r\u0259 2050-ci il\u0259 q\u0259d\u0259r d\u00fcnyan\u0131n b\u00f6y\u00fck d\u00f6vl\u0259tl\u0259ri Yaponiya, \u00c7in, Rusiya lat\u0131n \u0259lifbas\u0131na ke\u00e7\u0259c\u0259kdir. <\/p>\n\n\n\n<p>\u00c7\u00fcnki o \u0259lifba il\u0259 b\u00fct\u00fcn s\u0259sl\u0259ri ifad\u0259 etm\u0259k m\u00fcmk\u00fcnd\u00fcr. O \u0259lifban\u0131 ki, lat\u0131nlar yox, bizim \u0259cdadlar\u0131m\u0131z olan Aran m\u00fcdrikl\u0259ri yaratm\u0131\u015fd\u0131r.<\/p>\n\n\n\n<p>Aran alplar\u0131 er.\u0259v. XV \u0259srd\u0259 Urmiya g\u00f6l\u00fc \u0259traflndan h\u0259r\u0259k\u0259t ed\u0259r\u0259k Finikiyan\u0131 tutdular. 22 h\u0259rfd\u0259n ibar\u0259t d\u00fcnyan\u0131n ilk fonetik \u0259lifbas\u0131n\u0131 yaratd\u0131lar. XlX \u0259srin sonlar\u0131na q\u0259d\u0259r n\u0259\u015fr olunan kitablarda h\u0259min \u0259lifba Aran \u0259lifbas\u0131 adlan\u0131r. <\/p>\n\n\n\n<p>Ancaq Avropa v\u0259 rus dil\u00e7il\u0259ri 23-c\u00fc ild\u0259n ba\u015flayaraq o \u0259lifban\u0131 yarad\u0131ld\u0131\u011f\u0131 yerin ad\u0131 il\u0259 Finikiya \u0259lifbas\u0131 adland\u0131rd\u0131lar. M\u0259qs\u0259d o idi ki, bizim \u0259cdadlar\u0131m\u0131z olan Aran m\u00fcdrikl\u0259rinin ad\u0131 ensiklopediyalara daxil edilm\u0259sin. Yevreyl\u0259r Aran \u0259lifbas\u0131n\u0131 oldu\u011fu kimi q\u0259bul etdil\u0259r. Yunanlar 3 h\u0259rf art\u0131raraq onu yunan \u0259lifbas\u0131na \u00e7evirdil\u0259r. Etrusklar Aran \u0259lifbas\u0131n\u0131 Asiyadan Avropaya apard\u0131lar. Lat\u0131nlar \u0130taliyan\u0131 tutandan sonra Aran \u0259lifbas\u0131n\u0131 azca d\u0259yi\u015f\u0259r\u0259k m\u0259nims\u0259dil\u0259r. <\/p>\n\n\n\n<p>Biz bunlardan x\u0259b\u0259rsiz oldu\u011fumuza g\u00f6r\u0259 \u00f6z\u00fcm\u00fcz\u00fcn Aran \u0259lifbam\u0131z\u0131 lat\u0131n \u0259lifbas\u0131 adland\u0131r\u0131r\u0131q. M\u0259n bu istiqam\u0259td\u0259 t\u0259dqiqatlar\u0131m\u0131 AMEA-n\u0131n elmi yurnallar\u0131nda \u00e7ap etdirmi\u015f\u0259m. Ancaq akademik qarag\u00fcruhun m\u00fcqavim\u0259ti il\u0259 qar\u015f\u0131la\u015faraq ictimail\u0259\u015fdir\u0259 bilm\u0259mi\u015f\u0259m. <\/p>\n\n\n\n<p>\u0130nanmaq ist\u0131rdim ki, \u00f6lk\u0259 ba\u015f\u00e7\u0131m\u0131z\u0131n s\u0259r\u0259ncam\u0131ndan sonra ciddi islahatlar olacaq. Aliml\u0259rimizin yarad\u0131c\u0131l\u0131q yollar\u0131 k\u00f6t\u00fckl\u0259rd\u0259n t\u0259mizl\u0259n\u0259c\u0259kdir. \u015e\u0259kild\u0259 Aran \u0259lifbas\u0131n\u0131n \u0259n q\u0259dim er.\u0259v. XV \u0259srd\u0259 yarad\u0131lan variant\u0131n\u0131 g\u00f6r\u00fcrs\u00fcn\u00fcz. <\/p>\n\n\n\n<p><strong>Bax: \u0130lhami C\u0259f\u0259rsoy. Yunan v\u0259 lat\u0131n \u0259lifbalar\u0131n\u0131n m\u0259n\u015f\u0259yi. Bak\u0131, 2019, 2020.<\/strong><\/p>\n\n\n\n<figure class=\"wp-block-image size-large is-resized\"><img loading=\"lazy\" decoding=\"async\" src=\"https:\/\/fedai.az\/wp-content\/uploads\/2022\/08\/299141530_447963367250076_6320624379870355501_n.jpg\" alt=\"\" class=\"wp-image-78660\" width=\"1028\" height=\"1378\" srcset=\"https:\/\/fedai.az\/wp-content\/uploads\/2022\/08\/299141530_447963367250076_6320624379870355501_n.jpg 526w, https:\/\/fedai.az\/wp-content\/uploads\/2022\/08\/299141530_447963367250076_6320624379870355501_n-224x300.jpg 224w, https:\/\/fedai.az\/wp-content\/uploads\/2022\/08\/299141530_447963367250076_6320624379870355501_n-112x150.jpg 112w\" sizes=\"auto, (max-width: 1028px) 100vw, 1028px\" \/><\/figure>\n","protected":false},"excerpt":{"rendered":"<p>\u0130LHAM\u0130 C\u018fF\u018fRSOY Veril\u0259n proqnozlara g\u00f6r\u0259 2050-ci il\u0259 q\u0259d\u0259r d\u00fcnyan\u0131n b\u00f6y\u00fck d\u00f6vl\u0259tl\u0259ri Yaponiya, \u00c7in, Rusiya lat\u0131n \u0259lifbas\u0131na ke\u00e7\u0259c\u0259kdir. \u00c7\u00fcnki o \u0259lifba il\u0259 b\u00fct\u00fcn s\u0259sl\u0259ri ifad\u0259<\/p>\n","protected":false},"author":2,"featured_media":75896,"comment_status":"closed","ping_status":"closed","sticky":false,"template":"","format":"standard","meta":{"footnotes":""},"categories":[6],"tags":[],"class_list":["post-78659","post","type-post","status-publish","format-standard","has-post-thumbnail","hentry","category-arasdirma"],"aioseo_notices":[],"_links":{"self":[{"href":"https:\/\/fedai.az\/index.php?rest_route=\/wp\/v2\/posts\/78659","targetHints":{"allow":["GET"]}}],"collection":[{"href":"https:\/\/fedai.az\/index.php?rest_route=\/wp\/v2\/posts"}],"about":[{"href":"https:\/\/fedai.az\/index.php?rest_route=\/wp\/v2\/types\/post"}],"author":[{"embeddable":true,"href":"https:\/\/fedai.az\/index.php?rest_route=\/wp\/v2\/users\/2"}],"replies":[{"embeddable":true,"href":"https:\/\/fedai.az\/index.php?rest_route=%2Fwp%2Fv2%2Fcomments&post=78659"}],"version-history":[{"count":1,"href":"https:\/\/fedai.az\/index.php?rest_route=\/wp\/v2\/posts\/78659\/revisions"}],"predecessor-version":[{"id":78661,"href":"https:\/\/fedai.az\/index.php?rest_route=\/wp\/v2\/posts\/78659\/revisions\/78661"}],"wp:featuredmedia":[{"embeddable":true,"href":"https:\/\/fedai.az\/index.php?rest_route=\/wp\/v2\/media\/75896"}],"wp:attachment":[{"href":"https:\/\/fedai.az\/index.php?rest_route=%2Fwp%2Fv2%2Fmedia&parent=78659"}],"wp:term":[{"taxonomy":"category","embeddable":true,"href":"https:\/\/fedai.az\/index.php?rest_route=%2Fwp%2Fv2%2Fcategories&post=78659"},{"taxonomy":"post_tag","embeddable":true,"href":"https:\/\/fedai.az\/index.php?rest_route=%2Fwp%2Fv2%2Ftags&post=78659"}],"curies":[{"name":"wp","href":"https:\/\/api.w.org\/{rel}","templated":true}]}}