{"id":81438,"date":"2022-09-20T00:29:14","date_gmt":"2022-09-19T20:29:14","guid":{"rendered":"https:\/\/fedai.az\/?p=81438"},"modified":"2022-09-20T00:29:17","modified_gmt":"2022-09-19T20:29:17","slug":"abs-bizi-d%c9%99st%c9%99kl%c9%99m%c9%99s%c9%99-butun-iran-turkc%c9%99-danisacaq-kecmis-xin-r%c9%99hb%c9%99ri","status":"publish","type":"post","link":"https:\/\/fedai.az\/?p=81438","title":{"rendered":"\u201cAB\u015e bizi d\u0259st\u0259kl\u0259m\u0259s\u0259, b\u00fct\u00fcn \u0130ran t\u00fcrkc\u0259 dan\u0131\u015facaq&#187; &#8212;\u00a0Ke\u00e7mi\u015f X\u0130N r\u0259hb\u0259ri"},"content":{"rendered":"\n<p><strong>\u201cAB\u015e bizi d\u0259st\u0259kl\u0259m\u0259s\u0259, b\u00fct\u00fcn \u0130ran t\u00fcrkc\u0259 dan\u0131\u015facaq\u201d.<\/strong><\/p>\n\n\n\n<p>Bunu \u0130ran\u0131n ke\u00e7mi\u015f xarici i\u015fl\u0259r naziri M\u0259h\u0259mm\u0259d Cavad Z\u0259rif deyib. O bildirib ki, AB\u015e \u0130ran\u0131 d\u0259st\u0259kl\u0259m\u0259lidir, yoxsa b\u00f6lg\u0259d\u0259, x\u00fcsus\u0259n d\u0259, \u0130randa T\u00fcrkiy\u0259nin t\u0259siri artacaq.<\/p>\n\n\n\n<p>\u201cAB\u015e bizi d\u0259st\u0259kl\u0259m\u0259s\u0259, b\u00fct\u00fcn \u0130ran t\u00fcrkc\u0259 dan\u0131\u015facaq\u201d, \u2013 dey\u0259n Z\u0259rif d\u00fcn\u0259n\u0259 q\u0259d\u0259r&nbsp;Amerikan\u0131 d\u00fc\u015fm\u0259n g\u00f6r\u00fcrd\u00fc, \u201csionist\u201d y\u0259hudil\u0259rin dostu adland\u0131r\u0131rd\u0131. \u0130ndi \u0130ran\u0131n d\u00fc\u015fm\u0259nl\u0259rind\u0259n k\u00f6m\u0259k ist\u0259yir?<\/p>\n\n\n\n<p>\u0130ran ona g\u00f6r\u0259 k\u00f6m\u0259k ist\u0259yir ki, t\u00fcrkd\u0259n qorxur, ehtiyat edir. Bununla da \u0130ran t\u00fcrk\u00fcn 1 n\u00f6mr\u0259li d\u00fc\u015fm\u0259ni oldu\u011funu \u00f6z\u00fc isbat etmi\u015f olur.<\/p>\n\n\n\n<p>T\u00fcrk he\u00e7 vaxt \u00f6z din qarda\u015f\u0131na k\u0259m baxmaz, q\u0131rm\u0131z\u0131 x\u0259tl\u0259ri ke\u00e7m\u0259y\u0259n\u0259 q\u0259d\u0259r. Xain is\u0259 h\u0259mi\u015f\u0259 xoflu olar.<\/p>\n\n\n\n<p><strong>Xuraman Etibarl\u0131<\/strong><\/p>\n\n\n\n<p>M\u0259nb\u0259: KONKRET.az<\/p>\n\n\n\n<figure class=\"wp-block-video\"><video controls src=\"https:\/\/konkret.az\/cloud\/uploads\/2022\/09\/document_5276047713144675954.mp4?_=1\"><\/video><\/figure>\n","protected":false},"excerpt":{"rendered":"<p>\u201cAB\u015e bizi d\u0259st\u0259kl\u0259m\u0259s\u0259, b\u00fct\u00fcn \u0130ran t\u00fcrkc\u0259 dan\u0131\u015facaq\u201d. Bunu \u0130ran\u0131n ke\u00e7mi\u015f xarici i\u015fl\u0259r naziri M\u0259h\u0259mm\u0259d Cavad Z\u0259rif deyib. O bildirib ki, AB\u015e \u0130ran\u0131 d\u0259st\u0259kl\u0259m\u0259lidir, yoxsa<\/p>\n","protected":false},"author":2,"featured_media":81439,"comment_status":"closed","ping_status":"closed","sticky":false,"template":"","format":"standard","meta":{"footnotes":""},"categories":[1],"tags":[],"class_list":["post-81438","post","type-post","status-publish","format-standard","has-post-thumbnail","hentry","category-siyast"],"aioseo_notices":[],"_links":{"self":[{"href":"https:\/\/fedai.az\/index.php?rest_route=\/wp\/v2\/posts\/81438","targetHints":{"allow":["GET"]}}],"collection":[{"href":"https:\/\/fedai.az\/index.php?rest_route=\/wp\/v2\/posts"}],"about":[{"href":"https:\/\/fedai.az\/index.php?rest_route=\/wp\/v2\/types\/post"}],"author":[{"embeddable":true,"href":"https:\/\/fedai.az\/index.php?rest_route=\/wp\/v2\/users\/2"}],"replies":[{"embeddable":true,"href":"https:\/\/fedai.az\/index.php?rest_route=%2Fwp%2Fv2%2Fcomments&post=81438"}],"version-history":[{"count":1,"href":"https:\/\/fedai.az\/index.php?rest_route=\/wp\/v2\/posts\/81438\/revisions"}],"predecessor-version":[{"id":81440,"href":"https:\/\/fedai.az\/index.php?rest_route=\/wp\/v2\/posts\/81438\/revisions\/81440"}],"wp:featuredmedia":[{"embeddable":true,"href":"https:\/\/fedai.az\/index.php?rest_route=\/wp\/v2\/media\/81439"}],"wp:attachment":[{"href":"https:\/\/fedai.az\/index.php?rest_route=%2Fwp%2Fv2%2Fmedia&parent=81438"}],"wp:term":[{"taxonomy":"category","embeddable":true,"href":"https:\/\/fedai.az\/index.php?rest_route=%2Fwp%2Fv2%2Fcategories&post=81438"},{"taxonomy":"post_tag","embeddable":true,"href":"https:\/\/fedai.az\/index.php?rest_route=%2Fwp%2Fv2%2Ftags&post=81438"}],"curies":[{"name":"wp","href":"https:\/\/api.w.org\/{rel}","templated":true}]}}