{"id":81441,"date":"2022-09-20T00:34:45","date_gmt":"2022-09-19T20:34:45","guid":{"rendered":"https:\/\/fedai.az\/?p=81441"},"modified":"2022-09-20T00:34:48","modified_gmt":"2022-09-19T20:34:48","slug":"baxcalidan-s%c9%99rt-qarabag-aciqlamasi-%c9%99td%c9%99n-divar-c%c9%99k%c9%99c%c9%99yik","status":"publish","type":"post","link":"https:\/\/fedai.az\/?p=81441","title":{"rendered":"Bax\u00e7al\u0131dan s\u0259rt Qaraba\u011f a\u00e7\u0131qlamas\u0131: &#171;\u018ftd\u0259n divar \u00e7\u0259k\u0259c\u0259yik!&#187;"},"content":{"rendered":"\n<p><strong>\u201cT\u00fcrkiy\u0259 sonad\u0259k Az\u0259rbaycanla birlikd\u0259 olacaq\u201d.<\/strong><\/p>\n\n\n\n<p>Bunu T\u00fcrkiy\u0259nin Milliyy\u0259t\u00e7i H\u0259r\u0259kat Partiyas\u0131n\u0131n s\u0259dri D\u00f6vl\u0259t Bax\u00e7al\u0131 deyib.<\/p>\n\n\n\n<p>\u201cQaraba\u011fda t\u0259xribat t\u00f6r\u0259d\u0259n, qarda\u015flar\u0131m\u0131z\u0131n qan\u0131n\u0131 t\u00f6k\u0259n qatill\u0259r t\u00fcrk\u00fcn \u0259z\u0259m\u0259tin\u0259 qar\u015f\u0131 dura bilm\u0259zl\u0259r. Qaraba\u011f Az\u0259rbaycand\u0131r, Qaraba\u011f ata yadigar\u0131d\u0131r. Qaraba\u011f t\u00fcrk yurdudur\u201d, &#8212; Milliyy\u0259t\u00e7i H\u0259r\u0259kat Partiyas\u0131n\u0131n s\u0259dri vur\u011fulay\u0131b.<\/p>\n\n\n\n<p>\u201cCan qarda\u015flar\u0131m\u0131z n\u0259 vaxt v\u0259 harda ist\u0259s\u0259l\u0259r, polad bil\u0259k olaca\u011f\u0131q eyni m\u00f6vqed\u0259 \u0259td\u0259n divar \u00e7\u0259k\u0259c\u0259yik. Ankara il\u0259 Bak\u0131n\u0131n taleyi eynidir. T\u00fcrk\u00fc t\u00fcrkd\u0259n ay\u0131racaq n\u0259 bir s\u0259rh\u0259d, n\u0259 bir mane\u0259 var. Biz bir mill\u0259t, iki d\u00f6vl\u0259tik, v\u00fccudumuz ayr\u0131 olsa da, ruhumuz birdir.<\/p>\n\n\n\n<p>Qaraba\u011fda \u015f\u0259hid olan \u0259sg\u0259rl\u0259r bizimdir. R\u0259hm\u0259t v\u0259 ehtiramla yad etdiyimiz \u015f\u0259hidl\u0259r bizim \u015f\u0259hidl\u0259rimizdir. Al\u0131nacaq qisas, sorulacaq hesab namusumuza \u0259man\u0259tdir&#187;, &#8212; D\u00f6vl\u0259t Bax\u00e7al\u0131 qeyd edib.<\/p>\n\n\n\n<p>M\u0259nb\u0259: \u201cReport\u201d <\/p>\n","protected":false},"excerpt":{"rendered":"<p>\u201cT\u00fcrkiy\u0259 sonad\u0259k Az\u0259rbaycanla birlikd\u0259 olacaq\u201d. Bunu T\u00fcrkiy\u0259nin Milliyy\u0259t\u00e7i H\u0259r\u0259kat Partiyas\u0131n\u0131n s\u0259dri D\u00f6vl\u0259t Bax\u00e7al\u0131 deyib. \u201cQaraba\u011fda t\u0259xribat t\u00f6r\u0259d\u0259n, qarda\u015flar\u0131m\u0131z\u0131n qan\u0131n\u0131 t\u00f6k\u0259n qatill\u0259r t\u00fcrk\u00fcn \u0259z\u0259m\u0259tin\u0259 qar\u015f\u0131<\/p>\n","protected":false},"author":2,"featured_media":81442,"comment_status":"closed","ping_status":"closed","sticky":false,"template":"","format":"standard","meta":{"footnotes":""},"categories":[4],"tags":[],"class_list":["post-81441","post","type-post","status-publish","format-standard","has-post-thumbnail","hentry","category-qarabag"],"aioseo_notices":[],"_links":{"self":[{"href":"https:\/\/fedai.az\/index.php?rest_route=\/wp\/v2\/posts\/81441","targetHints":{"allow":["GET"]}}],"collection":[{"href":"https:\/\/fedai.az\/index.php?rest_route=\/wp\/v2\/posts"}],"about":[{"href":"https:\/\/fedai.az\/index.php?rest_route=\/wp\/v2\/types\/post"}],"author":[{"embeddable":true,"href":"https:\/\/fedai.az\/index.php?rest_route=\/wp\/v2\/users\/2"}],"replies":[{"embeddable":true,"href":"https:\/\/fedai.az\/index.php?rest_route=%2Fwp%2Fv2%2Fcomments&post=81441"}],"version-history":[{"count":1,"href":"https:\/\/fedai.az\/index.php?rest_route=\/wp\/v2\/posts\/81441\/revisions"}],"predecessor-version":[{"id":81443,"href":"https:\/\/fedai.az\/index.php?rest_route=\/wp\/v2\/posts\/81441\/revisions\/81443"}],"wp:featuredmedia":[{"embeddable":true,"href":"https:\/\/fedai.az\/index.php?rest_route=\/wp\/v2\/media\/81442"}],"wp:attachment":[{"href":"https:\/\/fedai.az\/index.php?rest_route=%2Fwp%2Fv2%2Fmedia&parent=81441"}],"wp:term":[{"taxonomy":"category","embeddable":true,"href":"https:\/\/fedai.az\/index.php?rest_route=%2Fwp%2Fv2%2Fcategories&post=81441"},{"taxonomy":"post_tag","embeddable":true,"href":"https:\/\/fedai.az\/index.php?rest_route=%2Fwp%2Fv2%2Ftags&post=81441"}],"curies":[{"name":"wp","href":"https:\/\/api.w.org\/{rel}","templated":true}]}}