{"id":81447,"date":"2022-09-20T00:50:50","date_gmt":"2022-09-19T20:50:50","guid":{"rendered":"https:\/\/fedai.az\/?p=81447"},"modified":"2022-09-20T00:52:18","modified_gmt":"2022-09-19T20:52:18","slug":"atasi-muharib%c9%99-veterani-ozu-s%c9%99hid-q%c9%99hr%c9%99manlar-ail%c9%99sind%c9%99n-reportaj","status":"publish","type":"post","link":"https:\/\/fedai.az\/?p=81447","title":{"rendered":"Atas\u0131 m\u00fcharib\u0259 veteran\u0131, \u00f6z\u00fc \u015f\u0259hid &#8212; Q\u0259hr\u0259manlar ail\u0259sind\u0259n reportaj"},"content":{"rendered":"\n<p><strong>Bir ail\u0259 t\u0259s\u0259vv\u00fcr edin: ata da, o\u011ful da, qarda\u015f da, h\u0259tta \u0259mi d\u0259 d\u00f6y\u00fc\u015f\u00e7\u00fcd\u00fcr. Bir s\u00f6zl\u0259, t\u0259s\u0259vv\u00fcr\u00fcn\u00fczd\u0259 q\u0259hr\u0259manlar ail\u0259sini canland\u0131ra bil\u0259rsiniz.<\/strong><\/p>\n\n\n\n<p>S\u00f6hb\u0259t V\u0259t\u0259n m\u00fcharib\u0259si \u015f\u0259hidi R\u00f6v\u015f\u0259n T\u0259hm\u0259zovun ail\u0259sind\u0259n v\u0259 onlar\u0131n q\u0259hr\u0259manl\u0131\u011f\u0131ndan gedir.<\/p>\n\n\n\n<p>R.T\u0259hm\u0259zov Az\u0259rbaycan\u0131n Milli Q\u0259hr\u0259man\u0131, general-mayor Polad H\u0259\u015fimov \u015f\u0259hid olandan sonra k\u00f6n\u00fcll\u00fc olaraq ordu s\u0131ralar\u0131na yaz\u0131l\u0131b. O, daha sonra 2020-ci ilin sentyabr\u0131n 27-d\u0259n ba\u015flad\u0131lan V\u0259t\u0259n m\u00fcharib\u0259si zaman\u0131 F\u00fczuli rayonu u\u011frunda ged\u0259n d\u00f6y\u00fc\u015fl\u0259rd\u0259 i\u015ftirak edib.<\/p>\n\n\n\n<figure class=\"wp-block-gallery has-nested-images columns-default is-cropped wp-block-gallery-1 is-layout-flex wp-block-gallery-is-layout-flex\">\n<figure class=\"wp-block-image size-large\"><img loading=\"lazy\" decoding=\"async\" width=\"1024\" height=\"682\" data-id=\"81449\" src=\"https:\/\/fedai.az\/wp-content\/uploads\/2022\/09\/ccf0a0e1-1286-3ec0-9b89-bd2f239f9ecf-1024x682.jpg\" alt=\"\" class=\"wp-image-81449\" srcset=\"https:\/\/fedai.az\/wp-content\/uploads\/2022\/09\/ccf0a0e1-1286-3ec0-9b89-bd2f239f9ecf-1024x682.jpg 1024w, https:\/\/fedai.az\/wp-content\/uploads\/2022\/09\/ccf0a0e1-1286-3ec0-9b89-bd2f239f9ecf-300x200.jpg 300w, https:\/\/fedai.az\/wp-content\/uploads\/2022\/09\/ccf0a0e1-1286-3ec0-9b89-bd2f239f9ecf-150x100.jpg 150w, https:\/\/fedai.az\/wp-content\/uploads\/2022\/09\/ccf0a0e1-1286-3ec0-9b89-bd2f239f9ecf-768x512.jpg 768w, https:\/\/fedai.az\/wp-content\/uploads\/2022\/09\/ccf0a0e1-1286-3ec0-9b89-bd2f239f9ecf.jpg 1280w\" sizes=\"auto, (max-width: 1024px) 100vw, 1024px\" \/><\/figure>\n\n\n\n<figure class=\"wp-block-image size-large\"><img loading=\"lazy\" decoding=\"async\" width=\"1024\" height=\"682\" data-id=\"81450\" src=\"https:\/\/fedai.az\/wp-content\/uploads\/2022\/09\/c694d6d3-6768-30e5-bc2e-8e3a8aa92fd4-1024x682.jpg\" alt=\"\" class=\"wp-image-81450\" srcset=\"https:\/\/fedai.az\/wp-content\/uploads\/2022\/09\/c694d6d3-6768-30e5-bc2e-8e3a8aa92fd4-1024x682.jpg 1024w, https:\/\/fedai.az\/wp-content\/uploads\/2022\/09\/c694d6d3-6768-30e5-bc2e-8e3a8aa92fd4-300x200.jpg 300w, https:\/\/fedai.az\/wp-content\/uploads\/2022\/09\/c694d6d3-6768-30e5-bc2e-8e3a8aa92fd4-150x100.jpg 150w, https:\/\/fedai.az\/wp-content\/uploads\/2022\/09\/c694d6d3-6768-30e5-bc2e-8e3a8aa92fd4-768x512.jpg 768w, https:\/\/fedai.az\/wp-content\/uploads\/2022\/09\/c694d6d3-6768-30e5-bc2e-8e3a8aa92fd4.jpg 1280w\" sizes=\"auto, (max-width: 1024px) 100vw, 1024px\" \/><\/figure>\n<\/figure>\n\n\n\n<p>\u015e\u0259hidin atas\u0131 Zahid T\u0259hm\u0259zov deyir ki, \u00f6z\u00fc birinci Qaraba\u011f m\u00fcharib\u0259si d\u00f6y\u00fc\u015fl\u0259rind\u0259 i\u015ftirak edib v\u0259 La\u00e7\u0131n, A\u011fd\u0259r\u0259 istiqam\u0259tind\u0259 yaralan\u0131b. Qarda\u015f\u0131 R\u00f6v\u015f\u0259n T\u0259hm\u0259zov da h\u0259min d\u00f6y\u00fc\u015fl\u0259rin i\u015ftirak\u00e7\u0131s\u0131 olub. O is\u0259 ke\u00e7mi\u015f A\u011fd\u0259r\u0259d\u0259 ged\u0259n \u015fidd\u0259tli d\u00f6y\u00fc\u015fl\u0259rin birind\u0259 \u015f\u0259hid olub.<\/p>\n\n\n\n<p>Veteran d\u00f6y\u00fc\u015f\u00e7\u00fc \u00f6vladlar\u0131n\u0131 ki\u00e7ik ya\u015flar\u0131ndan v\u0259t\u0259np\u0259rv\u0259r ruhda b\u00f6y\u00fctd\u00fcy\u00fcn\u00fc qeyd edib: &#171;H\u0259mi\u015f\u0259 u\u015faqlar\u0131ma deyirdim ki, torpaqlar\u0131m\u0131z i\u015f\u011fal olunub, yurd-yuvalar\u0131m\u0131z \u0259limizd\u0259n al\u0131n\u0131b. Onlar\u0131 bir g\u00fcn m\u00fctl\u0259q d\u00fc\u015fm\u0259nd\u0259n azad etm\u0259k laz\u0131md\u0131r. Bir g\u00fcn o\u011flum R\u00f6v\u015f\u0259n m\u0259n\u0259 z\u0259ng edib dedi ki, ata, yar\u0131m\u00e7\u0131q qalan i\u015fl\u0259rinizi tamamlay\u0131r\u0131q v\u0259 yurdumuzu azad edirik. Bu s\u00f6zl\u0259r m\u0259ni \u00e7ox q\u00fcrurland\u0131rd\u0131 v\u0259 f\u0259xr el\u0259dim&#187;.<\/p>\n\n\n\n<p>Qeyd ed\u0259k ki, R\u00f6v\u015f\u0259nin qarda\u015f\u0131 El\u015f\u0259n T\u0259hm\u0259zov da V\u0259t\u0259n u\u011frunda ged\u0259n d\u00f6y\u00fc\u015fl\u0259rin i\u015ftirak\u00e7\u0131s\u0131d\u0131r. Bel\u0259likl\u0259, Zahid ki\u015finin iki o\u011flu b\u00f6y\u00fcy\u00fcr\u0259k haqq sava\u015f\u0131m\u0131zda i\u015ftirak edibl\u0259r. V\u0259t\u0259n m\u00fcharib\u0259sind\u0259 \u015f\u00fcca\u0259t g\u00f6st\u0259r\u0259r\u0259k tarixi Z\u0259f\u0259rin \u0259ld\u0259 edilm\u0259sind\u0259 pay sahibi olublar.<\/p>\n\n\n\n<p>Xat\u0131rladaq ki, Prezident \u0130lham \u018fliyevin m\u00fcvafiq S\u0259r\u0259ncamlar\u0131 il\u0259 R\u00f6v\u015f\u0259n Zahid o\u011flu T\u0259hm\u0259zov \u00f6l\u00fcm\u00fcnd\u0259n sonra \u201cF\u00fczulinin azad olunmas\u0131na g\u00f6r\u0259\u201d, \u201cV\u0259t\u0259n u\u011frunda\u201d medallar\u0131 il\u0259 t\u0259ltif edilib.<\/p>\n\n\n\n<p>\u018fvv\u0259ll\u0259r kiray\u0259 ya\u015fayan ail\u0259 h\u0259rt\u0259r\u0259fli d\u00f6vl\u0259t qay\u011f\u0131s\u0131 il\u0259 \u0259hat\u0259 olunub. \u015e\u0259hidin ail\u0259sin\u0259 \u018fm\u0259k v\u0259 \u018fhalinin Sosial M\u00fcdafi\u0259si Nazirliyi t\u0259r\u0259find\u0259n Ab\u015feron rayonundak\u0131 yeni ya\u015fay\u0131\u015f kompleksind\u0259 \u00fc\u00e7otaql\u0131 tam t\u0259mirli m\u0259nzil verilib.<\/p>\n\n\n\n<p>M\u0259nb\u0259: Report<\/p>\n\n\n\n<figure class=\"wp-block-image size-large\"><img loading=\"lazy\" decoding=\"async\" width=\"1024\" height=\"682\" src=\"https:\/\/fedai.az\/wp-content\/uploads\/2022\/09\/2c60464f-15e0-3437-a34d-0403124b7868-1024x682.jpg\" alt=\"\" class=\"wp-image-81451\" srcset=\"https:\/\/fedai.az\/wp-content\/uploads\/2022\/09\/2c60464f-15e0-3437-a34d-0403124b7868-1024x682.jpg 1024w, https:\/\/fedai.az\/wp-content\/uploads\/2022\/09\/2c60464f-15e0-3437-a34d-0403124b7868-300x200.jpg 300w, https:\/\/fedai.az\/wp-content\/uploads\/2022\/09\/2c60464f-15e0-3437-a34d-0403124b7868-150x100.jpg 150w, https:\/\/fedai.az\/wp-content\/uploads\/2022\/09\/2c60464f-15e0-3437-a34d-0403124b7868-768x512.jpg 768w, https:\/\/fedai.az\/wp-content\/uploads\/2022\/09\/2c60464f-15e0-3437-a34d-0403124b7868.jpg 1280w\" sizes=\"auto, (max-width: 1024px) 100vw, 1024px\" \/><\/figure>\n","protected":false},"excerpt":{"rendered":"<p>Bir ail\u0259 t\u0259s\u0259vv\u00fcr edin: ata da, o\u011ful da, qarda\u015f da, h\u0259tta \u0259mi d\u0259 d\u00f6y\u00fc\u015f\u00e7\u00fcd\u00fcr. Bir s\u00f6zl\u0259, t\u0259s\u0259vv\u00fcr\u00fcn\u00fczd\u0259 q\u0259hr\u0259manlar ail\u0259sini canland\u0131ra bil\u0259rsiniz. S\u00f6hb\u0259t V\u0259t\u0259n m\u00fcharib\u0259si<\/p>\n","protected":false},"author":2,"featured_media":81453,"comment_status":"closed","ping_status":"closed","sticky":false,"template":"","format":"standard","meta":{"footnotes":""},"categories":[5],"tags":[],"class_list":["post-81447","post","type-post","status-publish","format-standard","has-post-thumbnail","hentry","category-veteran"],"aioseo_notices":[],"_links":{"self":[{"href":"https:\/\/fedai.az\/index.php?rest_route=\/wp\/v2\/posts\/81447","targetHints":{"allow":["GET"]}}],"collection":[{"href":"https:\/\/fedai.az\/index.php?rest_route=\/wp\/v2\/posts"}],"about":[{"href":"https:\/\/fedai.az\/index.php?rest_route=\/wp\/v2\/types\/post"}],"author":[{"embeddable":true,"href":"https:\/\/fedai.az\/index.php?rest_route=\/wp\/v2\/users\/2"}],"replies":[{"embeddable":true,"href":"https:\/\/fedai.az\/index.php?rest_route=%2Fwp%2Fv2%2Fcomments&post=81447"}],"version-history":[{"count":2,"href":"https:\/\/fedai.az\/index.php?rest_route=\/wp\/v2\/posts\/81447\/revisions"}],"predecessor-version":[{"id":81454,"href":"https:\/\/fedai.az\/index.php?rest_route=\/wp\/v2\/posts\/81447\/revisions\/81454"}],"wp:featuredmedia":[{"embeddable":true,"href":"https:\/\/fedai.az\/index.php?rest_route=\/wp\/v2\/media\/81453"}],"wp:attachment":[{"href":"https:\/\/fedai.az\/index.php?rest_route=%2Fwp%2Fv2%2Fmedia&parent=81447"}],"wp:term":[{"taxonomy":"category","embeddable":true,"href":"https:\/\/fedai.az\/index.php?rest_route=%2Fwp%2Fv2%2Fcategories&post=81447"},{"taxonomy":"post_tag","embeddable":true,"href":"https:\/\/fedai.az\/index.php?rest_route=%2Fwp%2Fv2%2Ftags&post=81447"}],"curies":[{"name":"wp","href":"https:\/\/api.w.org\/{rel}","templated":true}]}}