{"id":81494,"date":"2022-09-20T09:44:52","date_gmt":"2022-09-20T05:44:52","guid":{"rendered":"https:\/\/fedai.az\/?p=81494"},"modified":"2022-09-20T11:57:45","modified_gmt":"2022-09-20T07:57:45","slug":"taniyaq-v%c9%99-unutmayaq","status":"publish","type":"post","link":"https:\/\/fedai.az\/?p=81494","title":{"rendered":"TANIYAQ V\u018f UNUTMAYAQ!"},"content":{"rendered":"\n<p><strong>I Qaraba\u011f m\u00fcharib\u0259si i\u015ftirak\u00e7\u0131s\u0131 Seyfi \u0130nqilab o\u011flu H\u0259s\u0259nov.<\/strong><\/p>\n\n\n\n<p><strong>Seyfi \u0130nqilab o\u011flu H\u0259s\u0259nov 27 oktyabr 1958-ci ild\u0259 Ucar rayonunun L\u0259k k\u0259ndind\u0259 anadan olmu\u015fdur. Orta t\u0259hsilini Ucar rayonunda alm\u0131\u015fd\u0131r. 1977-1979-cu ill\u0259rd\u0259 Sovet ordusunun t\u0259rkibind\u0259 m\u00fcdd\u0259tli h\u0259qiqi h\u0259rbi xidm\u0259t ke\u00e7mi\u015fdir. H\u0259rbi xidm\u0259tini ba\u015fa vurduqdan sonra uzun ill\u0259r Rusiyada v\u0259 Ukraynan\u0131n Xarkov \u015f\u0259h\u0259rind\u0259 ya\u015fam\u0131\u015fd\u0131r.<\/strong><\/p>\n\n\n\n<p>1989-cu ild\u0259 Qaraba\u011f m\u00fcnaqi\u015f\u0259si n\u00f6vb\u0259ti d\u0259f\u0259 alovlananda, Seyfi H\u0259s\u0259nov Xarkov \u015f\u0259h\u0259rind\u0259n k\u00f6n\u00fcll\u00fc olaraq d\u00f6y\u00fc\u015fl\u0259r\u0259 qat\u0131lmaq \u00fc\u00e7\u00fcn v\u0259t\u0259n\u0259 qay\u0131d\u0131r. Az\u0259rbaycanda k\u00f6n\u00fcll\u00fcl\u0259rd\u0259n ibar\u0259t d\u0259st\u0259l\u0259r yarad\u0131l\u0131rd\u0131. El\u0259 Az\u0259rbaycana qay\u0131dan kimi Seyfi H\u0259s\u0259nov h\u0259min silahl\u0131 birl\u0259\u015fm\u0259nin t\u0259rkibin\u0259 yaz\u0131laraq d\u00f6y\u00fc\u015f\u0259 qat\u0131l\u0131r.<\/p>\n\n\n\n<figure class=\"wp-block-gallery has-nested-images columns-default is-cropped wp-block-gallery-1 is-layout-flex wp-block-gallery-is-layout-flex\">\n<figure class=\"wp-block-image size-large\"><img loading=\"lazy\" decoding=\"async\" width=\"427\" height=\"427\" data-id=\"81495\" src=\"https:\/\/fedai.az\/wp-content\/uploads\/2022\/09\/83927574_1852182054925785_8036020218977320960_n.jpg\" alt=\"\" class=\"wp-image-81495\" srcset=\"https:\/\/fedai.az\/wp-content\/uploads\/2022\/09\/83927574_1852182054925785_8036020218977320960_n.jpg 427w, https:\/\/fedai.az\/wp-content\/uploads\/2022\/09\/83927574_1852182054925785_8036020218977320960_n-300x300.jpg 300w, https:\/\/fedai.az\/wp-content\/uploads\/2022\/09\/83927574_1852182054925785_8036020218977320960_n-150x150.jpg 150w, https:\/\/fedai.az\/wp-content\/uploads\/2022\/09\/83927574_1852182054925785_8036020218977320960_n-215x215.jpg 215w\" sizes=\"auto, (max-width: 427px) 100vw, 427px\" \/><\/figure>\n\n\n\n<figure class=\"wp-block-image size-large\"><img loading=\"lazy\" decoding=\"async\" width=\"960\" height=\"720\" data-id=\"81496\" src=\"https:\/\/fedai.az\/wp-content\/uploads\/2022\/09\/80575736_4000590803299612_8648161283243245568_n.jpg\" alt=\"\" class=\"wp-image-81496\" srcset=\"https:\/\/fedai.az\/wp-content\/uploads\/2022\/09\/80575736_4000590803299612_8648161283243245568_n.jpg 960w, https:\/\/fedai.az\/wp-content\/uploads\/2022\/09\/80575736_4000590803299612_8648161283243245568_n-300x225.jpg 300w, https:\/\/fedai.az\/wp-content\/uploads\/2022\/09\/80575736_4000590803299612_8648161283243245568_n-150x113.jpg 150w, https:\/\/fedai.az\/wp-content\/uploads\/2022\/09\/80575736_4000590803299612_8648161283243245568_n-768x576.jpg 768w\" sizes=\"auto, (max-width: 960px) 100vw, 960px\" \/><\/figure>\n<\/figure>\n\n\n\n<p>1990-c\u0131 ilin \u0259vv\u0259ll\u0259rind\u0259 G\u00f6yg\u00f6l (ke\u00e7mi\u015f Xanlar rayonu) rayonunun \u00c7ayk\u0259nd, Azad v\u0259 Kamo k\u0259ndl\u0259rinin d\u00fc\u015fm\u0259nd\u0259n azad edilm\u0259sind\u0259 yax\u0131ndan i\u015ftirak edir.<\/p>\n\n\n\n<p>1991-ci il dekabr ay\u0131n\u0131n 10-u erm\u0259ni h\u0259rbi birl\u0259\u015fm\u0259si Erk\u0259c, M\u0259n\u0259\u015fid v\u0259 Buzluq k\u0259ndl\u0259ri istiqam\u0259tind\u0259n Goranboy rayonunun Todan k\u0259ndin\u0259 h\u00fccuma ke\u00e7irl\u0259r. H\u0259min d\u00f6y\u00fc\u015fd\u0259 \u0259sl\u0259n \u015firvanl\u0131 olan Milli Q\u0259hr\u0259man Nof\u0259l Quliyev d\u0259 Seyfi H\u0259s\u0259novla \u00e7iyin-\u00e7iyin\u0259 m\u00fcbariz\u0259 apar\u0131rd\u0131. Lakin Nof\u0259l, d\u00fc\u015fm\u0259n t\u0259r\u0259find\u0259n vurularaq q\u0259hr\u0259mancas\u0131na \u015f\u0259hidlik zirv\u0259sin\u0259 y\u00fcks\u0259lir.<\/p>\n\n\n\n<p>1992-ci ilin iyun ay\u0131nda Seyfi H\u0259s\u0259nov T\u0259rt\u0259r\u0259 g\u00f6nd\u0259rilir. Orada olanda Marqu\u015favan d\u00f6y\u00fc\u015fl\u0259rind\u0259 i\u015ftirak edir. Bir ne\u00e7\u0259 u\u011furlu \u0259m\u0259liyyatlarda i\u015ftirak\u00e7\u0131s\u0131 olur.<\/p>\n\n\n\n<p>M\u00fcharib\u0259 h\u0259l\u0259 ba\u015fa \u00e7atmam\u0131\u015fd\u0131 ki, Seyfi H\u0259s\u0259nov Daxili \u0130\u015fl\u0259r Nazirliyin\u0259 \u00e7a\u011f\u0131r\u0131rlar v\u0259 X\u00fcsusi T\u0259yinatl\u0131 Polis d\u0259st\u0259sin\u0259 yaz\u0131l\u0131r. Ucar rayon Polis \u015e\u00f6b\u0259sinin Post Patrul Xidm\u0259ti rotas\u0131na komandir t\u0259yin edilir.<\/p>\n\n\n\n<p>2 aydan sonra D\u0130N kollegiyas\u0131n\u0131n t\u0259\u015f\u0259bb\u00fcs\u00fc il\u0259, Qaraba\u011f d\u00f6y\u00fc\u015fl\u0259rind\u0259 f\u0259al i\u015ftirak\u0131na g\u00f6r\u0259 zabit r\u00fctb\u0259si verilir.<\/p>\n\n\n\n<p>Seyfi H\u0259s\u0259nov yenid\u0259n ordu s\u0131ralar\u0131na qay\u0131d\u0131r v\u0259 1994-c\u00fc il at\u0259\u015fk\u0259s elan olunana q\u0259d\u0259r v\u0259 ondan bir ne\u00e7\u0259 ay sonra da d\u00f6y\u00fc\u015fl\u0259rd\u0259 i\u015ftirak etdir.<\/p>\n\n\n\n<p>Seyfi H\u0259s\u0259nov \u015eu\u015fa, La\u00e7\u0131n, F\u00fczuli v\u0259 C\u0259bray\u0131l istiqam\u0259tind\u0259 ged\u0259n d\u00f6y\u00fc\u015f \u0259m\u0259liyyatlar\u0131nda x\u00fcsusil\u0259 f\u0259all\u0131q g\u00f6st\u0259rmi\u015fdir.<\/p>\n\n\n\n<p>Haz\u0131rda Z\u0259rdab rayonunda Az\u0259rbaycan V\u0259t\u0259n M\u00fcharib\u0259si Veteranlar\u0131 \u0130ctimai Birliyinin rayon \u015f\u00f6b\u0259sinin s\u0259dridir. Bununla b\u0259rab\u0259r, Az\u0259rbaycan Respublikas\u0131 AVMV\u0130B s\u0259drinin \u00f6lk\u0259 \u00fczr\u0259 s\u0259lahiyy\u0259tli n\u00fcmay\u0259nd\u0259sidir.<\/p>\n\n\n\n<p>\u201cM\u00fcharib\u0259 veteran\u0131\u201d \u201cC\u0259m\u015fid Nax\u00e7\u0131vanski ad\u0131na\u201d v\u0259 \u201cMilli ordunun yaranmas\u0131n\u0131n 100 illiyi\u201d medallar\u0131 il\u0259 t\u0259ltif edilmi\u015fdir.<\/p>\n\n\n\n<p>Ail\u0259lidir, \u00fc\u00e7 \u00f6vlad\u0131, alt\u0131 n\u0259v\u0259si var.<\/p>\n\n\n\n<p>H\u00f6rm\u0259tl\u0259,<\/p>\n\n\n\n<p><strong>S\u00fcleyman Tarverdi<\/strong><\/p>\n","protected":false},"excerpt":{"rendered":"<p>I Qaraba\u011f m\u00fcharib\u0259si i\u015ftirak\u00e7\u0131s\u0131 Seyfi \u0130nqilab o\u011flu H\u0259s\u0259nov. Seyfi \u0130nqilab o\u011flu H\u0259s\u0259nov 27 oktyabr 1958-ci ild\u0259 Ucar rayonunun L\u0259k k\u0259ndind\u0259 anadan olmu\u015fdur. Orta t\u0259hsilini<\/p>\n","protected":false},"author":2,"featured_media":81497,"comment_status":"closed","ping_status":"closed","sticky":false,"template":"","format":"standard","meta":{"footnotes":""},"categories":[5],"tags":[],"class_list":["post-81494","post","type-post","status-publish","format-standard","has-post-thumbnail","hentry","category-veteran"],"aioseo_notices":[],"_links":{"self":[{"href":"https:\/\/fedai.az\/index.php?rest_route=\/wp\/v2\/posts\/81494","targetHints":{"allow":["GET"]}}],"collection":[{"href":"https:\/\/fedai.az\/index.php?rest_route=\/wp\/v2\/posts"}],"about":[{"href":"https:\/\/fedai.az\/index.php?rest_route=\/wp\/v2\/types\/post"}],"author":[{"embeddable":true,"href":"https:\/\/fedai.az\/index.php?rest_route=\/wp\/v2\/users\/2"}],"replies":[{"embeddable":true,"href":"https:\/\/fedai.az\/index.php?rest_route=%2Fwp%2Fv2%2Fcomments&post=81494"}],"version-history":[{"count":2,"href":"https:\/\/fedai.az\/index.php?rest_route=\/wp\/v2\/posts\/81494\/revisions"}],"predecessor-version":[{"id":81519,"href":"https:\/\/fedai.az\/index.php?rest_route=\/wp\/v2\/posts\/81494\/revisions\/81519"}],"wp:featuredmedia":[{"embeddable":true,"href":"https:\/\/fedai.az\/index.php?rest_route=\/wp\/v2\/media\/81497"}],"wp:attachment":[{"href":"https:\/\/fedai.az\/index.php?rest_route=%2Fwp%2Fv2%2Fmedia&parent=81494"}],"wp:term":[{"taxonomy":"category","embeddable":true,"href":"https:\/\/fedai.az\/index.php?rest_route=%2Fwp%2Fv2%2Fcategories&post=81494"},{"taxonomy":"post_tag","embeddable":true,"href":"https:\/\/fedai.az\/index.php?rest_route=%2Fwp%2Fv2%2Ftags&post=81494"}],"curies":[{"name":"wp","href":"https:\/\/api.w.org\/{rel}","templated":true}]}}