{"id":81501,"date":"2022-09-20T10:03:21","date_gmt":"2022-09-20T06:03:21","guid":{"rendered":"https:\/\/fedai.az\/?p=81501"},"modified":"2022-09-20T10:03:24","modified_gmt":"2022-09-20T06:03:24","slug":"az%c9%99rbaycan-oz-f%c9%99aliyy%c9%99tini-beyn%c9%99lxalq-huquqa-%c9%99dal%c9%99t%c9%99-v%c9%99-qlobal-t%c9%99hluk%c9%99sizliy%c9%99-%c9%99saslanaraq-h%c9%99yata-kecirm%c9%99kd%c9%99-davam-ed%c9%99c","status":"publish","type":"post","link":"https:\/\/fedai.az\/?p=81501","title":{"rendered":"Az\u0259rbaycan \u00f6z f\u0259aliyy\u0259tini beyn\u0259lxalq h\u00fcquqa, \u0259dal\u0259t\u0259 v\u0259 qlobal t\u0259hl\u00fck\u0259sizliy\u0259 \u0259saslanaraq h\u0259yata ke\u00e7irm\u0259kd\u0259 davam ed\u0259c\u0259k"},"content":{"rendered":"\n<div class=\"wp-block-media-text alignwide is-stacked-on-mobile\"><figure class=\"wp-block-media-text__media\"><img loading=\"lazy\" decoding=\"async\" width=\"810\" height=\"540\" src=\"https:\/\/fedai.az\/wp-content\/uploads\/2022\/09\/287165097_191009676674411_276945637922333029_n.jpg\" alt=\"\" class=\"wp-image-80463 size-full\" srcset=\"https:\/\/fedai.az\/wp-content\/uploads\/2022\/09\/287165097_191009676674411_276945637922333029_n.jpg 810w, https:\/\/fedai.az\/wp-content\/uploads\/2022\/09\/287165097_191009676674411_276945637922333029_n-300x200.jpg 300w, https:\/\/fedai.az\/wp-content\/uploads\/2022\/09\/287165097_191009676674411_276945637922333029_n-150x100.jpg 150w, https:\/\/fedai.az\/wp-content\/uploads\/2022\/09\/287165097_191009676674411_276945637922333029_n-768x512.jpg 768w\" sizes=\"auto, (max-width: 810px) 100vw, 810px\" \/><\/figure><div class=\"wp-block-media-text__content\">\n<h2 class=\"wp-block-heading\"><strong>M\u00fc\u015ffiq \u018fliyev<\/strong><\/h2>\n\n\n\n<p><em><strong>Az\u0259rbaycan Respublikas\u0131 \u015e\u0259hid Ail\u0259l\u0259rin\u0259 \u201cQay\u011f\u0131\u201d C\u0259miyy\u0259tinin s\u0259dri,&nbsp;Az\u0259rbaycan V\u0259t\u0259n M\u00fcharib\u0259si Veteranlar\u0131 \u0130ctimai Birliyi S\u0259drinin humanitar m\u0259s\u0259l\u0259l\u0259r \u00fczr\u0259 s\u0259lahiyy\u0259tli n\u00fcmay\u0259nd\u0259si&nbsp;<\/strong><\/em><\/p>\n\n\n\n<p><strong>X\u018fZ\u018fR RAYON SAK\u0130N\u0130<\/strong><\/p>\n<\/div><\/div>\n\n\n\n<p>Bildiyimiz kimi, \u00f6lk\u0259mizin beyn\u0259lxalq m\u00fcst\u0259vid\u0259 m\u00fch\u00fcm rol oynad\u0131\u011f\u0131 sivilizasiyalararas\u0131 dialoq, multikulturalizm v\u0259 tolerantl\u0131\u011f\u0131n t\u0259\u015fviqi sah\u0259l\u0259ri d\u0259 diqq\u0259t m\u0259rk\u0259zind\u0259 olan m\u0259s\u0259l\u0259l\u0259rd\u0259ndir. Haz\u0131rda tarixi Z\u0259f\u0259rimizin reall\u0131qlar\u0131 fonunda b\u00f6lg\u0259d\u0259 dayan\u0131ql\u0131 s\u00fclh\u00fcn v\u0259 t\u0259hl\u00fck\u0259sizliyin t\u0259min edilm\u0259si istiqam\u0259tind\u0259 Az\u0259rbaycan\u0131n atd\u0131\u011f\u0131 add\u0131mlar, g\u00f6st\u0259rdiyi s\u0259yl\u0259r g\u00f6z \u00f6n\u00fcnd\u0259dir. Dayan\u0131ql\u0131 s\u00fclh\u00fcn t\u0259min olunmas\u0131&nbsp; yeni \u0259m\u0259kda\u015fl\u0131q formatlar\u0131n\u0131n yarad\u0131lmas\u0131 \u00fc\u00e7\u00fcn \u0259sas \u015f\u0259rtl\u0259rd\u0259n biridir. \u00dcmumilikd\u0259 Az\u0259rbaycan h\u0259r zaman b\u00fct\u00fcn m\u0259s\u0259l\u0259l\u0259rin beyn\u0259lxalq h\u00fcququn norma v\u0259 prinsipl\u0259ri \u0259sas\u0131nda \u00e7\u00f6z\u00fclm\u0259sin\u0259 s\u0259y g\u00f6st\u0259rir. \u018fdal\u0259tin v\u0259 beyn\u0259lxalq h\u00fcququn qorundu\u011fu m\u00fchitd\u0259 h\u0259r bir m\u00fcnaqi\u015f\u0259li m\u0259s\u0259l\u0259nin \u0259dal\u0259tli h\u0259lli m\u00fcmk\u00fcnd\u00fcr.<\/p>\n\n\n\n<p>M\u0259lumdur ki, bu g\u00fcn Az\u0259rbaycan\u0131n tranzit v\u0259 n\u0259qliyyat-logistika imkanlar\u0131 davaml\u0131 olaraq inki\u015faf edir. Az\u0259rbaycan \u015e\u0259rq-Q\u0259rb v\u0259 \u015eimal-C\u0259nub n\u0259qliyyat d\u0259hlizl\u0259ri kimi regional kommunikasiya layih\u0259l\u0259rinin i\u015f\u0259 d\u00fc\u015fm\u0259sin\u0259 sanball\u0131 t\u00f6hf\u0259l\u0259r verib. Az\u0259rbaycan 52 g\u0259mi il\u0259 X\u0259z\u0259r d\u0259nizind\u0259 \u0259n b\u00f6y\u00fck m\u00fclki y\u00fck donanmas\u0131na malikdir v\u0259 Bak\u0131 G\u0259miqay\u0131rma Zavodu b\u00fct\u00fcn n\u00f6v g\u0259mil\u0259r istehsal ed\u0259 bilir. Bak\u0131 Beyn\u0259lxalq D\u0259niz Ticar\u0259t Liman\u0131 ild\u0259 15 milyon ton y\u00fcka\u015f\u0131rma qabiliyy\u0259tin\u0259 malikdir v\u0259 bu, ild\u0259 25 milyon tona q\u0259d\u0259r art\u0131r\u0131la bil\u0259r. Bu ilin ilk 7 ay\u0131nda Az\u0259rbaycan \u0259razisind\u0259n ke\u00e7\u0259n tranzit 50 faiz\u0259 yax\u0131n art\u0131b. Son 20 ild\u0259 Az\u0259rbaycanda 19 min kilometr avtomobil yolu, 1400 kilometr d\u0259mir yolu tikilib v\u0259 ya \u0259sasl\u0131 t\u0259mir edilib.<\/p>\n\n\n\n<p> Bu g\u00fcn Az\u0259rbaycan 2020-ci il \u0130kinci Qaraba\u011f m\u00fcharib\u0259sind\u0259ki Q\u0259l\u0259b\u0259d\u0259n sonra i\u015f\u011faldan azad edilmi\u015f \u0259razil\u0259rd\u0259 minl\u0259rl\u0259 kilometr avtomobil yolu v\u0259 y\u00fczl\u0259rl\u0259 kilometr d\u0259mir yolu \u00e7\u0259kir. Az\u0259rbaycan 18 t\u0259yyar\u0259 il\u0259 regionumuzda \u0259n b\u00f6y\u00fck m\u00fclki hava y\u00fck donanmalar\u0131ndan birin\u0259 malikdir. 2024-c\u00fc ilin sonuna q\u0259d\u0259r \u00f6lk\u0259d\u0259 beyn\u0259lxalq hava limanlar\u0131n\u0131n \u00fcmumi say\u0131 bug\u00fcnk\u00fc 7-d\u0259n 9-a \u00e7atd\u0131r\u0131lacaq. 2020-ci ilin sonunda Qaraba\u011f m\u00fcnaqi\u015f\u0259sinin h\u0259lli regionumuzda n\u0259qliyyat-kommunikasiya layih\u0259l\u0259rinin inki\u015faf\u0131 \u00fc\u00e7\u00fcn yeni imkanlar yarad\u0131b. Z\u0259ng\u0259zur d\u0259hlizi a\u00e7\u0131ld\u0131qdan sonra \u0259m\u0259kda\u015fl\u0131q ed\u0259n \u00f6lk\u0259l\u0259rinin n\u0259qliyyat imkanlar\u0131 art\u0131racaq v\u0259 mar\u015frut boyu yerl\u0259\u015f\u0259n b\u00fct\u00fcn \u00f6lk\u0259l\u0259r \u00fc\u00e7\u00fcn faydal\u0131 olacaqd\u0131r. Az\u0259rbaycan Erm\u0259nistana \u00f6lk\u0259l\u0259rin bir-birinin suverenliyinin v\u0259 \u0259razi b\u00fct\u00f6vl\u00fcy\u00fcn\u00fcn qar\u015f\u0131l\u0131ql\u0131 tan\u0131nmas\u0131na \u0259saslanan s\u00fclh m\u00fcqavil\u0259si \u00fc\u00e7\u00fcn be\u015f \u0259sas prinsip t\u0259qdim edib. \u0130lkin \u015f\u0259rtl\u0259r v\u0259 s\u00fcni l\u0259ngim\u0259l\u0259r olmadan s\u00fclh sazi\u015fi layih\u0259si \u00fcz\u0259rind\u0259 i\u015f apar\u0131l\u0131r. Cari ilin 13 sentyabr tarixind\u0259 Erm\u0259nistan Az\u0259rbaycanla d\u00f6vl\u0259t s\u0259rh\u0259dind\u0259 geni\u015fmiqyasl\u0131 h\u0259rbi t\u0259xribat t\u00f6r\u0259tmi\u015fdir. Az\u0259rbaycan silahl\u0131 q\u00fcvv\u0259l\u0259ri bu t\u0259xribat\u0131n qar\u015f\u0131s\u0131n\u0131 q\u0259tiyy\u0259tl\u0259 alm\u0131\u015fd\u0131r. Erm\u0259nistan\u0131n bu t\u0259xribat\u0131 iki \u00f6lk\u0259 aras\u0131nda normalla\u015fd\u0131rma prosesin\u0259 b\u00f6y\u00fck bir z\u0259rb\u0259dir. Buna g\u00f6r\u0259 b\u00fct\u00fcn m\u0259suliyy\u0259t Erm\u0259nistan\u0131n h\u0259rbi-siyasi r\u0259hb\u0259rliyinin \u00fcz\u0259rin\u0259 d\u00fc\u015f\u00fcr. <\/p>\n\n\n\n<p>\u015e\u00fcbh\u0259siz ki, b\u0259zi apar\u0131c\u0131 beyn\u0259lxalq t\u0259\u015fkilatlar\u0131n s\u0259m\u0259r\u0259sizliyi narahatl\u0131q do\u011furur. 1993-c\u00fc ild\u0259 BMT T\u0259hl\u00fck\u0259sizlik \u015euras\u0131n\u0131n Erm\u0259nistan silahl\u0131 q\u00fcvv\u0259l\u0259rinin Az\u0259rbaycan\u0131n i\u015f\u011fal olunmu\u015f \u0259razil\u0259rind\u0259n \u00e7\u0131xar\u0131lmas\u0131n\u0131 t\u0259l\u0259b ed\u0259n d\u00f6rd q\u0259tnam\u0259si ka\u011f\u0131z \u00fcz\u0259rind\u0259 qal\u0131b. T\u0259hl\u00fck\u0259sizlik \u015euras\u0131n\u0131n b\u0259zi q\u0259tnam\u0259l\u0259ri bir ne\u00e7\u0259 g\u00fcn \u0259rzind\u0259 yerin\u0259 yetirildiyi halda, bizim v\u0259ziyy\u0259timizl\u0259 ba\u011fl\u0131 q\u0259bul olunmu\u015f q\u0259tnam\u0259l\u0259r 27 il \u0259rzind\u0259 icra olunmam\u0131\u015f qald\u0131. Az\u0259rbaycan \u00f6z\u00fc beyn\u0259lxalq h\u00fcququn v\u0259 tarixi \u0259dal\u0259tin b\u0259rpa olunmas\u0131na nail olub. Az\u0259rbaycan Qaraba\u011f m\u00fcnaqi\u015f\u0259sini \u00f6z\u00fc h\u0259rbi-siyasi yolla h\u0259ll edib v\u0259 BMT T\u0259hl\u00fck\u0259sizlik \u015euras\u0131n\u0131n q\u0259tnam\u0259l\u0259rinin icras\u0131n\u0131 t\u0259min edib.<\/p>\n\n\n\n<p>Az\u0259rbaycan daim beyn\u0259lxalq tribunalardan bu \u00e7a\u011f\u0131r\u0131\u015f\u0131 edir. D\u00fc\u015f\u00fcn\u00fcr\u0259m ki, \u015eanxay \u018fm\u0259kda\u015fl\u0131q T\u0259\u015fkilat\u0131na \u00fczv d\u00f6vl\u0259tl\u0259rin Sammiti bir daha yeni d\u00f6vr\u00fcn yeni reall\u0131qlar\u0131n\u0131n t\u0259bli\u011find\u0259 v\u0259 q\u0259bulunda&nbsp; \u00f6z s\u00f6z\u00fcn\u00fc dey\u0259c\u0259k. Az\u0259rbaycan\u0131n ilk d\u0259f\u0259 olaraq qurumun Sammitin\u0259 qonaq qismind\u0259 qat\u0131lmas\u0131, d\u00f6vl\u0259t ba\u015f\u00e7\u0131s\u0131 \u0130lham \u018fliyevin buradak\u0131 \u00e7\u0131x\u0131\u015f\u0131 &nbsp;bu bax\u0131mdan da diqq\u0259t\u00e7\u0259k\u0259ndir.&nbsp; &nbsp;Prezident \u0130lham \u018fliyev&nbsp;&nbsp; Sammitd\u0259ki \u00e7\u0131x\u0131\u015f\u0131nda bir daha bildirdi ki, 2020-ci ilin sonunda Qaraba\u011f m\u00fcnaqi\u015f\u0259sinin h\u0259lli regionumuzda n\u0259qliyyat-kommunikasiya layih\u0259l\u0259rinin inki\u015faf\u0131 \u00fc\u00e7\u00fcn yeni imkanlar yarad\u0131b. Z\u0259ng\u0259zur d\u0259hlizi a\u00e7\u0131ld\u0131qdan sonra bu, region \u00f6lk\u0259l\u0259rinin n\u0259qliyyat imkanlar\u0131n\u0131 daha da art\u0131racaq v\u0259 mar\u015frut boyu yerl\u0259\u015f\u0259n b\u00fct\u00fcn \u00f6lk\u0259l\u0259r \u00fc\u00e7\u00fcn faydal\u0131 olacaq. Az\u0259rbaycan Erm\u0259nistana \u00f6lk\u0259l\u0259rin bir-birinin suverenliyinin v\u0259 \u0259razi b\u00fct\u00f6vl\u00fcy\u00fcn\u00fcn qar\u015f\u0131l\u0131ql\u0131 tan\u0131nmas\u0131na \u0259saslanan s\u00fclh m\u00fcqavil\u0259si \u00fc\u00e7\u00fcn be\u015f \u0259sas prinsip t\u0259qdim edib. \u0130ndi biz ilkin \u015f\u0259rtl\u0259r v\u0259 s\u00fcni l\u0259ngim\u0259l\u0259r olmadan s\u00fclh sazi\u015fi layih\u0259si \u00fcz\u0259rind\u0259 i\u015f\u0259 ba\u015flamal\u0131y\u0131q. Bu m\u00fch\u00fcm m\u0259qam da Sammit i\u015ftirak\u00e7\u0131lar\u0131n\u0131n diqq\u0259tin\u0259 \u00e7atd\u0131r\u0131ld\u0131 ki,&nbsp; 2019-cu ild\u0259n Az\u0259rbaycan 120 \u00f6lk\u0259ni birl\u0259\u015fdir\u0259n, BMT-d\u0259n sonra ikinci \u0259n b\u00f6y\u00fck beyn\u0259lxalq t\u0259sisat olan Qo\u015fulmama H\u0259r\u0259kat\u0131na s\u0259drlik edir. H\u0259r\u0259kata s\u0259drlik m\u00fcdd\u0259tinin &nbsp;2023-c\u00fc il\u0259 q\u0259d\u0259r uzad\u0131lmas\u0131 &nbsp;\u00f6lk\u0259miz\u0259 olan h\u00f6rm\u0259tin v\u0259 etimad\u0131n g\u00f6st\u0259ricisidir. Az\u0259rbaycan \u00f6z f\u0259aliyy\u0259tini beyn\u0259lxalq h\u00fcquqa, \u0259dal\u0259t\u0259 v\u0259 qlobal t\u0259hl\u00fck\u0259sizliy\u0259 \u0259saslanaraq h\u0259yata ke\u00e7irm\u0259kd\u0259 davam ed\u0259c\u0259k&#8230;<\/p>\n\n\n\n<p><strong>Ya\u015fas\u0131n m\u00fcst\u0259qil Az\u0259rbaycan Respublikas\u0131! E\u015fq olsun Az\u0259rbaycan xalq\u0131na v\u0259 R\u0259\u015fad\u0259tli Az\u0259rbaycan Ordusuna! Allah c\u0259mi \u015f\u0259hidl\u0259rimiz\u0259 r\u0259hm\u0259t etsin, yaral\u0131 h\u0259rbi qulluq\u00e7ular\u0131m\u0131za \u015f\u0259fa versin! Uca Allahdan <\/strong><strong>xalq\u0131m\u0131z\u0131n \u00dcmummilli Lideri Heyd\u0259r \u018fliyev\u0259 r\u0259hm\u0259t dil\u0259yirik!. H\u0259r birimiz Az\u0259rbaycan Respublikas\u0131n\u0131n Prezidenti, Ali Ba\u015f Komandan, c\u0259nab \u0130lham \u018fliyevl\u0259 q\u00fcrur duyuruq!!!&#8230; Qaraba\u011f Az\u0259rbaycand\u0131r!&#8230;<\/strong><\/p>\n","protected":false},"excerpt":{"rendered":"<p>M\u00fc\u015ffiq \u018fliyev Az\u0259rbaycan Respublikas\u0131 \u015e\u0259hid Ail\u0259l\u0259rin\u0259 \u201cQay\u011f\u0131\u201d C\u0259miyy\u0259tinin s\u0259dri,&nbsp;Az\u0259rbaycan V\u0259t\u0259n M\u00fcharib\u0259si Veteranlar\u0131 \u0130ctimai Birliyi S\u0259drinin humanitar m\u0259s\u0259l\u0259l\u0259r \u00fczr\u0259 s\u0259lahiyy\u0259tli n\u00fcmay\u0259nd\u0259si&nbsp; X\u018fZ\u018fR RAYON SAK\u0130N\u0130 Bildiyimiz<\/p>\n","protected":false},"author":2,"featured_media":81502,"comment_status":"closed","ping_status":"closed","sticky":false,"template":"","format":"standard","meta":{"footnotes":""},"categories":[6],"tags":[],"class_list":["post-81501","post","type-post","status-publish","format-standard","has-post-thumbnail","hentry","category-arasdirma"],"aioseo_notices":[],"_links":{"self":[{"href":"https:\/\/fedai.az\/index.php?rest_route=\/wp\/v2\/posts\/81501","targetHints":{"allow":["GET"]}}],"collection":[{"href":"https:\/\/fedai.az\/index.php?rest_route=\/wp\/v2\/posts"}],"about":[{"href":"https:\/\/fedai.az\/index.php?rest_route=\/wp\/v2\/types\/post"}],"author":[{"embeddable":true,"href":"https:\/\/fedai.az\/index.php?rest_route=\/wp\/v2\/users\/2"}],"replies":[{"embeddable":true,"href":"https:\/\/fedai.az\/index.php?rest_route=%2Fwp%2Fv2%2Fcomments&post=81501"}],"version-history":[{"count":1,"href":"https:\/\/fedai.az\/index.php?rest_route=\/wp\/v2\/posts\/81501\/revisions"}],"predecessor-version":[{"id":81503,"href":"https:\/\/fedai.az\/index.php?rest_route=\/wp\/v2\/posts\/81501\/revisions\/81503"}],"wp:featuredmedia":[{"embeddable":true,"href":"https:\/\/fedai.az\/index.php?rest_route=\/wp\/v2\/media\/81502"}],"wp:attachment":[{"href":"https:\/\/fedai.az\/index.php?rest_route=%2Fwp%2Fv2%2Fmedia&parent=81501"}],"wp:term":[{"taxonomy":"category","embeddable":true,"href":"https:\/\/fedai.az\/index.php?rest_route=%2Fwp%2Fv2%2Fcategories&post=81501"},{"taxonomy":"post_tag","embeddable":true,"href":"https:\/\/fedai.az\/index.php?rest_route=%2Fwp%2Fv2%2Ftags&post=81501"}],"curies":[{"name":"wp","href":"https:\/\/api.w.org\/{rel}","templated":true}]}}