{"id":81504,"date":"2022-09-20T10:14:27","date_gmt":"2022-09-20T06:14:27","guid":{"rendered":"https:\/\/fedai.az\/?p=81504"},"modified":"2022-09-20T10:14:29","modified_gmt":"2022-09-20T06:14:29","slug":"blinken-abs-erm%c9%99nistan-v%c9%99-az%c9%99rbaycan-arasinda-sulh%c9%99-sadiqdir","status":"publish","type":"post","link":"https:\/\/fedai.az\/?p=81504","title":{"rendered":"Blinken: AB\u015e Erm\u0259nistan v\u0259 Az\u0259rbaycan aras\u0131nda s\u00fclh\u0259 sadiqdir"},"content":{"rendered":"\n<p><strong>AB\u015e d\u00f6vl\u0259t katibi Entoni Blinken Erm\u0259nistan v\u0259 Az\u0259rbaycan xarici i\u015fl\u0259r nazirl\u0259rinin g\u00f6r\u00fc\u015f\u00fcnd\u0259 i\u015ftirak edib, o, Va\u015finqtonun bu \u00f6lk\u0259l\u0259r aras\u0131nda fikir ayr\u0131l\u0131qlar\u0131n\u0131n aradan qald\u0131r\u0131lmas\u0131 \u00fc\u00e7\u00fcn h\u0259r \u015feyi etm\u0259y\u0259 haz\u0131r oldu\u011funa inand\u0131r\u0131b.<\/strong><\/p>\n\n\n\n<p>Blinken h\u0259r iki \u00f6lk\u0259nin liderl\u0259rind\u0259n s\u00fclh\u0259 haz\u0131r olduqlar\u0131na dair t\u0259minat ald\u0131\u011f\u0131n\u0131 deyib v\u0259 buna nail olma\u011f\u0131n \u0259n yax\u015f\u0131 yolunu \u201cg\u00fccl\u00fc v\u0259 davaml\u0131 diplomatik \u0259laq\u0259\u201d adland\u0131r\u0131b.<\/p>\n\n\n\n<p><strong>\u201cErm\u0259nistan v\u0259 Az\u0259rbaycan aras\u0131ndak\u0131 ziddiyy\u0259tl\u0259rin h\u0259rbi yolla h\u0259lli yoxdur.<\/strong> Ancaq m\u0259n\u0259 el\u0259 g\u0259lir ki, davaml\u0131 s\u00fclh\u0259 aparan yol var ki, ziddiyy\u0259tl\u0259ri diplomatiya yolu il\u0259 h\u0259ll edir. Birl\u0259\u015fmi\u015f \u015etatlar bu s\u0259yl\u0259ri d\u0259st\u0259kl\u0259m\u0259k \u00fc\u00e7\u00fcn \u0259lind\u0259n g\u0259l\u0259ni etm\u0259y\u0259 haz\u0131rd\u0131r\u201d.<\/p>\n","protected":false},"excerpt":{"rendered":"<p>AB\u015e d\u00f6vl\u0259t katibi Entoni Blinken Erm\u0259nistan v\u0259 Az\u0259rbaycan xarici i\u015fl\u0259r nazirl\u0259rinin g\u00f6r\u00fc\u015f\u00fcnd\u0259 i\u015ftirak edib, o, Va\u015finqtonun bu \u00f6lk\u0259l\u0259r aras\u0131nda fikir ayr\u0131l\u0131qlar\u0131n\u0131n aradan qald\u0131r\u0131lmas\u0131 \u00fc\u00e7\u00fcn<\/p>\n","protected":false},"author":2,"featured_media":81505,"comment_status":"closed","ping_status":"closed","sticky":false,"template":"","format":"standard","meta":{"footnotes":""},"categories":[1],"tags":[],"class_list":["post-81504","post","type-post","status-publish","format-standard","has-post-thumbnail","hentry","category-siyast"],"aioseo_notices":[],"_links":{"self":[{"href":"https:\/\/fedai.az\/index.php?rest_route=\/wp\/v2\/posts\/81504","targetHints":{"allow":["GET"]}}],"collection":[{"href":"https:\/\/fedai.az\/index.php?rest_route=\/wp\/v2\/posts"}],"about":[{"href":"https:\/\/fedai.az\/index.php?rest_route=\/wp\/v2\/types\/post"}],"author":[{"embeddable":true,"href":"https:\/\/fedai.az\/index.php?rest_route=\/wp\/v2\/users\/2"}],"replies":[{"embeddable":true,"href":"https:\/\/fedai.az\/index.php?rest_route=%2Fwp%2Fv2%2Fcomments&post=81504"}],"version-history":[{"count":1,"href":"https:\/\/fedai.az\/index.php?rest_route=\/wp\/v2\/posts\/81504\/revisions"}],"predecessor-version":[{"id":81506,"href":"https:\/\/fedai.az\/index.php?rest_route=\/wp\/v2\/posts\/81504\/revisions\/81506"}],"wp:featuredmedia":[{"embeddable":true,"href":"https:\/\/fedai.az\/index.php?rest_route=\/wp\/v2\/media\/81505"}],"wp:attachment":[{"href":"https:\/\/fedai.az\/index.php?rest_route=%2Fwp%2Fv2%2Fmedia&parent=81504"}],"wp:term":[{"taxonomy":"category","embeddable":true,"href":"https:\/\/fedai.az\/index.php?rest_route=%2Fwp%2Fv2%2Fcategories&post=81504"},{"taxonomy":"post_tag","embeddable":true,"href":"https:\/\/fedai.az\/index.php?rest_route=%2Fwp%2Fv2%2Ftags&post=81504"}],"curies":[{"name":"wp","href":"https:\/\/api.w.org\/{rel}","templated":true}]}}