{"id":81521,"date":"2022-09-20T12:35:59","date_gmt":"2022-09-20T08:35:59","guid":{"rendered":"https:\/\/fedai.az\/?p=81521"},"modified":"2022-09-20T12:36:02","modified_gmt":"2022-09-20T08:36:02","slug":"az%c9%99rbaycanin-dostu-arye-qutun-d%c9%99fn-olunacagi-yer-aciqlandi","status":"publish","type":"post","link":"https:\/\/fedai.az\/?p=81521","title":{"rendered":"Az\u0259rbaycan\u0131n dostu Arye Qutun d\u0259fn olunaca\u011f\u0131 yer A\u00c7IQLANDI\u00a0"},"content":{"rendered":"\n<p><strong>\u201cArye Qut a\u011f\u0131r x\u0259st\u0259likd\u0259n sonra \u0130sraild\u0259 x\u0259st\u0259xanada v\u0259fat edib. Bu, bizim \u00fc\u00e7\u00fcn b\u00f6y\u00fck itkidir. \u00c7\u00fcnki onun miqyas\u0131nda \u0130sraild\u0259 Az\u0259rbaycan \u00fc\u00e7\u00fcn vuru\u015fan insan yoxdur\u201d.<\/strong><\/p>\n\n\n\n<p>Bu s\u00f6zl\u0259ri&nbsp;<strong>Oxu.Az<\/strong>-a a\u00e7\u0131qlamas\u0131nda \u0130sraild\u0259 Az\u0259rbaycan Evinin r\u0259hb\u0259ri Nexamiya \u015eirin Mixaeli deyib.&nbsp;<\/p>\n\n\n\n<p>\u201cOnun v\u0259fat\u0131 diaspor \u00fc\u00e7\u00fcn b\u00f6y\u00fck z\u0259rb\u0259dir. \u0130srail vaxt\u0131 il\u0259 saat 14:00-da vida m\u0259rasimi olacaq, m\u0259n d\u0259 orada olaca\u011fam. Arye Qut Netanya \u015f\u0259h\u0259rind\u0259 d\u0259fn olunacaq\u201d, &#8212; dey\u0259 o \u0259lav\u0259 edib.<\/p>\n\n\n\n<p><strong>12:01<\/strong><\/p>\n\n\n\n<p>\u0130srailli jurnalist, beyn\u0259lxalq m\u00fcnasib\u0259tl\u0259r sah\u0259sind\u0259 siyasi ekspert Arye Qut v\u0259fat edib.<\/p>\n\n\n\n<p>Bu bar\u0259d\u0259&nbsp;<strong>Oxu.Az<\/strong>-a Diasporla \u0130\u015f \u00fczr\u0259 D\u00f6vl\u0259t Komit\u0259sinin m\u0259tbuat katibi&nbsp;<strong>V\u0259sil\u0259 Vahidq\u0131z\u0131&nbsp;<\/strong>m\u0259lumat verib.&nbsp;<\/p>\n\n\n\n<p>Onun s\u00f6zl\u0259rin\u0259 g\u00f6r\u0259, o, uzun m\u00fcdd\u0259t s\u00fcr\u0259n&nbsp;x\u0259st\u0259likd\u0259n sonra v\u0259fat edib.<\/p>\n\n\n\n<p>\u0130srailin Az\u0259rbaycandak\u0131 s\u0259firliyinin m\u0259tbuat katibi&nbsp;<strong>Lal\u0259 \u0130sg\u0259nd\u0259rova<\/strong>&nbsp;<strong>Oxu.Az<\/strong>-a bildirib ki, A.Qut x\u0259r\u00e7\u0259ng x\u0259st\u0259liyind\u0259n \u0259ziyy\u0259t \u00e7\u0259kirmi\u015f.<\/p>\n\n\n\n<p>Qeyd ed\u0259k ki, Arye Qut 1975-ci ild\u0259 Bak\u0131da anadan olub. 2000-ci ild\u0259n \u0130sraild\u0259 ya\u015fay\u0131b.<\/p>\n\n\n\n<p>A.Qut h\u0259m \u0130srail, h\u0259m Az\u0259rbaycan m\u0259tbuat\u0131 il\u0259 f\u0259al \u015f\u0259kild\u0259 \u0259m\u0259kda\u015fl\u0131q edirdi.<\/p>\n\n\n\n<p>O, T\u00fcrkiy\u0259-\u0130srail m\u00fcnasib\u0259tl\u0259ri, \u0130srail v\u0259 Az\u0259rbaycan strateji t\u0259r\u0259fda\u015fl\u0131\u011f\u0131, C\u0259nubi Qafqazda geosiyasi v\u0259ziyy\u0259t, eyni zamanda Erm\u0259nistan-Az\u0259rbaycan m\u00fcnaqi\u015f\u0259si il\u0259 ba\u011fl\u0131 700-d\u0259n art\u0131q analitik m\u0259qal\u0259nin m\u00fc\u0259llifidir.<\/p>\n\n\n\n<p>Arye Qut h\u0259m\u00e7inin Bak\u0131 Beyn\u0259lxalq Multikulturalizm M\u0259rk\u0259zinin \u0130sraild\u0259ki n\u00fcmay\u0259nd\u0259liyinin v\u0259 \u0130sraild\u0259 Az\u0259rbaycan Evinin icra\u00e7\u0131 direktoru idi.<\/p>\n","protected":false},"excerpt":{"rendered":"<p>\u201cArye Qut a\u011f\u0131r x\u0259st\u0259likd\u0259n sonra \u0130sraild\u0259 x\u0259st\u0259xanada v\u0259fat edib. Bu, bizim \u00fc\u00e7\u00fcn b\u00f6y\u00fck itkidir. \u00c7\u00fcnki onun miqyas\u0131nda \u0130sraild\u0259 Az\u0259rbaycan \u00fc\u00e7\u00fcn vuru\u015fan insan yoxdur\u201d. Bu<\/p>\n","protected":false},"author":2,"featured_media":81522,"comment_status":"closed","ping_status":"closed","sticky":false,"template":"","format":"standard","meta":{"footnotes":""},"categories":[3],"tags":[],"class_list":["post-81521","post","type-post","status-publish","format-standard","has-post-thumbnail","hentry","category-gundm"],"aioseo_notices":[],"_links":{"self":[{"href":"https:\/\/fedai.az\/index.php?rest_route=\/wp\/v2\/posts\/81521","targetHints":{"allow":["GET"]}}],"collection":[{"href":"https:\/\/fedai.az\/index.php?rest_route=\/wp\/v2\/posts"}],"about":[{"href":"https:\/\/fedai.az\/index.php?rest_route=\/wp\/v2\/types\/post"}],"author":[{"embeddable":true,"href":"https:\/\/fedai.az\/index.php?rest_route=\/wp\/v2\/users\/2"}],"replies":[{"embeddable":true,"href":"https:\/\/fedai.az\/index.php?rest_route=%2Fwp%2Fv2%2Fcomments&post=81521"}],"version-history":[{"count":1,"href":"https:\/\/fedai.az\/index.php?rest_route=\/wp\/v2\/posts\/81521\/revisions"}],"predecessor-version":[{"id":81523,"href":"https:\/\/fedai.az\/index.php?rest_route=\/wp\/v2\/posts\/81521\/revisions\/81523"}],"wp:featuredmedia":[{"embeddable":true,"href":"https:\/\/fedai.az\/index.php?rest_route=\/wp\/v2\/media\/81522"}],"wp:attachment":[{"href":"https:\/\/fedai.az\/index.php?rest_route=%2Fwp%2Fv2%2Fmedia&parent=81521"}],"wp:term":[{"taxonomy":"category","embeddable":true,"href":"https:\/\/fedai.az\/index.php?rest_route=%2Fwp%2Fv2%2Fcategories&post=81521"},{"taxonomy":"post_tag","embeddable":true,"href":"https:\/\/fedai.az\/index.php?rest_route=%2Fwp%2Fv2%2Ftags&post=81521"}],"curies":[{"name":"wp","href":"https:\/\/api.w.org\/{rel}","templated":true}]}}