{"id":81526,"date":"2022-09-20T23:05:22","date_gmt":"2022-09-20T19:05:22","guid":{"rendered":"https:\/\/fedai.az\/?p=81526"},"modified":"2022-09-20T23:05:25","modified_gmt":"2022-09-20T19:05:25","slug":"cavusoglu-blinkenl%c9%99-s%c9%99rh%c9%99dd%c9%99ki-g%c9%99rginliyi-muzakir%c9%99-edib","status":"publish","type":"post","link":"https:\/\/fedai.az\/?p=81526","title":{"rendered":"\u00c7avu\u015fo\u011flu Blinkenl\u0259 s\u0259rh\u0259dd\u0259ki g\u0259rginliyi m\u00fczakir\u0259 edib"},"content":{"rendered":"\n<p><strong>AB\u015e d\u00f6vl\u0259t katibi Entoni Blinken Nyu-Yorkda T\u00fcrkiy\u0259nin xarici i\u015fl\u0259r naziri M\u00f6vlud \u00c7avu\u015fo\u011flu il\u0259 Erm\u0259nistan v\u0259 Az\u0259rbaycan aras\u0131ndak\u0131 g\u0259rginliyi m\u00fczakir\u0259 edib.<\/strong><\/p>\n\n\n\n<p>Bu bar\u0259d\u0259 D\u00f6vl\u0259t\u00a0Departamenti m\u0259lumat yay\u0131b.<\/p>\n\n\n\n<p>Qeyd olunub&nbsp;ki, Blinken AB\u015e-\u0131n iki \u00f6lk\u0259 aras\u0131nda dialoqu t\u0259\u015fviq etm\u0259y\u0259 v\u0259 uzunm\u00fcdd\u0259tli siyasi nizamlanmaya nail olma\u011fa haz\u0131r oldu\u011funu t\u0259sdiql\u0259yib.<\/p>\n","protected":false},"excerpt":{"rendered":"<p>AB\u015e d\u00f6vl\u0259t katibi Entoni Blinken Nyu-Yorkda T\u00fcrkiy\u0259nin xarici i\u015fl\u0259r naziri M\u00f6vlud \u00c7avu\u015fo\u011flu il\u0259 Erm\u0259nistan v\u0259 Az\u0259rbaycan aras\u0131ndak\u0131 g\u0259rginliyi m\u00fczakir\u0259 edib. Bu bar\u0259d\u0259 D\u00f6vl\u0259t\u00a0Departamenti m\u0259lumat<\/p>\n","protected":false},"author":2,"featured_media":81527,"comment_status":"closed","ping_status":"closed","sticky":false,"template":"","format":"standard","meta":{"footnotes":""},"categories":[1],"tags":[],"class_list":["post-81526","post","type-post","status-publish","format-standard","has-post-thumbnail","hentry","category-siyast"],"aioseo_notices":[],"_links":{"self":[{"href":"https:\/\/fedai.az\/index.php?rest_route=\/wp\/v2\/posts\/81526","targetHints":{"allow":["GET"]}}],"collection":[{"href":"https:\/\/fedai.az\/index.php?rest_route=\/wp\/v2\/posts"}],"about":[{"href":"https:\/\/fedai.az\/index.php?rest_route=\/wp\/v2\/types\/post"}],"author":[{"embeddable":true,"href":"https:\/\/fedai.az\/index.php?rest_route=\/wp\/v2\/users\/2"}],"replies":[{"embeddable":true,"href":"https:\/\/fedai.az\/index.php?rest_route=%2Fwp%2Fv2%2Fcomments&post=81526"}],"version-history":[{"count":1,"href":"https:\/\/fedai.az\/index.php?rest_route=\/wp\/v2\/posts\/81526\/revisions"}],"predecessor-version":[{"id":81528,"href":"https:\/\/fedai.az\/index.php?rest_route=\/wp\/v2\/posts\/81526\/revisions\/81528"}],"wp:featuredmedia":[{"embeddable":true,"href":"https:\/\/fedai.az\/index.php?rest_route=\/wp\/v2\/media\/81527"}],"wp:attachment":[{"href":"https:\/\/fedai.az\/index.php?rest_route=%2Fwp%2Fv2%2Fmedia&parent=81526"}],"wp:term":[{"taxonomy":"category","embeddable":true,"href":"https:\/\/fedai.az\/index.php?rest_route=%2Fwp%2Fv2%2Fcategories&post=81526"},{"taxonomy":"post_tag","embeddable":true,"href":"https:\/\/fedai.az\/index.php?rest_route=%2Fwp%2Fv2%2Ftags&post=81526"}],"curies":[{"name":"wp","href":"https:\/\/api.w.org\/{rel}","templated":true}]}}