{"id":81529,"date":"2022-09-20T23:07:34","date_gmt":"2022-09-20T19:07:34","guid":{"rendered":"https:\/\/fedai.az\/?p=81529"},"modified":"2022-09-20T23:07:38","modified_gmt":"2022-09-20T19:07:38","slug":"27-sentyabrda-hansi-t%c9%99dbirl%c9%99r-keciril%c9%99c%c9%99k-siyahi","status":"publish","type":"post","link":"https:\/\/fedai.az\/?p=81529","title":{"rendered":"27 sentyabrda hans\u0131 t\u0259dbirl\u0259r ke\u00e7iril\u0259c\u0259k? &#8212; Siyah\u0131"},"content":{"rendered":"\n<p><strong>27 sentyabr &#8212; An\u0131m G\u00fcn\u00fc il\u0259 \u0259laq\u0259dar Az\u0259rbaycan\u0131n m\u0259d\u0259niyy\u0259t ocaqlar\u0131nda bir s\u0131ra t\u0259dbirl\u0259r ke\u00e7iril\u0259c\u0259k.<\/strong><\/p>\n\n\n\n<p>Bu bar\u0259d\u0259\u00a0Kult.az-a M\u0259d\u0259niyy\u0259t Nazirliyind\u0259n bildirilib.<\/p>\n\n\n\n<p>Qeyd edilib ki, an\u0131m g\u00fcn\u00fc il\u0259 \u0259laq\u0259dar Akademik Milli Dram Teatr\u0131nda d\u00f6vl\u0259t sifari\u015fi \u0259sas\u0131nda &#171;Z\u0259f\u0259r yolu&#187; tama\u015fas\u0131 haz\u0131rlan\u0131b. S\u0259hn\u0259 \u0259s\u0259ri sentyabr\u0131n 23, 24 v\u0259 25-d\u0259 oynan\u0131lacaq.<\/p>\n\n\n\n<p>Sentyabr\u0131n 27-d\u0259 Az\u0259rbaycan D\u00f6vl\u0259t Akademik Musiqili Teatr\u0131da V\u0259t\u0259n m\u00fcharib\u0259sin\u0259 h\u0259sr olunan &#171;Bir n\u0259f\u0259s q\u0259d\u0259r&#187; tama\u015fas\u0131 n\u00fcmayi\u015f olunacaq.<\/p>\n\n\n\n<p>H\u0259m\u00e7inin saat 12:00-da Az\u0259rbaycan Musiqi M\u0259d\u0259niyy\u0259ti D\u00f6vl\u0259t Muzeyind\u0259 an\u0131m g\u00fcn\u00fc il\u0259 ba\u011fl\u0131 &#171;\u015e\u0259hidl\u0259r \u00f6lm\u0259z, V\u0259t\u0259n b\u00f6l\u00fcnm\u0259z&#187; adl\u0131 t\u0259dbir ke\u00e7iril\u0259c\u0259k.<\/p>\n\n\n\n<p>Saat 14:00-da Leopold v\u0259 Mstislav Rostropovi\u00e7l\u0259rin Ev-muzeyind\u0259 m\u00fcharib\u0259nin q\u0131sa tarixi, \u015f\u0259hidlik zirv\u0259sin\u0259 ucalan \u015f\u0259hidl\u0259ri tan\u0131maq v\u0259 anmaq m\u0259qs\u0259di il\u0259 m\u00fcharib\u0259nin canl\u0131 \u015fahidl\u0259ri olan qazil\u0259rin v\u0259 \u015f\u0259hid ail\u0259l\u0259rinin i\u015ftirak\u0131 il\u0259 \u201cQ\u0259hr\u0259man\u0131m\u0131z\u0131 tan\u0131!\u201d adl\u0131 t\u0259dbir t\u0259\u015fkil olunacaq.<\/p>\n\n\n\n<p>Eyni zamanda S\u0259m\u0259d Vur\u011funun ev-muzeyind\u0259 &#171;44 g\u00fcnl\u00fck V\u0259t\u0259n m\u00fcharib\u0259si&#8230;&#187; adl\u0131 t\u0259dbir v\u0259 q\u0259hr\u0259manlar\u0131m\u0131za h\u0259sr olunan onlayn s\u0259rgi ke\u00e7iril\u0259c\u0259k.<\/p>\n\n\n\n<p>Abdulla \u015eaiqin M\u0259nzil-Muzeyind\u0259 an\u0131m g\u00fcn\u00fc il\u0259 ba\u011fl\u0131 &#171;Z\u0259f\u0259r\u0259 aparan yol&#187; adl\u0131 t\u0259dbir ke\u00e7iril\u0259c\u0259k.<\/p>\n\n\n\n<p>Bundan ba\u015fqa, N\u0259riman N\u0259rimanovun xatir\u0259 muzeyind\u0259 &#171;44 g\u00fcnl\u00fck z\u0259f\u0259r tariximiz&#187; adl\u0131 s\u0259rgi v\u0259 A\u00e7\u0131q qap\u0131 t\u0259\u015fkil olunacaq.<\/p>\n","protected":false},"excerpt":{"rendered":"<p>27 sentyabr &#8212; An\u0131m G\u00fcn\u00fc il\u0259 \u0259laq\u0259dar Az\u0259rbaycan\u0131n m\u0259d\u0259niyy\u0259t ocaqlar\u0131nda bir s\u0131ra t\u0259dbirl\u0259r ke\u00e7iril\u0259c\u0259k. Bu bar\u0259d\u0259\u00a0Kult.az-a M\u0259d\u0259niyy\u0259t Nazirliyind\u0259n bildirilib. Qeyd edilib ki, an\u0131m g\u00fcn\u00fc<\/p>\n","protected":false},"author":2,"featured_media":81530,"comment_status":"closed","ping_status":"closed","sticky":false,"template":"","format":"standard","meta":{"footnotes":""},"categories":[3],"tags":[],"class_list":["post-81529","post","type-post","status-publish","format-standard","has-post-thumbnail","hentry","category-gundm"],"aioseo_notices":[],"_links":{"self":[{"href":"https:\/\/fedai.az\/index.php?rest_route=\/wp\/v2\/posts\/81529","targetHints":{"allow":["GET"]}}],"collection":[{"href":"https:\/\/fedai.az\/index.php?rest_route=\/wp\/v2\/posts"}],"about":[{"href":"https:\/\/fedai.az\/index.php?rest_route=\/wp\/v2\/types\/post"}],"author":[{"embeddable":true,"href":"https:\/\/fedai.az\/index.php?rest_route=\/wp\/v2\/users\/2"}],"replies":[{"embeddable":true,"href":"https:\/\/fedai.az\/index.php?rest_route=%2Fwp%2Fv2%2Fcomments&post=81529"}],"version-history":[{"count":1,"href":"https:\/\/fedai.az\/index.php?rest_route=\/wp\/v2\/posts\/81529\/revisions"}],"predecessor-version":[{"id":81531,"href":"https:\/\/fedai.az\/index.php?rest_route=\/wp\/v2\/posts\/81529\/revisions\/81531"}],"wp:featuredmedia":[{"embeddable":true,"href":"https:\/\/fedai.az\/index.php?rest_route=\/wp\/v2\/media\/81530"}],"wp:attachment":[{"href":"https:\/\/fedai.az\/index.php?rest_route=%2Fwp%2Fv2%2Fmedia&parent=81529"}],"wp:term":[{"taxonomy":"category","embeddable":true,"href":"https:\/\/fedai.az\/index.php?rest_route=%2Fwp%2Fv2%2Fcategories&post=81529"},{"taxonomy":"post_tag","embeddable":true,"href":"https:\/\/fedai.az\/index.php?rest_route=%2Fwp%2Fv2%2Ftags&post=81529"}],"curies":[{"name":"wp","href":"https:\/\/api.w.org\/{rel}","templated":true}]}}