{"id":81537,"date":"2022-09-21T00:55:14","date_gmt":"2022-09-20T20:55:14","guid":{"rendered":"https:\/\/fedai.az\/?p=81537"},"modified":"2022-09-21T00:55:17","modified_gmt":"2022-09-20T20:55:17","slug":"tehranin-kabusa-cevir%c9%99rik-b%c9%99yanatina-bakidan-s%c9%99rt-cavab","status":"publish","type":"post","link":"https:\/\/fedai.az\/?p=81537","title":{"rendered":"Tehran\u0131n \u201ckabusa \u00e7evir\u0259rik\u201d b\u0259yanat\u0131na Bak\u0131dan\u00a0S\u018fRT CAVAB"},"content":{"rendered":"\n<p><strong>\u201c\u0130ran regionun s\u0259rh\u0259dl\u0259rini d\u0259yi\u015fm\u0259k arzusunu kabusa \u00e7evir\u0259c\u0259k\u201d.<\/strong><\/p>\n\n\n\n<p>Bunu \u0130ran parlamentinin Milli T\u0259hl\u00fck\u0259sizlik v\u0259 Xarici Siyas\u0259t Komit\u0259sinin s\u0259dri Vahid C\u0259lalzad\u0259 deyib.<\/p>\n\n\n\n<p>O, \u00e7\u0131x\u0131\u015f\u0131 zaman\u0131 Tehran\u0131n Az\u0259rbaycan, Erm\u0259nistan, T\u00fcrkm\u0259nistan v\u0259 dig\u0259r postsovet respublikalar\u0131n\u0131n m\u00fcst\u0259qillik \u0259ld\u0259 etdikd\u0259n sonra yan\u0131nda oldu\u011funu, bu \u00f6lk\u0259l\u0259rin h\u00f6kum\u0259tl\u0259rin\u0259 m\u00fcxt\u0259lif yard\u0131mlar g\u00f6st\u0259rdiyini bildirib v\u0259 \u201c\u0130ran regionda s\u0259rh\u0259dl\u0259rin d\u0259yi\u015fdirilm\u0259sinin qar\u015f\u0131s\u0131n\u0131 alacaq\u201d, dey\u0259 \u0259lav\u0259 edib.<\/p>\n\n\n\n<p>Sfera.az-\u0131n m\u0259lumat\u0131na g\u00f6r\u0259, bu bar\u0259d\u0259 fikirl\u0259rini b\u00f6l\u00fc\u015f\u0259n Milli M\u0259clisin deputat\u0131 Sahib Al\u0131yev deyib ki, Vahid C\u0259lalzad\u0259nin bu s\u00f6zl\u0259ri iki m\u0259qs\u0259dl\u0259 d\u00f6vriyy\u0259y\u0259 burax\u0131l\u0131b:<\/p>\n\n\n\n<p><strong>\u201c\u0130lk n\u00f6vb\u0259d\u0259 haylara g\u00f6st\u0259rilir ki, onlar\u0131 Nensi Pelosid\u0259n d\u0259 \u00e7ox sev\u0259n qarda\u015flar\u0131 var. \u018fn \u0259sas\u0131 is\u0259 fikrimc\u0259, bel\u0259 a\u00e7\u0131qlamalarla molla rejimi diqq\u0259ti ba\u015fqa s\u0259mt\u0259 y\u00f6n\u0259ldib c\u0259miyy\u0259ti \u00f6z m\u0259qs\u0259dl\u0259ri \u0259traf\u0131nda toparlama\u011fa, \u00f6lk\u0259d\u0259 ard-arda ba\u015f qald\u0131ran v\u0259 get-ged\u0259 artan naraz\u0131l\u0131q dal\u011fas\u0131n\u0131 s\u0259ngitm\u0259y\u0259 \u00e7al\u0131\u015f\u0131r. Maraql\u0131d\u0131r, \u0130ran bel\u0259 beyn\u0259lxalq normalar t\u0259r\u0259fdar\u0131d\u0131rsa, niy\u0259 Erm\u0259nistan\u0131 silahl\u0131 \u00fcns\u00fcrl\u0259rini Qaraba\u011fdan \u00e7\u0131xarma\u011fa \u00e7a\u011f\u0131rm\u0131r?\u201d.<\/strong><\/p>\n\n\n\n<p>Deputat qeyd edib ki, Az\u0259rbaycan\u0131n b\u00fct\u00fcn torpaqlar\u0131 \u00fcz\u0259rind\u0259 tam suverenliyini t\u0259min etm\u0259k yolunda atd\u0131\u011f\u0131 q\u0259tiyy\u0259tli add\u0131mlar r\u0259smi Tehran\u0131 n\u0259inki q\u0131c\u0131qland\u0131r\u0131r, h\u0259tta t\u0259la\u015fa sal\u0131r:<\/p>\n\n\n\n<p><strong>\u201c\u0130ran Parlamentinin milli t\u0259hl\u00fck\u0259sizlik v\u0259 xarici siyas\u0259t komit\u0259sinin s\u0259dri Vahid C\u0259lalzad\u0259 bilm\u0259lidir ki, &#171;kabus\u201d dediyi \u015fey, &nbsp;\u00f6lk\u0259si guya regionda s\u0259rh\u0259dl\u0259rin d\u0259yi\u015fm\u0259sinin qar\u015f\u0131s\u0131n\u0131n al\u0131nmas\u0131 y\u00f6n\u00fcnd\u0259 h\u0259r\u0259k\u0259t\u0259 ke\u00e7diyi g\u00fcnd\u0259n ba\u015flayacaq. \u0130ran\u0131n Az\u0259rbaycana qar\u015f\u0131 at\u0131lan m\u0259krli add\u0131mlar\u0131 bumeranq olub \u00f6z \u00fcz\u0259rl\u0259rin\u0259 qay\u0131dacaq\u201d.<\/strong><\/p>\n","protected":false},"excerpt":{"rendered":"<p>\u201c\u0130ran regionun s\u0259rh\u0259dl\u0259rini d\u0259yi\u015fm\u0259k arzusunu kabusa \u00e7evir\u0259c\u0259k\u201d. Bunu \u0130ran parlamentinin Milli T\u0259hl\u00fck\u0259sizlik v\u0259 Xarici Siyas\u0259t Komit\u0259sinin s\u0259dri Vahid C\u0259lalzad\u0259 deyib. O, \u00e7\u0131x\u0131\u015f\u0131 zaman\u0131 Tehran\u0131n<\/p>\n","protected":false},"author":2,"featured_media":81538,"comment_status":"closed","ping_status":"closed","sticky":false,"template":"","format":"standard","meta":{"footnotes":""},"categories":[1],"tags":[],"class_list":["post-81537","post","type-post","status-publish","format-standard","has-post-thumbnail","hentry","category-siyast"],"aioseo_notices":[],"_links":{"self":[{"href":"https:\/\/fedai.az\/index.php?rest_route=\/wp\/v2\/posts\/81537","targetHints":{"allow":["GET"]}}],"collection":[{"href":"https:\/\/fedai.az\/index.php?rest_route=\/wp\/v2\/posts"}],"about":[{"href":"https:\/\/fedai.az\/index.php?rest_route=\/wp\/v2\/types\/post"}],"author":[{"embeddable":true,"href":"https:\/\/fedai.az\/index.php?rest_route=\/wp\/v2\/users\/2"}],"replies":[{"embeddable":true,"href":"https:\/\/fedai.az\/index.php?rest_route=%2Fwp%2Fv2%2Fcomments&post=81537"}],"version-history":[{"count":1,"href":"https:\/\/fedai.az\/index.php?rest_route=\/wp\/v2\/posts\/81537\/revisions"}],"predecessor-version":[{"id":81539,"href":"https:\/\/fedai.az\/index.php?rest_route=\/wp\/v2\/posts\/81537\/revisions\/81539"}],"wp:featuredmedia":[{"embeddable":true,"href":"https:\/\/fedai.az\/index.php?rest_route=\/wp\/v2\/media\/81538"}],"wp:attachment":[{"href":"https:\/\/fedai.az\/index.php?rest_route=%2Fwp%2Fv2%2Fmedia&parent=81537"}],"wp:term":[{"taxonomy":"category","embeddable":true,"href":"https:\/\/fedai.az\/index.php?rest_route=%2Fwp%2Fv2%2Fcategories&post=81537"},{"taxonomy":"post_tag","embeddable":true,"href":"https:\/\/fedai.az\/index.php?rest_route=%2Fwp%2Fv2%2Ftags&post=81537"}],"curies":[{"name":"wp","href":"https:\/\/api.w.org\/{rel}","templated":true}]}}