{"id":8154,"date":"2020-06-19T02:25:36","date_gmt":"2020-06-18T22:25:36","guid":{"rendered":"http:\/\/fedai.az\/?p=8154"},"modified":"2020-06-19T21:35:50","modified_gmt":"2020-06-19T17:35:50","slug":"o-yol-bizim-yolumuzdur","status":"publish","type":"post","link":"https:\/\/fedai.az\/?p=8154","title":{"rendered":"O yol bizim yolumuzdur"},"content":{"rendered":"\n<p class=\"wp-block-paragraph\"><strong>M\u00fcbariz Yer \u00fcz\u00fcn\u0259 enmi\u015f bir q\u0259hr\u0259man idi. M\u00fcbariz d\u00fcnyan\u0131n art\u0131q unutdu\u011fu \u0259sil r\u0259\u015fad\u0259t v\u0259 \u015f\u00fcca\u0259tin bu g\u00fcn t\u0259k \u00fcnvan\u0131d\u0131.<\/strong><\/p>\n\n\n\n<p class=\"wp-block-paragraph\">M\u00fcbariz m\u0259qam kimi \u0259n uca, insan kimi \u0259n ulu bir m\u0259rt\u0259b\u0259nin sakinidi.<\/p>\n\n\n\n<p class=\"wp-block-paragraph\">M\u00fcbariz c\u0259nubda v\u0259 \u015fimalda, \u015f\u0259rqd\u0259 v\u0259 q\u0259rbd\u0259 \u0259zilm\u0259kd\u0259 olan bir xalq\u0131n o\u011fluydu. Az\u0259rbaycan\u0131n o\u011fluydu. Bu m\u0259ml\u0259k\u0259t M\u00fcbarizl\u0259r do\u011fmal\u0131d\u0131r. Bu mill\u0259t bunca t\u0259hqiramiz i\u015f\u011fallara, \u0259zab v\u0259 i\u015fg\u0259nc\u0259l\u0259r\u0259 qar\u015f\u0131 bir M\u00fcbariz olmal\u0131d\u0131r.<\/p>\n\n\n\n<p class=\"wp-block-paragraph\">O bir ulusun k\u00f6lg\u0259sin\u0259 s\u0131\u011f\u0131naca\u011f\u0131 m\u00fcmk\u00fcn olan bir q\u0259hr\u0259mand\u0131r. Yolumuz onun yolu, and\u0131m\u0131z onun and\u0131 olmal\u0131d\u0131r.<\/p>\n\n\n\n<p class=\"wp-block-paragraph\">Ya Qaraba\u011f, ya \u00f6l\u00fcm! Ya Qaraba\u011f, ya da Qaraba\u011f! Rusu da, fars\u0131 da v\u0259 h\u0259r n\u00f6v terror\u00e7u imperialisti d\u0259 bu \u0259qid\u0259nin \u00f6n\u00fcnd\u0259 bir he\u00e7dir. M\u00fcbaiz\u0259 b\u0259nz\u0259yin, M\u00fcbariz olun! O biz\u0259 Tanr\u0131n\u0131n g\u00f6nd\u0259rdiyi bir l\u00fctf, bir \u0259rma\u011fand\u0131r.<\/p>\n\n\n\n<p class=\"wp-block-paragraph\">Onun yolu h\u0259r birimizin yoludur. Sonunda \u015f\u0259had\u0259t varsa da, q\u0259l\u0259b\u0259 var, z\u0259f\u0259r var. H\u0259r g\u00fcn bu yolla y\u00fcr\u00fcm\u0259liyik. Yol gedilm\u0259y\u0259nd\u0259 ot-alaq basar. Biz onun getdiyi yolu \u00f6z ayaq izl\u0259rimizl\u0259 d\u00f6y\u0259n\u0259k etm\u0259liyik.<\/p>\n\n\n\n<p class=\"wp-block-paragraph\">O yol \u015f\u0259r\u0259f yoludur. O yol mill\u0259t yoludur. O yolla y\u00fcr\u00fcm\u0259y\u0259 haz\u0131rs\u0131n\u0131zm\u0131?<\/p>\n\n\n\n<p class=\"wp-block-paragraph\">\u015e\u0259r\u0259fli bir h\u0259yat\u0131n sonu \u015f\u0259hidlik, \u015f\u0259r\u0259fsizlikl\u0259 s\u00fcr\u00fcl\u0259n h\u0259yat\u0131nsa sonu le\u015f olmaqd\u0131r. \u018fld\u0259 silahla \u00f6lm\u0259k, diz \u00fcst\u0259 ya\u015famaqdan \u015f\u0259r\u0259flidir. N\u0259 xo\u015f \u015f\u0259hidl\u0259rin hal\u0131na:<\/p>\n\n\n\n<p class=\"wp-block-paragraph\"><strong>Sahibsiz v\u0259t\u0259nin batmas\u0131 haqd\u0131r,<br>S\u0259n sahib olursan, bu v\u0259t\u0259n batmayacaqd\u0131r.<\/strong><\/p>\n\n\n\n<p class=\"wp-block-paragraph\">D\u00fc\u015fm\u0259nin son \u0259sg\u0259ri yox edilinc\u0259, ayaqda olmal\u0131y\u0131q. Yolumuz M\u00fcbariz yolu, \u00f6z\u00fcm\u00fcz M\u00fcbariz olmal\u0131y\u0131q!<\/p>\n\n\n\n<p class=\"wp-block-paragraph\"><strong>O yol bizim yolumuzdur!<\/strong><\/p>\n\n\n\n<p class=\"wp-block-paragraph\"><strong>P\u0259rviz<\/strong><\/p>\n\n\n\n<figure class=\"wp-block-embed-facebook wp-block-embed is-type-video is-provider-facebook\"><div class=\"wp-block-embed__wrapper\">\n<div id=\"fb-root\"><\/div><script async=\"1\" defer=\"1\" crossorigin=\"anonymous\" src=\"https:\/\/connect.facebook.net\/az_AZ\/sdk.js#xfbml=1&amp;version=v7.0\" nonce=\"AFEBFx8z\"><\/script><div class=\"fb-video\" data-href=\"https:\/\/www.facebook.com\/HaberGlobal\/videos\/907132069756330\/?t=5\" data-width=\"715\"><blockquote cite=\"https:\/\/www.facebook.com\/HaberGlobal\/videos\/907132069756330\/\" class=\"fb-xfbml-parse-ignore\"><a href=\"https:\/\/www.facebook.com\/HaberGlobal\/videos\/907132069756330\/\">\u015eehit M\u00fcbariz \u0130brahimov Unutulmad\u0131 \ud83c\udde6\ud83c\uddff<\/a><p>\u015eehit M\u00fcbariz \u0130brahimov Unutulmad\u0131 \ud83c\udde6\ud83c\uddff\u0130brahimov Tek Ba\u015f\u0131na Ermeni Kuvvetleriyle Sava\u015ft\u0131!\u0130brahimov, 5 Saat Boyunca Tek Ba\u015f\u0131na Sava\u015farak 45 Ermeni Askerini \u00d6ld\u00fcrd\u00fc<\/p>Posted by <a href=\"https:\/\/www.facebook.com\/HaberGlobal\/\">Haber Global<\/a> on 18 \u0130yun 2020, C\u00fcm\u0259 ax\u015fam\u0131<\/blockquote><\/div>\n<\/div><\/figure>\n","protected":false},"excerpt":{"rendered":"<p>M\u00fcbariz Yer \u00fcz\u00fcn\u0259 enmi\u015f bir q\u0259hr\u0259man idi. M\u00fcbariz d\u00fcnyan\u0131n art\u0131q unutdu\u011fu \u0259sil r\u0259\u015fad\u0259t v\u0259 \u015f\u00fcca\u0259tin bu g\u00fcn t\u0259k \u00fcnvan\u0131d\u0131. M\u00fcbariz m\u0259qam kimi \u0259n uca,<\/p>\n","protected":false},"author":2,"featured_media":8161,"comment_status":"closed","ping_status":"closed","sticky":false,"template":"","format":"standard","meta":{"footnotes":""},"categories":[14],"tags":[],"class_list":["post-8154","post","type-post","status-publish","format-standard","has-post-thumbnail","hentry","category-kos"],"aioseo_notices":[],"aioseo_head":"\n\t\t<!-- All in One SEO 5.0.0.1 - aioseo.com -->\n\t<meta name=\"description\" content=\"M\u00fcbariz Yer \u00fcz\u00fcn\u0259 enmi\u015f bir q\u0259hr\u0259man idi. M\u00fcbariz d\u00fcnyan\u0131n art\u0131q unutdu\u011fu \u0259sil r\u0259\u015fad\u0259t v\u0259 \u015f\u00fcca\u0259tin bu g\u00fcn t\u0259k \u00fcnvan\u0131d\u0131. M\u00fcbariz m\u0259qam kimi \u0259n uca, insan kimi \u0259n ulu bir m\u0259rt\u0259b\u0259nin sakinidi. M\u00fcbariz c\u0259nubda v\u0259 \u015fimalda, \u015f\u0259rqd\u0259 v\u0259 q\u0259rbd\u0259 \u0259zilm\u0259kd\u0259 olan bir xalq\u0131n o\u011fluydu. Az\u0259rbaycan\u0131n o\u011fluydu. Bu m\u0259ml\u0259k\u0259t M\u00fcbarizl\u0259r do\u011fmal\u0131d\u0131r. Bu mill\u0259t bunca t\u0259hqiramiz i\u015f\u011fallara, \u0259zab\" \/>\n\t<meta name=\"robots\" content=\"max-image-preview:large\" \/>\n\t<meta name=\"author\" content=\"www.Fedai.az\"\/>\n\t<link rel=\"canonical\" href=\"https:\/\/fedai.az\/?p=8154\" \/>\n\t<meta name=\"generator\" content=\"All in One SEO (AIOSEO) 5.0.0.1\" \/>\n\t\t<meta property=\"og:locale\" content=\"ru_RU\" \/>\n\t\t<meta property=\"og:site_name\" content=\"&quot;F\u0259dai&quot; q\u0259zeti\" \/>\n\t\t<meta property=\"og:type\" content=\"article\" \/>\n\t\t<meta property=\"og:title\" content=\"O yol bizim yolumuzdur | &quot;F\u0259dai&quot; q\u0259zeti\" \/>\n\t\t<meta property=\"og:description\" content=\"M\u00fcbariz Yer \u00fcz\u00fcn\u0259 enmi\u015f bir q\u0259hr\u0259man idi. M\u00fcbariz d\u00fcnyan\u0131n art\u0131q unutdu\u011fu \u0259sil r\u0259\u015fad\u0259t v\u0259 \u015f\u00fcca\u0259tin bu g\u00fcn t\u0259k \u00fcnvan\u0131d\u0131. M\u00fcbariz m\u0259qam kimi \u0259n uca, insan kimi \u0259n ulu bir m\u0259rt\u0259b\u0259nin sakinidi. M\u00fcbariz c\u0259nubda v\u0259 \u015fimalda, \u015f\u0259rqd\u0259 v\u0259 q\u0259rbd\u0259 \u0259zilm\u0259kd\u0259 olan bir xalq\u0131n o\u011fluydu. Az\u0259rbaycan\u0131n o\u011fluydu. Bu m\u0259ml\u0259k\u0259t M\u00fcbarizl\u0259r do\u011fmal\u0131d\u0131r. Bu mill\u0259t bunca t\u0259hqiramiz i\u015f\u011fallara, \u0259zab\" \/>\n\t\t<meta property=\"og:url\" content=\"https:\/\/fedai.az\/?p=8154\" \/>\n\t\t<meta property=\"fb:app_id\" content=\"696809432257740\" \/>\n\t\t<meta property=\"og:image\" content=\"https:\/\/fedai.az\/wp-content\/uploads\/2020\/06\/104655280_1018111878604035_8660144441737172388_n.png\" \/>\n\t\t<meta property=\"og:image:secure_url\" content=\"https:\/\/fedai.az\/wp-content\/uploads\/2020\/06\/104655280_1018111878604035_8660144441737172388_n.png\" \/>\n\t\t<meta property=\"og:image:width\" content=\"803\" \/>\n\t\t<meta property=\"og:image:height\" content=\"600\" \/>\n\t\t<meta property=\"article:published_time\" content=\"2020-06-18T22:25:36+00:00\" \/>\n\t\t<meta property=\"article:modified_time\" content=\"2020-06-19T17:35:50+00:00\" \/>\n\t\t<meta property=\"article:publisher\" content=\"https:\/\/facebook.com\/fedai.az\" \/>\n\t\t<meta name=\"twitter:card\" content=\"summary\" \/>\n\t\t<meta name=\"twitter:site\" content=\"@fedai.az\" \/>\n\t\t<meta name=\"twitter:title\" content=\"O yol bizim yolumuzdur | &quot;F\u0259dai&quot; q\u0259zeti\" \/>\n\t\t<meta name=\"twitter:description\" content=\"M\u00fcbariz Yer \u00fcz\u00fcn\u0259 enmi\u015f bir q\u0259hr\u0259man idi. M\u00fcbariz d\u00fcnyan\u0131n art\u0131q unutdu\u011fu \u0259sil r\u0259\u015fad\u0259t v\u0259 \u015f\u00fcca\u0259tin bu g\u00fcn t\u0259k \u00fcnvan\u0131d\u0131. M\u00fcbariz m\u0259qam kimi \u0259n uca, insan kimi \u0259n ulu bir m\u0259rt\u0259b\u0259nin sakinidi. M\u00fcbariz c\u0259nubda v\u0259 \u015fimalda, \u015f\u0259rqd\u0259 v\u0259 q\u0259rbd\u0259 \u0259zilm\u0259kd\u0259 olan bir xalq\u0131n o\u011fluydu. Az\u0259rbaycan\u0131n o\u011fluydu. Bu m\u0259ml\u0259k\u0259t M\u00fcbarizl\u0259r do\u011fmal\u0131d\u0131r. Bu mill\u0259t bunca t\u0259hqiramiz i\u015f\u011fallara, \u0259zab\" \/>\n\t\t<meta name=\"twitter:image\" content=\"https:\/\/fedai.az\/wp-content\/uploads\/2020\/06\/104655280_1018111878604035_8660144441737172388_n.png\" \/>\n\t\t<script type=\"application\/ld+json\" class=\"aioseo-schema\">\n\t\t\t{\"@context\":\"https:\\\/\\\/schema.org\",\"@graph\":[{\"@type\":\"Article\",\"@id\":\"https:\\\/\\\/fedai.az\\\/?p=8154#article\",\"name\":\"O yol bizim yolumuzdur | \\\"F\\u0259dai\\\" q\\u0259zeti\",\"headline\":\"O yol bizim yolumuzdur\",\"author\":{\"@id\":\"https:\\\/\\\/fedai.az\\\/?author=2#author\"},\"publisher\":{\"@id\":\"https:\\\/\\\/fedai.az\\\/#organization\"},\"image\":{\"@type\":\"ImageObject\",\"url\":\"https:\\\/\\\/fedai.az\\\/wp-content\\\/uploads\\\/2020\\\/06\\\/104655280_1018111878604035_8660144441737172388_n.png\",\"width\":803,\"height\":600},\"datePublished\":\"2020-06-19T02:25:36+04:00\",\"dateModified\":\"2020-06-19T21:35:50+04:00\",\"inLanguage\":\"ru-RU\",\"mainEntityOfPage\":{\"@id\":\"https:\\\/\\\/fedai.az\\\/?p=8154#webpage\"},\"isPartOf\":{\"@id\":\"https:\\\/\\\/fedai.az\\\/?p=8154#webpage\"},\"articleSection\":\"K\\u00f6\\u015f\\u0259\"},{\"@type\":\"BreadcrumbList\",\"@id\":\"https:\\\/\\\/fedai.az\\\/?p=8154#breadcrumblist\",\"itemListElement\":[{\"@type\":\"ListItem\",\"@id\":\"https:\\\/\\\/fedai.az#listItem\",\"position\":1,\"name\":\"Home\",\"item\":\"https:\\\/\\\/fedai.az\",\"nextItem\":{\"@type\":\"ListItem\",\"@id\":\"https:\\\/\\\/fedai.az\\\/?cat=14#listItem\",\"name\":\"K\\u00f6\\u015f\\u0259\"}},{\"@type\":\"ListItem\",\"@id\":\"https:\\\/\\\/fedai.az\\\/?cat=14#listItem\",\"position\":2,\"name\":\"K\\u00f6\\u015f\\u0259\",\"item\":\"https:\\\/\\\/fedai.az\\\/?cat=14\",\"nextItem\":{\"@type\":\"ListItem\",\"@id\":\"https:\\\/\\\/fedai.az\\\/?p=8154#listItem\",\"name\":\"O yol bizim yolumuzdur\"},\"previousItem\":{\"@type\":\"ListItem\",\"@id\":\"https:\\\/\\\/fedai.az#listItem\",\"name\":\"Home\"}},{\"@type\":\"ListItem\",\"@id\":\"https:\\\/\\\/fedai.az\\\/?p=8154#listItem\",\"position\":3,\"name\":\"O yol bizim yolumuzdur\",\"previousItem\":{\"@type\":\"ListItem\",\"@id\":\"https:\\\/\\\/fedai.az\\\/?cat=14#listItem\",\"name\":\"K\\u00f6\\u015f\\u0259\"}}]},{\"@type\":\"Organization\",\"@id\":\"https:\\\/\\\/fedai.az\\\/#organization\",\"name\":\"\\\"F\\u0259dai\\\" q\\u0259zeti\",\"description\":\"Az\\u0259rbaycan V\\u0259t\\u0259n M\\u00fcharib\\u0259si Veteranlar\\u0131 \\u0130ctimai Birliyi\",\"url\":\"https:\\\/\\\/fedai.az\\\/\",\"logo\":{\"@type\":\"ImageObject\",\"url\":\"https:\\\/\\\/fedai.az\\\/wp-content\\\/uploads\\\/2022\\\/09\\\/logo3.png\",\"@id\":\"https:\\\/\\\/fedai.az\\\/?p=8154\\\/#organizationLogo\",\"width\":500,\"height\":100},\"image\":{\"@id\":\"https:\\\/\\\/fedai.az\\\/?p=8154\\\/#organizationLogo\"},\"sameAs\":[\"https:\\\/\\\/instagram.com\\\/fedai.az\",\"https:\\\/\\\/pinterest.com\\\/fedai.az\",\"https:\\\/\\\/youtube.com\\\/fedai.az\",\"https:\\\/\\\/linkedin.com\\\/in\\\/fedai.az\"]},{\"@type\":\"Person\",\"@id\":\"https:\\\/\\\/fedai.az\\\/?author=2#author\",\"url\":\"https:\\\/\\\/fedai.az\\\/?author=2\",\"name\":\"www.Fedai.az\",\"image\":{\"@type\":\"ImageObject\",\"@id\":\"https:\\\/\\\/fedai.az\\\/?p=8154#authorImage\",\"url\":\"https:\\\/\\\/secure.gravatar.com\\\/avatar\\\/d861e138a4bd3ce6812a7aa95e796aa05e165f28ecde9a972c6789a09fcd1daa?s=96&d=mm&r=g\",\"width\":96,\"height\":96,\"caption\":\"www.Fedai.az\"}},{\"@type\":\"WebPage\",\"@id\":\"https:\\\/\\\/fedai.az\\\/?p=8154#webpage\",\"url\":\"https:\\\/\\\/fedai.az\\\/?p=8154\",\"name\":\"O yol bizim yolumuzdur | \\\"F\\u0259dai\\\" q\\u0259zeti\",\"description\":\"M\\u00fcbariz Yer \\u00fcz\\u00fcn\\u0259 enmi\\u015f bir q\\u0259hr\\u0259man idi. M\\u00fcbariz d\\u00fcnyan\\u0131n art\\u0131q unutdu\\u011fu \\u0259sil r\\u0259\\u015fad\\u0259t v\\u0259 \\u015f\\u00fcca\\u0259tin bu g\\u00fcn t\\u0259k \\u00fcnvan\\u0131d\\u0131. M\\u00fcbariz m\\u0259qam kimi \\u0259n uca, insan kimi \\u0259n ulu bir m\\u0259rt\\u0259b\\u0259nin sakinidi. M\\u00fcbariz c\\u0259nubda v\\u0259 \\u015fimalda, \\u015f\\u0259rqd\\u0259 v\\u0259 q\\u0259rbd\\u0259 \\u0259zilm\\u0259kd\\u0259 olan bir xalq\\u0131n o\\u011fluydu. Az\\u0259rbaycan\\u0131n o\\u011fluydu. Bu m\\u0259ml\\u0259k\\u0259t M\\u00fcbarizl\\u0259r do\\u011fmal\\u0131d\\u0131r. Bu mill\\u0259t bunca t\\u0259hqiramiz i\\u015f\\u011fallara, \\u0259zab\",\"inLanguage\":\"ru-RU\",\"isPartOf\":{\"@id\":\"https:\\\/\\\/fedai.az\\\/#website\"},\"breadcrumb\":{\"@id\":\"https:\\\/\\\/fedai.az\\\/?p=8154#breadcrumblist\"},\"author\":{\"@id\":\"https:\\\/\\\/fedai.az\\\/?author=2#author\"},\"creator\":{\"@id\":\"https:\\\/\\\/fedai.az\\\/?author=2#author\"},\"image\":{\"@type\":\"ImageObject\",\"url\":\"https:\\\/\\\/fedai.az\\\/wp-content\\\/uploads\\\/2020\\\/06\\\/104655280_1018111878604035_8660144441737172388_n.png\",\"@id\":\"https:\\\/\\\/fedai.az\\\/?p=8154\\\/#mainImage\",\"width\":803,\"height\":600},\"primaryImageOfPage\":{\"@id\":\"https:\\\/\\\/fedai.az\\\/?p=8154#mainImage\"},\"datePublished\":\"2020-06-19T02:25:36+04:00\",\"dateModified\":\"2020-06-19T21:35:50+04:00\"},{\"@type\":\"WebSite\",\"@id\":\"https:\\\/\\\/fedai.az\\\/#website\",\"url\":\"https:\\\/\\\/fedai.az\\\/\",\"name\":\"\\\"F\\u0259dai\\\" q\\u0259zeti\",\"description\":\"Az\\u0259rbaycan V\\u0259t\\u0259n M\\u00fcharib\\u0259si Veteranlar\\u0131 \\u0130ctimai Birliyi\",\"inLanguage\":\"ru-RU\",\"publisher\":{\"@id\":\"https:\\\/\\\/fedai.az\\\/#organization\"}}]}\n\t\t<\/script>\n\t\t<!-- All in One SEO -->\n\n","aioseo_head_json":{"title":"O yol bizim yolumuzdur | \"F\u0259dai\" q\u0259zeti","description":"M\u00fcbariz Yer \u00fcz\u00fcn\u0259 enmi\u015f bir q\u0259hr\u0259man idi. M\u00fcbariz d\u00fcnyan\u0131n art\u0131q unutdu\u011fu \u0259sil r\u0259\u015fad\u0259t v\u0259 \u015f\u00fcca\u0259tin bu g\u00fcn t\u0259k \u00fcnvan\u0131d\u0131. M\u00fcbariz m\u0259qam kimi \u0259n uca, insan kimi \u0259n ulu bir m\u0259rt\u0259b\u0259nin sakinidi. M\u00fcbariz c\u0259nubda v\u0259 \u015fimalda, \u015f\u0259rqd\u0259 v\u0259 q\u0259rbd\u0259 \u0259zilm\u0259kd\u0259 olan bir xalq\u0131n o\u011fluydu. Az\u0259rbaycan\u0131n o\u011fluydu. Bu m\u0259ml\u0259k\u0259t M\u00fcbarizl\u0259r do\u011fmal\u0131d\u0131r. Bu mill\u0259t bunca t\u0259hqiramiz i\u015f\u011fallara, \u0259zab","canonical_url":"https:\/\/fedai.az\/?p=8154","robots":"max-image-preview:large","keywords":"","webmasterTools":{"miscellaneous":""},"schema":{"@context":"https:\/\/schema.org","@graph":[{"@type":"Article","@id":"https:\/\/fedai.az\/?p=8154#article","name":"O yol bizim yolumuzdur | \"F\u0259dai\" q\u0259zeti","headline":"O yol bizim yolumuzdur","author":{"@id":"https:\/\/fedai.az\/?author=2#author"},"publisher":{"@id":"https:\/\/fedai.az\/#organization"},"image":{"@type":"ImageObject","url":"https:\/\/fedai.az\/wp-content\/uploads\/2020\/06\/104655280_1018111878604035_8660144441737172388_n.png","width":803,"height":600},"datePublished":"2020-06-19T02:25:36+04:00","dateModified":"2020-06-19T21:35:50+04:00","inLanguage":"ru-RU","mainEntityOfPage":{"@id":"https:\/\/fedai.az\/?p=8154#webpage"},"isPartOf":{"@id":"https:\/\/fedai.az\/?p=8154#webpage"},"articleSection":"K\u00f6\u015f\u0259"},{"@type":"BreadcrumbList","@id":"https:\/\/fedai.az\/?p=8154#breadcrumblist","itemListElement":[{"@type":"ListItem","@id":"https:\/\/fedai.az#listItem","position":1,"name":"Home","item":"https:\/\/fedai.az","nextItem":{"@type":"ListItem","@id":"https:\/\/fedai.az\/?cat=14#listItem","name":"K\u00f6\u015f\u0259"}},{"@type":"ListItem","@id":"https:\/\/fedai.az\/?cat=14#listItem","position":2,"name":"K\u00f6\u015f\u0259","item":"https:\/\/fedai.az\/?cat=14","nextItem":{"@type":"ListItem","@id":"https:\/\/fedai.az\/?p=8154#listItem","name":"O yol bizim yolumuzdur"},"previousItem":{"@type":"ListItem","@id":"https:\/\/fedai.az#listItem","name":"Home"}},{"@type":"ListItem","@id":"https:\/\/fedai.az\/?p=8154#listItem","position":3,"name":"O yol bizim yolumuzdur","previousItem":{"@type":"ListItem","@id":"https:\/\/fedai.az\/?cat=14#listItem","name":"K\u00f6\u015f\u0259"}}]},{"@type":"Organization","@id":"https:\/\/fedai.az\/#organization","name":"\"F\u0259dai\" q\u0259zeti","description":"Az\u0259rbaycan V\u0259t\u0259n M\u00fcharib\u0259si Veteranlar\u0131 \u0130ctimai Birliyi","url":"https:\/\/fedai.az\/","logo":{"@type":"ImageObject","url":"https:\/\/fedai.az\/wp-content\/uploads\/2022\/09\/logo3.png","@id":"https:\/\/fedai.az\/?p=8154\/#organizationLogo","width":500,"height":100},"image":{"@id":"https:\/\/fedai.az\/?p=8154\/#organizationLogo"},"sameAs":["https:\/\/instagram.com\/fedai.az","https:\/\/pinterest.com\/fedai.az","https:\/\/youtube.com\/fedai.az","https:\/\/linkedin.com\/in\/fedai.az"]},{"@type":"Person","@id":"https:\/\/fedai.az\/?author=2#author","url":"https:\/\/fedai.az\/?author=2","name":"www.Fedai.az","image":{"@type":"ImageObject","@id":"https:\/\/fedai.az\/?p=8154#authorImage","url":"https:\/\/secure.gravatar.com\/avatar\/d861e138a4bd3ce6812a7aa95e796aa05e165f28ecde9a972c6789a09fcd1daa?s=96&d=mm&r=g","width":96,"height":96,"caption":"www.Fedai.az"}},{"@type":"WebPage","@id":"https:\/\/fedai.az\/?p=8154#webpage","url":"https:\/\/fedai.az\/?p=8154","name":"O yol bizim yolumuzdur | \"F\u0259dai\" q\u0259zeti","description":"M\u00fcbariz Yer \u00fcz\u00fcn\u0259 enmi\u015f bir q\u0259hr\u0259man idi. M\u00fcbariz d\u00fcnyan\u0131n art\u0131q unutdu\u011fu \u0259sil r\u0259\u015fad\u0259t v\u0259 \u015f\u00fcca\u0259tin bu g\u00fcn t\u0259k \u00fcnvan\u0131d\u0131. M\u00fcbariz m\u0259qam kimi \u0259n uca, insan kimi \u0259n ulu bir m\u0259rt\u0259b\u0259nin sakinidi. M\u00fcbariz c\u0259nubda v\u0259 \u015fimalda, \u015f\u0259rqd\u0259 v\u0259 q\u0259rbd\u0259 \u0259zilm\u0259kd\u0259 olan bir xalq\u0131n o\u011fluydu. Az\u0259rbaycan\u0131n o\u011fluydu. Bu m\u0259ml\u0259k\u0259t M\u00fcbarizl\u0259r do\u011fmal\u0131d\u0131r. Bu mill\u0259t bunca t\u0259hqiramiz i\u015f\u011fallara, \u0259zab","inLanguage":"ru-RU","isPartOf":{"@id":"https:\/\/fedai.az\/#website"},"breadcrumb":{"@id":"https:\/\/fedai.az\/?p=8154#breadcrumblist"},"author":{"@id":"https:\/\/fedai.az\/?author=2#author"},"creator":{"@id":"https:\/\/fedai.az\/?author=2#author"},"image":{"@type":"ImageObject","url":"https:\/\/fedai.az\/wp-content\/uploads\/2020\/06\/104655280_1018111878604035_8660144441737172388_n.png","@id":"https:\/\/fedai.az\/?p=8154\/#mainImage","width":803,"height":600},"primaryImageOfPage":{"@id":"https:\/\/fedai.az\/?p=8154#mainImage"},"datePublished":"2020-06-19T02:25:36+04:00","dateModified":"2020-06-19T21:35:50+04:00"},{"@type":"WebSite","@id":"https:\/\/fedai.az\/#website","url":"https:\/\/fedai.az\/","name":"\"F\u0259dai\" q\u0259zeti","description":"Az\u0259rbaycan V\u0259t\u0259n M\u00fcharib\u0259si Veteranlar\u0131 \u0130ctimai Birliyi","inLanguage":"ru-RU","publisher":{"@id":"https:\/\/fedai.az\/#organization"}}]},"og:locale":"ru_RU","og:site_name":"&quot;F\u0259dai&quot; q\u0259zeti","og:type":"article","og:title":"O yol bizim yolumuzdur | &quot;F\u0259dai&quot; q\u0259zeti","og:description":"M\u00fcbariz Yer \u00fcz\u00fcn\u0259 enmi\u015f bir q\u0259hr\u0259man idi. M\u00fcbariz d\u00fcnyan\u0131n art\u0131q unutdu\u011fu \u0259sil r\u0259\u015fad\u0259t v\u0259 \u015f\u00fcca\u0259tin bu g\u00fcn t\u0259k \u00fcnvan\u0131d\u0131. M\u00fcbariz m\u0259qam kimi \u0259n uca, insan kimi \u0259n ulu bir m\u0259rt\u0259b\u0259nin sakinidi. M\u00fcbariz c\u0259nubda v\u0259 \u015fimalda, \u015f\u0259rqd\u0259 v\u0259 q\u0259rbd\u0259 \u0259zilm\u0259kd\u0259 olan bir xalq\u0131n o\u011fluydu. Az\u0259rbaycan\u0131n o\u011fluydu. Bu m\u0259ml\u0259k\u0259t M\u00fcbarizl\u0259r do\u011fmal\u0131d\u0131r. Bu mill\u0259t bunca t\u0259hqiramiz i\u015f\u011fallara, \u0259zab","og:url":"https:\/\/fedai.az\/?p=8154","fb:app_id":"696809432257740","og:image":"https:\/\/fedai.az\/wp-content\/uploads\/2020\/06\/104655280_1018111878604035_8660144441737172388_n.png","og:image:secure_url":"https:\/\/fedai.az\/wp-content\/uploads\/2020\/06\/104655280_1018111878604035_8660144441737172388_n.png","og:image:width":803,"og:image:height":600,"article:published_time":"2020-06-18T22:25:36+00:00","article:modified_time":"2020-06-19T17:35:50+00:00","article:publisher":"https:\/\/facebook.com\/fedai.az","twitter:card":"summary","twitter:site":"@fedai.az","twitter:title":"O yol bizim yolumuzdur | &quot;F\u0259dai&quot; q\u0259zeti","twitter:description":"M\u00fcbariz Yer \u00fcz\u00fcn\u0259 enmi\u015f bir q\u0259hr\u0259man idi. M\u00fcbariz d\u00fcnyan\u0131n art\u0131q unutdu\u011fu \u0259sil r\u0259\u015fad\u0259t v\u0259 \u015f\u00fcca\u0259tin bu g\u00fcn t\u0259k \u00fcnvan\u0131d\u0131. M\u00fcbariz m\u0259qam kimi \u0259n uca, insan kimi \u0259n ulu bir m\u0259rt\u0259b\u0259nin sakinidi. M\u00fcbariz c\u0259nubda v\u0259 \u015fimalda, \u015f\u0259rqd\u0259 v\u0259 q\u0259rbd\u0259 \u0259zilm\u0259kd\u0259 olan bir xalq\u0131n o\u011fluydu. Az\u0259rbaycan\u0131n o\u011fluydu. Bu m\u0259ml\u0259k\u0259t M\u00fcbarizl\u0259r do\u011fmal\u0131d\u0131r. Bu mill\u0259t bunca t\u0259hqiramiz i\u015f\u011fallara, \u0259zab","twitter:image":"https:\/\/fedai.az\/wp-content\/uploads\/2020\/06\/104655280_1018111878604035_8660144441737172388_n.png"},"aioseo_meta_data":{"post_id":"8154","title":null,"description":null,"keywords":null,"keyphrases":null,"primary_term":null,"canonical_url":null,"og_title":null,"og_description":null,"og_object_type":"default","og_image_type":"default","og_image_url":null,"og_image_width":null,"og_image_height":null,"og_image_custom_url":null,"og_image_custom_fields":null,"og_video":null,"og_custom_url":null,"og_article_section":null,"og_article_tags":null,"twitter_use_og":false,"twitter_card":"default","twitter_image_type":"default","twitter_image_url":null,"twitter_image_custom_url":null,"twitter_image_custom_fields":null,"twitter_title":null,"twitter_description":null,"schema":{"blockGraphs":[],"customGraphs":[],"default":{"data":{"Article":[],"Course":[],"Dataset":[],"FAQPage":[],"Movie":[],"Person":[],"Product":[],"ProductReview":[],"Car":[],"Recipe":[],"Service":[],"SoftwareApplication":[],"WebPage":[]},"graphName":"Article","isEnabled":true},"graphs":[]},"schema_type":null,"schema_type_options":null,"pillar_content":false,"robots_default":true,"robots_noindex":false,"robots_noarchive":false,"robots_nosnippet":false,"robots_nofollow":false,"robots_noimageindex":false,"robots_noodp":false,"robots_notranslate":false,"robots_max_snippet":null,"robots_max_videopreview":null,"robots_max_imagepreview":"large","priority":null,"frequency":null,"local_seo":null,"breadcrumb_settings":null,"limit_modified_date":false,"ai":null,"created":"2021-07-04 16:55:45","updated":"2025-06-07 14:25:13","seo_analyzer_scan_date":null,"focus_keyword":null,"additional_keywords":null,"truseo_locale":null},"aioseo_breadcrumb":"<div class=\"aioseo-breadcrumbs\"><span class=\"aioseo-breadcrumb\">\n\t\t\t<a href=\"https:\/\/fedai.az\" title=\"Home\">Home<\/a>\n\t\t<\/span><span class=\"aioseo-breadcrumb-separator\">\u00bb<\/span><span class=\"aioseo-breadcrumb\">\n\t\t\t<a href=\"https:\/\/fedai.az\/?cat=14\" title=\"K\u00f6\u015f\u0259\">K\u00f6\u015f\u0259<\/a>\n\t\t<\/span><span class=\"aioseo-breadcrumb-separator\">\u00bb<\/span><span class=\"aioseo-breadcrumb\">\n\t\t\tO yol bizim yolumuzdur\n\t\t<\/span><\/div>","aioseo_breadcrumb_json":[{"label":"Home","link":"https:\/\/fedai.az"},{"label":"K\u00f6\u015f\u0259","link":"https:\/\/fedai.az\/?cat=14"},{"label":"O yol bizim yolumuzdur","link":"https:\/\/fedai.az\/?p=8154"}],"_links":{"self":[{"href":"https:\/\/fedai.az\/index.php?rest_route=\/wp\/v2\/posts\/8154","targetHints":{"allow":["GET"]}}],"collection":[{"href":"https:\/\/fedai.az\/index.php?rest_route=\/wp\/v2\/posts"}],"about":[{"href":"https:\/\/fedai.az\/index.php?rest_route=\/wp\/v2\/types\/post"}],"author":[{"embeddable":true,"href":"https:\/\/fedai.az\/index.php?rest_route=\/wp\/v2\/users\/2"}],"replies":[{"embeddable":true,"href":"https:\/\/fedai.az\/index.php?rest_route=%2Fwp%2Fv2%2Fcomments&post=8154"}],"version-history":[{"count":2,"href":"https:\/\/fedai.az\/index.php?rest_route=\/wp\/v2\/posts\/8154\/revisions"}],"predecessor-version":[{"id":8189,"href":"https:\/\/fedai.az\/index.php?rest_route=\/wp\/v2\/posts\/8154\/revisions\/8189"}],"wp:featuredmedia":[{"embeddable":true,"href":"https:\/\/fedai.az\/index.php?rest_route=\/wp\/v2\/media\/8161"}],"wp:attachment":[{"href":"https:\/\/fedai.az\/index.php?rest_route=%2Fwp%2Fv2%2Fmedia&parent=8154"}],"wp:term":[{"taxonomy":"category","embeddable":true,"href":"https:\/\/fedai.az\/index.php?rest_route=%2Fwp%2Fv2%2Fcategories&post=8154"},{"taxonomy":"post_tag","embeddable":true,"href":"https:\/\/fedai.az\/index.php?rest_route=%2Fwp%2Fv2%2Ftags&post=8154"}],"curies":[{"name":"wp","href":"https:\/\/api.w.org\/{rel}","templated":true}]}}